{"id":26240,"date":"2024-10-24T15:51:15","date_gmt":"2024-10-24T12:51:15","guid":{"rendered":"https:\/\/akdenizhaber.com.tr\/?p=26240"},"modified":"2024-10-24T15:51:15","modified_gmt":"2024-10-24T12:51:15","slug":"dosiad-cumhuriyet-coskusunu-yasadi","status":"publish","type":"post","link":"https:\/\/akdenizhaber.com.tr\/index.php\/2024\/10\/24\/dosiad-cumhuriyet-coskusunu-yasadi\/","title":{"rendered":"D\u00d6S\u0130AD Cumhuriyet co\u015fkusunu ya\u015fad\u0131"},"content":{"rendered":"\n<p>D\u00d6S\u0130AD, 29 Ekim Cumhuriyet Bayram\u0131\u2019n\u0131 erken kutlad\u0131. Dernek binas\u0131nda d\u00fczenlenen kutlamada konu\u015fan D\u00d6S\u0130AD Ba\u015fkan\u0131 G\u00fcltekin Gencer, \u201cGazi Mustafa Kemal Atat\u00fcrk&#8217;\u00fcn \u00f6nderli\u011finde yaz\u0131lan kurtulu\u015f destan\u0131n\u0131n gururunu, heyecan\u0131n\u0131 ve bu destan\u0131n var\u0131\u015f noktas\u0131 olan Cumhuriyetimizin ilan\u0131n\u0131n 101. Y\u0131ld\u00f6n\u00fcm\u00fc kutlu olsun\u201d dedi<\/p>\n\n\n\n<p>D\u00f6\u015femealt\u0131 Sanayici ve \u0130\u015f \u0130nsanlar\u0131 Derne\u011fi (D\u00d6S\u0130AD), Cumhuriyet\u2019in kurulu\u015funun 101. y\u0131l\u0131n\u0131 dernek binas\u0131nda d\u00fczenlenen etkinlikle kutlad\u0131. &nbsp;Etkinli\u011fe D\u00f6\u015femealt\u0131 \u0130l\u00e7e Jandarma Komutan\u0131 Bahad\u0131r Aslan, D\u00f6\u015femealt\u0131 \u0130l\u00e7e Emniyet M\u00fcd\u00fcr\u00fc \u00d6mer Zafer Karaaslan, D\u00f6\u015femealt\u0131 Cezaevi Tabur Komutan\u0131 Hakan \u00dcz\u00fcnc\u00fc, D\u00f6\u015femealt\u0131 \u0130l\u00e7e Sa\u011fl\u0131k M\u00fcd\u00fcr\u00fc Ahu Sar\u0131, D\u00f6\u015femealt\u0131 \u0130l\u00e7e Tar\u0131m M\u00fcd\u00fcr\u00fc Erkan \u00c7akar kat\u0131ld\u0131 ve dernek \u00fcyeleri kat\u0131ld\u0131.<\/p>\n\n\n\n<p>TEK A\u011eIZDAN 10.YIL MAR\u015eINI S\u00d6YLED\u0130LER<\/p>\n\n\n\n<p>Atat\u00fcrk\u2019\u00fcn sevdi\u011fi \u015fark\u0131lar ve yine Atat\u00fcrk\u2019\u00fcn sevdi\u011fi beyaz leblebinin ikram edildi\u011fi gecede D\u00d6S\u0130AD Ba\u015fkan\u0131 G\u00fcltekin Gencer davetlilere seslendi. Gencer, \u201cGazi Mustafa Kemal Atat\u00fcrk&#8217;\u00fcn \u00f6nderli\u011finde yaz\u0131lan kurtulu\u015f destan\u0131n\u0131n gururunu, heyecan\u0131n\u0131 ve bu destan\u0131n var\u0131\u015f noktas\u0131 olan Cumhuriyetimizin ilan\u0131n\u0131n 101. Y\u0131ld\u00f6n\u00fcm\u00fc kutlu olsun\u201d dedi. Gecenin sonunda t\u00fcm davetliler hep bir a\u011f\u0131zdan T\u00fcrk bayraklar\u0131 e\u015fli\u011finde 10. Y\u0131l Mar\u015f\u0131\u2019n\u0131 s\u00f6yledi.<\/p>\n\n\n\n<p>D\u00f6\u015femealt\u0131 Sanayici ve \u0130\u015f \u0130nsanlar\u0131 Derne\u011fi \/ B\u00fclten<\/p>\n","protected":false},"excerpt":{"rendered":"<p>D\u00d6S\u0130AD, 29 Ekim Cumhuriyet Bayram\u0131\u2019n\u0131 erken kutlad\u0131. Dernek binas\u0131nda d\u00fczenlenen kutlamada konu\u015fan D\u00d6S\u0130AD Ba\u015fkan\u0131 G\u00fcltekin Gencer, \u201cGazi Mustafa Kemal Atat\u00fcrk&#8217;\u00fcn \u00f6nderli\u011finde yaz\u0131lan kurtulu\u015f destan\u0131n\u0131n gururunu, <a href=\"https:\/\/akdenizhaber.com.tr\/index.php\/2024\/10\/24\/dosiad-cumhuriyet-coskusunu-yasadi\/\" class=\"read-more-link\">[more&#8230;]<\/a><\/p>\n","protected":false},"author":2,"featured_media":26241,"comment_status":"open","ping_status":"open","sticky":false,"template":"","format":"standard","meta":{"footnotes":""},"categories":[2],"tags":[],"class_list":["post-26240","post","type-post","status-publish","format-standard","has-post-thumbnail","hentry","category-gundem"],"_links":{"self":[{"href":"https:\/\/akdenizhaber.com.tr\/index.php\/wp-json\/wp\/v2\/posts\/26240","targetHints":{"allow":["GET"]}}],"collection":[{"href":"https:\/\/akdenizhaber.com.tr\/index.php\/wp-json\/wp\/v2\/posts"}],"about":[{"href":"https:\/\/akdenizhaber.com.tr\/index.php\/wp-json\/wp\/v2\/types\/post"}],"author":[{"embeddable":true,"href":"https:\/\/akdenizhaber.com.tr\/index.php\/wp-json\/wp\/v2\/users\/2"}],"replies":[{"embeddable":true,"href":"https:\/\/akdenizhaber.com.tr\/index.php\/wp-json\/wp\/v2\/comments?post=26240"}],"version-history":[{"count":1,"href":"https:\/\/akdenizhaber.com.tr\/index.php\/wp-json\/wp\/v2\/posts\/26240\/revisions"}],"predecessor-version":[{"id":26242,"href":"https:\/\/akdenizhaber.com.tr\/index.php\/wp-json\/wp\/v2\/posts\/26240\/revisions\/26242"}],"wp:featuredmedia":[{"embeddable":true,"href":"https:\/\/akdenizhaber.com.tr\/index.php\/wp-json\/wp\/v2\/media\/26241"}],"wp:attachment":[{"href":"https:\/\/akdenizhaber.com.tr\/index.php\/wp-json\/wp\/v2\/media?parent=26240"}],"wp:term":[{"taxonomy":"category","embeddable":true,"href":"https:\/\/akdenizhaber.com.tr\/index.php\/wp-json\/wp\/v2\/categories?post=26240"},{"taxonomy":"post_tag","embeddable":true,"href":"https:\/\/akdenizhaber.com.tr\/index.php\/wp-json\/wp\/v2\/tags?post=26240"}],"curies":[{"name":"wp","href":"https:\/\/api.w.org\/{rel}","templated":true}]}}