{"id":26234,"date":"2024-10-24T15:49:52","date_gmt":"2024-10-24T12:49:52","guid":{"rendered":"https:\/\/akdenizhaber.com.tr\/?p=26234"},"modified":"2024-10-24T15:49:52","modified_gmt":"2024-10-24T12:49:52","slug":"kardes-sehir-nurnberg-ile-sehrini-tasarla-projesi-basladi","status":"publish","type":"post","link":"https:\/\/akdenizhaber.com.tr\/index.php\/2024\/10\/24\/kardes-sehir-nurnberg-ile-sehrini-tasarla-projesi-basladi\/","title":{"rendered":"Karde\u015f \u015eehir N\u00fcrnberg ile \u201c\u015eehrini Tasarla\u201d Projesi Ba\u015flad\u0131"},"content":{"rendered":"\n<p>Antalya B\u00fcy\u00fck\u015fehir Belediyesi ve karde\u015f \u015fehir N\u00fcrnberg Belediyesi i\u015f birli\u011fiyle y\u00fcr\u00fct\u00fclen \u201c\u015eehrini Tasarla\u201d isimli gen\u00e7lik de\u011fi\u015fimi projesi ba\u015flad\u0131. T\u00fcrk-Alman Gen\u00e7lik K\u00f6pr\u00fcs\u00fc Program\u0131 kapsam\u0131nda finanse edilen projenin Almanya aya\u011f\u0131 ba\u015far\u0131yla tamamland\u0131.<\/p>\n\n\n\n<p>Antalya B\u00fcy\u00fck\u015fehir Belediyesi Gen\u00e7lik ve Spor Hizmetleri Dairesi ve D\u0131\u015f \u0130li\u015fkiler Dairesi Ba\u015fkanl\u0131klar\u0131yla birlikte ve karde\u015f \u015fehir N\u00fcrnberg Belediyesi i\u015f birli\u011fiyle y\u00fcr\u00fct\u00fclen \u201c\u015eehrini Tasarla\u201d isimli gen\u00e7lik de\u011fi\u015fimi projesi ba\u015flad\u0131. T\u00fcrk-Alman Gen\u00e7lik K\u00f6pr\u00fcs\u00fc Program\u0131 kapsam\u0131nda finanse edilen projenin Almanya aya\u011f\u0131 ba\u015far\u0131yla tamamland\u0131. Almanya\u2019n\u0131n N\u00fcrnberg kentinde ger\u00e7ekle\u015ftirilen projenin ilk de\u011fi\u015fimi, sosyal giri\u015fimcilik temas\u0131yla 15-18 ya\u015f aras\u0131ndaki sekizi T\u00fcrk olmak \u00fczere toplamda 16 gencin kat\u0131l\u0131m\u0131yla ger\u00e7ekle\u015fti.<\/p>\n\n\n\n<p>YEN\u0130L\u0130K\u00c7\u0130 F\u0130K\u0130RLER<\/p>\n\n\n\n<p>Kat\u0131l\u0131mc\u0131 gen\u00e7ler sosyal giri\u015fimcilik \u00fczerine e\u011fitimler ald\u0131 ve \u015fehirde g\u00f6zlemledikleri sorunlara yarat\u0131c\u0131 \u00e7\u00f6z\u00fcmler geli\u015ftirmek i\u00e7in \u00e7al\u0131\u015ft\u0131. Gen\u00e7ler, belirledikleri sorunlar\u0131 ele alarak bu konularda yenilik\u00e7i fikirler \u00fcretme f\u0131rsat\u0131 buldu ve proje kapsam\u0131nda geli\u015ftirdikleri proje fikirlerini N\u00fcrnberg Belediyesi yetkililerine ve yerel politikac\u0131lara sundu. Gen\u00e7ler T\u00fcrkiye Cumhuriyeti N\u00fcrnberg Ba\u015fkonsolosu Fatma Ta\u015fan Cebeci\u2019yi makam\u0131nda ziyaret ederek hem proje ile ilgili bilgi verdi hem de kariyer s\u00fcre\u00e7leriyle sohbet etme imkan\u0131 buldu.<\/p>\n\n\n\n<p>SOSYAL G\u0130R\u0130\u015e\u0130MC\u0130L\u0130K VE K\u00dcLT\u00dcREL ETK\u0130LE\u015e\u0130M FIRSATI<\/p>\n\n\n\n<p>Projeye kat\u0131lmak i\u00e7in ba\u015fvuru yapan ve yap\u0131lan g\u00f6r\u00fc\u015fmelerle dil bilgisi ve motivasyonlar\u0131na g\u00f6re se\u00e7ilen gen\u00e7ler, N\u00fcrnberg\u2019deki e\u011fitim program\u0131nda sosyal giri\u015fimcilik \u00fczerine derinlemesine bilgi edinerek, kentlerindeki sorunlar\u0131 \u00e7\u00f6zme konusunda fark\u0131ndal\u0131k kazand\u0131. Program, gen\u00e7lerin k\u00fclt\u00fcrel etkile\u015fimini destekleyerek Antalya ve N\u00fcrnberg aras\u0131nda dostluk k\u00f6pr\u00fcleri kurulmas\u0131na da zemin haz\u0131rlad\u0131. Proje sayesinde gen\u00e7ler, sosyal kat\u0131l\u0131mlar\u0131n\u0131 art\u0131rarak \u015fehir y\u00f6netiminde daha aktif bir rol \u00fcstlenme f\u0131rsat\u0131 buldu. Bu deneyim, yerel y\u00f6netim stratejilerinin geli\u015ftirilmesine de \u00f6nemli katk\u0131 sundu. Projeden d\u00f6nen gen\u00e7ler ayn\u0131 zamanda Almanya Federal Cumhuriyeti Antalya Konsolosu Martin Tscherner\u2019i de makam\u0131nda ziyaret ederek, N\u00fcrnberg\u2019te edindikleri deneyimleri payla\u015ft\u0131.<\/p>\n\n\n\n<p>PROJEN\u0130N \u0130K\u0130NC\u0130 A\u015eAMASI ANTALYA\u2019DA<\/p>\n\n\n\n<p>Projenin devam\u0131 olarak, gen\u00e7ler 1-9 Mart 2025 tarihleri aras\u0131nda Antalya\u2019da, Antalya B\u00fcy\u00fck\u015fehir Belediyesi Gen\u00e7lik Kamp\u0131 ve E\u011fitim Merkezi\u2019nde yeniden bir araya gelecek. Bu a\u015famada, N\u00fcrnberg\u2019de geli\u015ftirdikleri projelerin Antalya\u2019da uygulanabilirli\u011fini tart\u0131\u015facak ve yerel sorunlara y\u00f6nelik \u00e7\u00f6z\u00fcmler \u00fczerinde \u00e7al\u0131\u015fmaya devam edecek.<\/p>\n\n\n\n<p>Antalya B\u00fcy\u00fck\u015fehir Belediyesi \/ B\u00fclten<\/p>\n","protected":false},"excerpt":{"rendered":"<p>Antalya B\u00fcy\u00fck\u015fehir Belediyesi ve karde\u015f \u015fehir N\u00fcrnberg Belediyesi i\u015f birli\u011fiyle y\u00fcr\u00fct\u00fclen \u201c\u015eehrini Tasarla\u201d isimli gen\u00e7lik de\u011fi\u015fimi projesi ba\u015flad\u0131. T\u00fcrk-Alman Gen\u00e7lik K\u00f6pr\u00fcs\u00fc Program\u0131 kapsam\u0131nda finanse edilen <a href=\"https:\/\/akdenizhaber.com.tr\/index.php\/2024\/10\/24\/kardes-sehir-nurnberg-ile-sehrini-tasarla-projesi-basladi\/\" class=\"read-more-link\">[more&#8230;]<\/a><\/p>\n","protected":false},"author":2,"featured_media":26235,"comment_status":"open","ping_status":"open","sticky":false,"template":"","format":"standard","meta":{"footnotes":""},"categories":[2],"tags":[],"class_list":["post-26234","post","type-post","status-publish","format-standard","has-post-thumbnail","hentry","category-gundem"],"_links":{"self":[{"href":"https:\/\/akdenizhaber.com.tr\/index.php\/wp-json\/wp\/v2\/posts\/26234","targetHints":{"allow":["GET"]}}],"collection":[{"href":"https:\/\/akdenizhaber.com.tr\/index.php\/wp-json\/wp\/v2\/posts"}],"about":[{"href":"https:\/\/akdenizhaber.com.tr\/index.php\/wp-json\/wp\/v2\/types\/post"}],"author":[{"embeddable":true,"href":"https:\/\/akdenizhaber.com.tr\/index.php\/wp-json\/wp\/v2\/users\/2"}],"replies":[{"embeddable":true,"href":"https:\/\/akdenizhaber.com.tr\/index.php\/wp-json\/wp\/v2\/comments?post=26234"}],"version-history":[{"count":1,"href":"https:\/\/akdenizhaber.com.tr\/index.php\/wp-json\/wp\/v2\/posts\/26234\/revisions"}],"predecessor-version":[{"id":26236,"href":"https:\/\/akdenizhaber.com.tr\/index.php\/wp-json\/wp\/v2\/posts\/26234\/revisions\/26236"}],"wp:featuredmedia":[{"embeddable":true,"href":"https:\/\/akdenizhaber.com.tr\/index.php\/wp-json\/wp\/v2\/media\/26235"}],"wp:attachment":[{"href":"https:\/\/akdenizhaber.com.tr\/index.php\/wp-json\/wp\/v2\/media?parent=26234"}],"wp:term":[{"taxonomy":"category","embeddable":true,"href":"https:\/\/akdenizhaber.com.tr\/index.php\/wp-json\/wp\/v2\/categories?post=26234"},{"taxonomy":"post_tag","embeddable":true,"href":"https:\/\/akdenizhaber.com.tr\/index.php\/wp-json\/wp\/v2\/tags?post=26234"}],"curies":[{"name":"wp","href":"https:\/\/api.w.org\/{rel}","templated":true}]}}