{"id":26196,"date":"2024-10-21T16:53:40","date_gmt":"2024-10-21T13:53:40","guid":{"rendered":"https:\/\/akdenizhaber.com.tr\/?p=26196"},"modified":"2024-10-21T16:53:40","modified_gmt":"2024-10-21T13:53:40","slug":"dr-niyazi-nefi-kara-genclerle-bir-araya-geldi","status":"publish","type":"post","link":"https:\/\/akdenizhaber.com.tr\/index.php\/2024\/10\/21\/dr-niyazi-nefi-kara-genclerle-bir-araya-geldi\/","title":{"rendered":"Dr. Niyazi Nefi Kara Gen\u00e7lerle Bir Araya Geldi"},"content":{"rendered":"\n<p>Manavgat Belediye Ba\u015fkan\u0131 Dr. Niyazi Nefi Kara, \u00c7a\u011fda\u015f Ya\u015fam\u0131 Destekleme Derne\u011fi (\u00c7YDD) Antalya \u015eubesi taraf\u0131ndan d\u00fczenlenen 1. Keklik Ku\u015f Grubu Gen\u00e7lik Yaz Kamp\u0131&#8217;nda gen\u00e7lerle bulu\u015ftu.<\/p>\n\n\n\n<p>Bo\u011faz Otel ve Kamp Alan\u0131\u2019nda ger\u00e7ekle\u015fen etkinlikte, Ba\u015fkan Kara bir saat s\u00fcren samimi bir s\u00f6yle\u015fi yapt\u0131. Kampa, \u00c7YDD\u2019nin Antalya, Manavgat, Burdur, Aksaray, Konya, Alanya ve Karaman \u015fubelerinden toplam 68 burslu \u00f6\u011frenci kat\u0131ld\u0131.<\/p>\n\n\n\n<p>Ba\u015fkan Kara, bu s\u00fcre zarf\u0131nda gen\u00e7lerin d\u00fc\u015f\u00fcncelerini dinleyerek onlar\u0131n hayalleri, hedefleri ve sosyal sorunlara dair bak\u0131\u015f a\u00e7\u0131lar\u0131 hakk\u0131nda bilgi ald\u0131. Kara, gen\u00e7lerin kendilerini ifade etme f\u0131rsat\u0131 bulmalar\u0131n\u0131n \u00f6nemine vurgu yaparak, onlar\u0131n fikirlerini desteklemenin ve geli\u015ftirmelerinin belediye olarak \u00f6nceliklerinden biri oldu\u011funu belirtti.<\/p>\n\n\n\n<p>\u201cHer Zaman Destek Oluyoruz\u201d<\/p>\n\n\n\n<p>Ba\u015fkan Kara, kendisine sorulan \u00c7YDD sizin g\u00f6z\u00fcn\u00fczde nedir sorusuna \u015fu \u015fekilde cevap verdi: \u201c\u00c7a\u011fda\u015f Ya\u015fam\u0131 Destekleme Derne\u011fi bizim i\u00e7in \u00f6nemli bir kurulu\u015f. Atat\u00fcrk\u2019\u00fcn istedi\u011fi; \u00e7a\u011fda\u015f, gelece\u011fi g\u00f6ren, bizim gelece\u011fimizi kuran gen\u00e7li\u011fin yeti\u015fmesi i\u00e7in \u00f6nemli bir kurulu\u015f. Atat\u00fcrk\u2019\u00fcn gen\u00e7li\u011fini yeti\u015ftirmek, devam\u0131n\u0131 sa\u011flamak laz\u0131m. Her zaman destek olmaya \u00e7al\u0131\u015f\u0131yoruz. Sizleri burada g\u00f6rmekten \u00e7ok mutluyum. Bu \u00fclkenin de\u011ferlerine inanan, Cumhuriyet\u2019in de\u011ferlerine inanan, Atat\u00fcrk\u2019\u00fcn \u00e7izdi\u011fi yolda y\u00fcr\u00fcyen bir gen\u00e7lik. \u00c7a\u011fda\u015f, laik, Atat\u00fcrk\u00e7\u00fc, e\u015fitlik\u00e7i, adaletli bir Cumhuriyet y\u00f6netimi alt\u0131nda; bilimin \u0131\u015f\u0131\u011f\u0131nda demokratik bir T\u00fcrkiye m\u00fccadelesinde sizlerin m\u00fccadelesine inan\u0131yorum.\u201d dedi.<\/p>\n\n\n\n<p>Gen\u00e7lere Engelleri A\u015fma Konusunda Tavsiyeler Verdi<\/p>\n\n\n\n<p>Ba\u015fkan Kara, gen\u00e7lere engelleri a\u015fma konusunda tavsiyelerde bulundu. Kara, \u201cBen de bir k\u00f6y ilkokulunda hayat\u0131ma ba\u015flad\u0131m. O m\u00fccadelenin sonunda buraya kadar geldik. Cumhuriyet tarihinin ilk beyin cerrah\u0131 milletvekiliyim. Memurluktan \u00f6n se\u00e7ime girip rahmetli Deniz Baykal gibi birisini ge\u00e7tim. Bir\u00e7ok ilkleri inan\u00e7la y\u00fcr\u00fcyerek ger\u00e7ekle\u015ftiriyoruz. Her \u015feyden \u00f6nce yoksulluk bir engel. E\u011fitim \u00e7ok pahal\u0131 \u015fu anda. Kamu yat\u0131r\u0131m\u0131 olarak e\u011fitime \u00e7ok ciddi yat\u0131r\u0131m yap\u0131lm\u0131yor. \u00c7ok fazla \u00fcniversite yapmak bir i\u015fe yaram\u0131yor. Mesleki olarak yeti\u015fmi\u015f, donan\u0131ml\u0131 insanlar yeti\u015ftirmemiz gerekiyor. Bunu yapmayarak gen\u00e7leri ellerinde oyuncak gibi kullanmaya \u00e7al\u0131\u015f\u0131yorlar. \u00c7\u00fcnk\u00fc \u00f6nce ekmek, karn\u0131 doymayan bir insan ba\u015fka i\u015flerle u\u011fra\u015famaz. D\u00fc\u015f\u00fcnemeyen bir gen\u00e7lik yeti\u015ftirmek istiyorlar. Sizin ku\u015fa\u011f\u0131n\u0131zdan ise \u00e7ok memnunum. Yapt\u0131\u011f\u0131n\u0131z i\u015fi severek yapars\u0131n\u0131z y\u00fczde y\u00fcz ba\u015far\u0131l\u0131 olursunuz. Hi\u00e7bir g\u00fc\u00e7 sizi engelleyemez.\u201d ifadelerini kulland\u0131.<\/p>\n\n\n\n<p>\u201cBeyin Cerrahisinde En \u0130yisiyiz\u201d<\/p>\n\n\n\n<p>Beyin cerrahisi hakk\u0131nda gelen soru \u00fczerine konu\u015fan Kara, \u201cD\u00fcnyan\u0131n en iyi beyin cerrahlar\u0131 T\u00fcrkiye\u2019de. Bunu \u00f6v\u00fcnerek s\u00f6yleyebilirim. Robotik cerrahiyle kafa taban\u0131nda beyin t\u00fcm\u00f6r\u00fc tedavisi ilk defa \u0130bn-i Sina Hastanesi\u2019nde bizim arkada\u015flar\u0131m\u0131z taraf\u0131ndan yap\u0131ld\u0131. Beyin, omurilik, sinir cerrahisi teknolojiye birebir ba\u011f\u0131ml\u0131 bir b\u00f6l\u00fcmd\u00fcr. Gazi hocam\u0131z, Necmettin hocam\u0131z buralardan gelme. D\u00fcnyan\u0131n \u00f6b\u00fcr ucunda yapanlar da bizden. Benim ortalama ihtisas arkada\u015flar\u0131m\u0131z \u015fu an Amerika\u2019da, Avrupa\u2019da \u00fcnl\u00fc beyin cerrahlar\u0131.\u201d \u015feklinde konu\u015ftu.<\/p>\n\n\n\n<p>\u201cSiyasi Bir Duru\u015funuz Olmal\u0131\u201d<\/p>\n\n\n\n<p>Gen\u00e7lerin bir politik duru\u015funun olmas\u0131 gerekti\u011fini s\u00f6yleyen Kara, \u201cSiyasi bir duru\u015funuz olmal\u0131. Bir ilkeniz olmal\u0131. Sizler Anadolu\u2019nun ba\u011fr\u0131ndan yeti\u015fmi\u015f, iyi e\u011fitimli, iyi donan\u0131ml\u0131, \u00e7ok okumu\u015f gen\u00e7ler olarak siyaset yapmazsan\u0131z be\u011fenmedikleriniz \u00e7\u0131kar sizi y\u00f6netmeye kalkar. B\u00fct\u00fcn ac\u0131s\u0131n\u0131 beraber \u00e7ekeriz.\u201d diye konu\u015ftu.<\/p>\n\n\n\n<p>S\u00f6yle\u015fi s\u0131ras\u0131nda, gen\u00e7ler kendi ya\u015fam deneyimlerini ve kar\u015f\u0131la\u015ft\u0131klar\u0131 zorluklar\u0131 payla\u015fma f\u0131rsat\u0131 buldu. E\u011fitim, kariyer hedefleri ve toplumsal sorunlar hakk\u0131nda farkl\u0131 perspektifler sunarak, Ba\u015fkan Kara ile a\u00e7\u0131k bir diyalog kurdular.<\/p>\n\n\n\n<p>Etkinli\u011fin sonunda, \u00c7YDD Antalya \u015eube Ba\u015fkan\u0131 Can Eldeniz, Ba\u015fkan Kara\u2019ya bu anlaml\u0131 bulu\u015fmaya kat\u0131ld\u0131\u011f\u0131 ve gen\u00e7lere sa\u011flad\u0131\u011f\u0131 katk\u0131lar i\u00e7in te\u015fekk\u00fcr ederek bir plaket takdim etti.<\/p>\n\n\n\n<p>Manavgat Belediyesi \/ B\u00fclten<\/p>\n","protected":false},"excerpt":{"rendered":"<p>Manavgat Belediye Ba\u015fkan\u0131 Dr. Niyazi Nefi Kara, \u00c7a\u011fda\u015f Ya\u015fam\u0131 Destekleme Derne\u011fi (\u00c7YDD) Antalya \u015eubesi taraf\u0131ndan d\u00fczenlenen 1. Keklik Ku\u015f Grubu Gen\u00e7lik Yaz Kamp\u0131&#8217;nda gen\u00e7lerle bulu\u015ftu. <a href=\"https:\/\/akdenizhaber.com.tr\/index.php\/2024\/10\/21\/dr-niyazi-nefi-kara-genclerle-bir-araya-geldi\/\" class=\"read-more-link\">[more&#8230;]<\/a><\/p>\n","protected":false},"author":2,"featured_media":26197,"comment_status":"open","ping_status":"open","sticky":false,"template":"","format":"standard","meta":{"footnotes":""},"categories":[2],"tags":[],"class_list":["post-26196","post","type-post","status-publish","format-standard","has-post-thumbnail","hentry","category-gundem"],"_links":{"self":[{"href":"https:\/\/akdenizhaber.com.tr\/index.php\/wp-json\/wp\/v2\/posts\/26196","targetHints":{"allow":["GET"]}}],"collection":[{"href":"https:\/\/akdenizhaber.com.tr\/index.php\/wp-json\/wp\/v2\/posts"}],"about":[{"href":"https:\/\/akdenizhaber.com.tr\/index.php\/wp-json\/wp\/v2\/types\/post"}],"author":[{"embeddable":true,"href":"https:\/\/akdenizhaber.com.tr\/index.php\/wp-json\/wp\/v2\/users\/2"}],"replies":[{"embeddable":true,"href":"https:\/\/akdenizhaber.com.tr\/index.php\/wp-json\/wp\/v2\/comments?post=26196"}],"version-history":[{"count":1,"href":"https:\/\/akdenizhaber.com.tr\/index.php\/wp-json\/wp\/v2\/posts\/26196\/revisions"}],"predecessor-version":[{"id":26198,"href":"https:\/\/akdenizhaber.com.tr\/index.php\/wp-json\/wp\/v2\/posts\/26196\/revisions\/26198"}],"wp:featuredmedia":[{"embeddable":true,"href":"https:\/\/akdenizhaber.com.tr\/index.php\/wp-json\/wp\/v2\/media\/26197"}],"wp:attachment":[{"href":"https:\/\/akdenizhaber.com.tr\/index.php\/wp-json\/wp\/v2\/media?parent=26196"}],"wp:term":[{"taxonomy":"category","embeddable":true,"href":"https:\/\/akdenizhaber.com.tr\/index.php\/wp-json\/wp\/v2\/categories?post=26196"},{"taxonomy":"post_tag","embeddable":true,"href":"https:\/\/akdenizhaber.com.tr\/index.php\/wp-json\/wp\/v2\/tags?post=26196"}],"curies":[{"name":"wp","href":"https:\/\/api.w.org\/{rel}","templated":true}]}}