{"id":26193,"date":"2024-10-21T16:53:10","date_gmt":"2024-10-21T13:53:10","guid":{"rendered":"https:\/\/akdenizhaber.com.tr\/?p=26193"},"modified":"2024-10-21T16:53:11","modified_gmt":"2024-10-21T13:53:11","slug":"manavgat-belediyesinden-orman-yanginina-aninda-mudahale","status":"publish","type":"post","link":"https:\/\/akdenizhaber.com.tr\/index.php\/2024\/10\/21\/manavgat-belediyesinden-orman-yanginina-aninda-mudahale\/","title":{"rendered":"Manavgat Belediyesi\u2019nden Orman Yang\u0131n\u0131na An\u0131nda M\u00fcdahale"},"content":{"rendered":"\n<p>Manavgat Belediyesi\u2019ne ba\u011fl\u0131 Park ve Bah\u00e7eler M\u00fcd\u00fcrl\u00fc\u011f\u00fc ile Fen \u0130\u015fleri M\u00fcd\u00fcrl\u00fc\u011f\u00fc, Temizlik \u0130\u015fleri M\u00fcd\u00fcrl\u00fc\u011f\u00fc ve Zab\u0131ta M\u00fcd\u00fcrl\u00fc\u011f\u00fc ekipleri, Manavgat\u2019\u0131n Sorgun Mahallesi\u2019nde meydana gelen orman yang\u0131n\u0131na an\u0131nda m\u00fcdahale ederek kent merkezine \u00e7ok yak\u0131n bir noktada bulunan yang\u0131n\u0131n b\u00fcy\u00fcmesine engel oldu.<\/p>\n\n\n\n<p>Yang\u0131n haberini al\u0131r almaz olay yerine gelen Manavgat Kaymakam\u0131 Adil Karata\u015f, belediye ba\u015fkan yard\u0131mc\u0131lar\u0131, birim m\u00fcd\u00fcrleri, meclis \u00fcyeleri, itfaiye ekipleri, jandarma ekipleri ve g\u00f6n\u00fcll\u00fc vatanda\u015flar adeta teyakkuza ge\u00e7erek Sorgun orman\u0131n\u0131n yok olmas\u0131na izin vermedi.<\/p>\n\n\n\n<p>Vatanda\u015flar, Manavgat Belediyesi\u2019nin su tankerlerinin ormana vaktinde geldi\u011fini ve yang\u0131na an\u0131nda m\u00fcdahale edildi\u011fini belirterek yang\u0131n\u0131n k\u0131sa s\u00fcrede kontrol al\u0131nmas\u0131nda belediye ekiplerinin b\u00fcy\u00fck pay\u0131 oldu\u011funu s\u00f6yledi.<\/p>\n\n\n\n<p>Manavgat Belediyesi Ba\u015fkan Yard\u0131mc\u0131s\u0131 Mustafa \u00d6zt\u00fcrk, Sorgun ormanlar\u0131n\u0131 ve do\u011fay\u0131 sonuna kadar koruyacaklar\u0131n\u0131 s\u00f6yleyerek t\u00fcm belediye ekiplerinin canla ba\u015fla yang\u0131n so\u011futma \u00e7al\u0131\u015fmalar\u0131na kat\u0131ld\u0131\u011f\u0131n\u0131 s\u00f6yledi. \u00d6zt\u00fcrk, &#8220;1 saat s\u00fcren yang\u0131n\u0131 kontrol alt\u0131na ald\u0131k. So\u011futma \u00e7al\u0131\u015fmas\u0131 yap\u0131yoruz. Manavgat Belediyesi olarak b\u00fct\u00fcn ekiplerimizle buraday\u0131z. Manavgat Belediye Ba\u015fkan\u0131m\u0131z Say\u0131n Dr. Niyazi Nefi Kara\u2019n\u0131n da her zaman s\u00f6yledi\u011fi gibi kentimizin en k\u00fc\u00e7\u00fck bir \u00e7ak\u0131l ta\u015f\u0131na dahi zarar gelmesine engel olaca\u011f\u0131z. T\u00fcm halk\u0131m\u0131za ge\u00e7mi\u015f olsun\u201d dedi.<\/p>\n\n\n\n<p>Manavgat Belediyesi \/ B\u00fclten<\/p>\n","protected":false},"excerpt":{"rendered":"<p>Manavgat Belediyesi\u2019ne ba\u011fl\u0131 Park ve Bah\u00e7eler M\u00fcd\u00fcrl\u00fc\u011f\u00fc ile Fen \u0130\u015fleri M\u00fcd\u00fcrl\u00fc\u011f\u00fc, Temizlik \u0130\u015fleri M\u00fcd\u00fcrl\u00fc\u011f\u00fc ve Zab\u0131ta M\u00fcd\u00fcrl\u00fc\u011f\u00fc ekipleri, Manavgat\u2019\u0131n Sorgun Mahallesi\u2019nde meydana gelen orman yang\u0131n\u0131na <a href=\"https:\/\/akdenizhaber.com.tr\/index.php\/2024\/10\/21\/manavgat-belediyesinden-orman-yanginina-aninda-mudahale\/\" class=\"read-more-link\">[more&#8230;]<\/a><\/p>\n","protected":false},"author":2,"featured_media":26194,"comment_status":"open","ping_status":"open","sticky":false,"template":"","format":"standard","meta":{"footnotes":""},"categories":[2],"tags":[],"class_list":["post-26193","post","type-post","status-publish","format-standard","has-post-thumbnail","hentry","category-gundem"],"_links":{"self":[{"href":"https:\/\/akdenizhaber.com.tr\/index.php\/wp-json\/wp\/v2\/posts\/26193","targetHints":{"allow":["GET"]}}],"collection":[{"href":"https:\/\/akdenizhaber.com.tr\/index.php\/wp-json\/wp\/v2\/posts"}],"about":[{"href":"https:\/\/akdenizhaber.com.tr\/index.php\/wp-json\/wp\/v2\/types\/post"}],"author":[{"embeddable":true,"href":"https:\/\/akdenizhaber.com.tr\/index.php\/wp-json\/wp\/v2\/users\/2"}],"replies":[{"embeddable":true,"href":"https:\/\/akdenizhaber.com.tr\/index.php\/wp-json\/wp\/v2\/comments?post=26193"}],"version-history":[{"count":1,"href":"https:\/\/akdenizhaber.com.tr\/index.php\/wp-json\/wp\/v2\/posts\/26193\/revisions"}],"predecessor-version":[{"id":26195,"href":"https:\/\/akdenizhaber.com.tr\/index.php\/wp-json\/wp\/v2\/posts\/26193\/revisions\/26195"}],"wp:featuredmedia":[{"embeddable":true,"href":"https:\/\/akdenizhaber.com.tr\/index.php\/wp-json\/wp\/v2\/media\/26194"}],"wp:attachment":[{"href":"https:\/\/akdenizhaber.com.tr\/index.php\/wp-json\/wp\/v2\/media?parent=26193"}],"wp:term":[{"taxonomy":"category","embeddable":true,"href":"https:\/\/akdenizhaber.com.tr\/index.php\/wp-json\/wp\/v2\/categories?post=26193"},{"taxonomy":"post_tag","embeddable":true,"href":"https:\/\/akdenizhaber.com.tr\/index.php\/wp-json\/wp\/v2\/tags?post=26193"}],"curies":[{"name":"wp","href":"https:\/\/api.w.org\/{rel}","templated":true}]}}