{"id":26190,"date":"2024-10-21T16:52:41","date_gmt":"2024-10-21T13:52:41","guid":{"rendered":"https:\/\/akdenizhaber.com.tr\/?p=26190"},"modified":"2024-10-21T16:52:42","modified_gmt":"2024-10-21T13:52:42","slug":"mucize-bebek-ozlenen-2-yasinda","status":"publish","type":"post","link":"https:\/\/akdenizhaber.com.tr\/index.php\/2024\/10\/21\/mucize-bebek-ozlenen-2-yasinda\/","title":{"rendered":"Mucize bebek \u00d6zlenen, 2 ya\u015f\u0131nda"},"content":{"rendered":"\n<p>T\u00fcrkiye&#8217;de ikinci rahim nakliyle d\u00fcnyaya gelen \u00d6zlenen bebek, 2 ya\u015f\u0131na Rekt\u00f6r Prof. Dr. \u00d6zlenen \u00d6zkan ile birlikte girdi.<\/p>\n\n\n\n<p>D\u00fcnyan\u0131n ilk kadavradan rahim naklinin yap\u0131ld\u0131\u011f\u0131 Akdeniz \u00dcniversitesi Hastanesi&#8217;nde ikinci rahim nakli 27 Temmuz 2021&#8217;de yap\u0131lm\u0131\u015ft\u0131. Akdeniz \u00dcniversitesi Rekt\u00f6r\u00fc Prof. Dr. \u00d6zlenen \u00d6zkan ve T\u0131p Fak\u00fcltesi Plastik, Rekonstr\u00fcktif ve Estetik Cerrahi Ana Bilim Dal\u0131 \u00d6\u011fretim \u00dcyesi Prof. Dr. \u00d6mer \u00d6zkan ba\u015fkanl\u0131\u011f\u0131ndaki 40 ki\u015filik ekip, Havva Erdem&#8217;e 8,5 saat s\u00fcren operasyonla kadavradan rahim nakletti. T\u00fcrkiye&#8217;de kadavradan ikinci rahim nakli yap\u0131lan Havva Erdem, 14 ay sonra do\u011fum yaparak, bebe\u011fi \u00d6zlenen Erdem&#8217;i kuca\u011f\u0131na ald\u0131. Do\u011fumun \u00fczerinden ge\u00e7en iki y\u0131l\u0131n ard\u0131ndan Havva Erdem, e\u015fi \u015e\u00fckr\u00fc Erdem ve k\u0131zlar\u0131 \u00d6zlenen, Rekt\u00f6r Prof. Dr. \u00d6zlenen \u00d6zkan ile bir araya geldi. \u0130kinci ya\u015f pastas\u0131 kesilen ziyarette Rekt\u00f6r \u00d6zkan, \u00d6zlenen bebe\u011fe hediyeler verdi.<\/p>\n\n\n\n<p>HAYATLARININ DE\u011e\u0130\u015eT\u0130\u011e\u0130N\u0130 G\u00d6RMEK MUTLULUK KAYNA\u011eI<\/p>\n\n\n\n<p>Akdeniz \u00dcniversitesi Rekt\u00f6r\u00fc Prof. Dr. \u00d6zlenen \u00d6zkan, \u201cYapt\u0131\u011f\u0131n\u0131z her \u015feyin sonucunun bu oldu\u011funu g\u00f6rmek hakikaten insan i\u00e7in, bir doktor i\u00e7in \u00e7ok k\u0131ymetli. Doktor olman\u0131n en g\u00fczel taraf\u0131 da bu dokundu\u011funuz insanlar\u0131n hayat\u0131n\u0131n nas\u0131l de\u011fi\u015ftirdi\u011finizi g\u00f6rmek en b\u00fcy\u00fck mutluluk kayna\u011f\u0131. \u0130nsan\u0131n bu a\u00e7\u0131dan doktor oluyor diye d\u00fc\u015f\u00fcn\u00fcyorum. En az\u0131ndan ben \u00f6yleyim.\u201d dedi.<\/p>\n\n\n\n<p>\u0130NSANLAR \u0130\u00c7\u0130N B\u0130R UMUT OLDU<\/p>\n\n\n\n<p>\u0130lk rahim naklini 2011 y\u0131l\u0131nda yapt\u0131klar\u0131n\u0131 s\u00f6yleyen Rekt\u00f6r \u00d6zkan, \u201cBundan 13 y\u0131l \u00f6nce b\u00fct\u00fcn d\u00fcnyan\u0131n da ilkiydi ayn\u0131 zamanda. O s\u00fcre\u00e7 biraz uzun bir s\u00fcre\u00e7ti bizim i\u00e7in. \u00c7\u00fcnk\u00fc hesaplayamad\u0131\u011f\u0131m\u0131z \u015feylerle kar\u015f\u0131la\u015ft\u0131k Derya&#8217;da ancak 9 y\u0131l\u0131n sonunda d\u00fcnyan\u0131n ilk rahim nakli bebek sahibi oldu. \u00d6mer \u00d6zkan bebe\u011fimiz oldu. Bunun sonras\u0131nda da akabinde hemen Havva&#8217;ya ikinci rahim naklini yapt\u0131k. O ilkinde edindi\u011fimiz bilgiler \u0131\u015f\u0131\u011f\u0131nda Havva \u00e7ok daha \u015fansl\u0131yd\u0131. \u00c7ok k\u0131sa bir s\u00fcre sonra 14 ay gibi bir zaman sonucunda da \u00d6zlenen bebe\u011fi kuca\u011f\u0131na ald\u0131. Her \u015fey gayet iyi gidiyor. Hem Havva i\u00e7in hem Derya i\u00e7in hem de \u00e7ocuklar i\u00e7in. Ve tabii d\u00fcnyada bebe\u011fi olmayacak olan insanlar i\u00e7in bir umut oldu. Bu anlamda b\u00fct\u00fcn ekip b\u00fct\u00fcn hastalar bunu bekleyenler de var. Hala o a\u00e7\u0131dan ger\u00e7ekten \u00e7ok mutluluk verici.\u201d dedi.<\/p>\n\n\n\n<p>YEN\u0130 NAK\u0130LLER YAPMAYI PLANLIYORUZ<\/p>\n\n\n\n<p>Rahim naklini bekleyen bir\u00e7ok hastan\u0131n oldu\u011funu s\u00f6yleyen Rekt\u00f6r \u00d6zkan, \u201cHavva\u2019n\u0131n tecr\u00fcbelerini merak eden adaylarda var s\u0131k s\u0131k g\u00f6r\u00fc\u015f\u00fcyorlar anlatt\u0131\u011f\u0131 kadar\u0131yla bize de ba\u015fvurdular zaten. Bu anlamda bekleyen bir\u00e7ok hasta var. Hem yurt i\u00e7inden hem yurt d\u0131\u015f\u0131ndan rahim naklini bekleyen bir\u00e7ok hasta var. E\u011fer uygun bir zaman olursa onlar\u0131 da yapmay\u0131 planl\u0131yoruz. Mevzuat \u00e7al\u0131\u015fmalar\u0131yla ilgili \u00e7al\u0131\u015fmalar tamamland\u0131 asl\u0131nda bundan sonra s\u00fcre\u00e7 \u00e7ok da san\u0131yorum uzun s\u00fcrmez. Biz de Sa\u011fl\u0131k Bakanl\u0131\u011f\u0131yla koordinasyonlu gidiyoruz.\u201d \u015feklinde konu\u015ftu.<\/p>\n\n\n\n<p>RAH\u0130M NAKL\u0130YLE BEN\u0130M D\u00dcNYAM DE\u011e\u0130\u015eT\u0130<\/p>\n\n\n\n<p>Rahim nakli ile anne olan Havva Erdem, \u201cBenim d\u00fcnyam de\u011fi\u015fti. Hayat\u0131m de\u011fil, d\u00fcnyam de\u011fi\u015fti. Her \u015fey \u00d6zlenen \u015fu an ba\u015fka hi\u00e7bir \u015fey yok. 2 y\u0131l o kadar g\u00fczel ki diyorum ya, d\u00fcnyam de\u011fi\u015fti benim her \u015feyim onun \u00fczerine o uyursa belki birazc\u0131k otururum, onun haricinde her \u015feyim onunla o g\u00f6z\u00fcn\u00fc a\u00e7t\u0131ktan sonra ba\u015fka ikinci d\u00fc\u015f\u00fcnd\u00fc\u011f\u00fcm hi\u00e7bir \u015fey yok. G\u00f6z\u00fcme onunla a\u00e7\u0131p onunla kapat\u0131yorum. Hi\u00e7bir \u015fey d\u00fc\u015f\u00fcnm\u00fcyorum.\u201d dedi.<\/p>\n\n\n\n<p>\u00d6ZLENEN\u2019DEN SONRA KORKU BA\u015eLADI<\/p>\n\n\n\n<p>Hayat\u0131nda ya\u015fanan de\u011fi\u015fimleri anlatan Havva Erdem, \u201cSadece \u00d6zlenen\u2019den \u00f6nce ben de korku yoktu, \u015fimdi ben de korku ba\u015flad\u0131. Korkar oldum bilmiyorum, her \u015feyden tedirginim, aya\u011fa kalsa d\u00fc\u015fecek mi, kalkacak m\u0131? Her \u015feyden korkuyorum yani akl\u0131m\u0131za gelebilecek d\u0131\u015far\u0131ya \u00e7\u0131ksa evde bile korkuyorum. Zaten g\u00f6z\u00fcm\u00fcn \u00f6n\u00fcnden ay\u0131rmam da ama bilmiyorum acayip bir korku var bende. Eski Havva gitti, korkusuz Havva gitti, \u015fimdi korkulu bir hava geldi, aynen \u00f6nceden kaybedecek hi\u00e7bir \u015feyim yoktu \u015fu an var ve \u00e7ok de\u011ferli. Rabbime emanet t\u00fcm evlatlar\u0131m\u0131z ve i\u00e7inde de benim evlad\u0131m Allah\u2019a emanet. Biz de elimizden geleni yapaca\u011f\u0131z, onlar\u0131 koruyup yeti\u015ftirebilmek i\u00e7in.\u201d \u015feklinde konu\u015ftu.<\/p>\n\n\n\n<p>RAH\u0130M NAKL\u0130 OLMAK \u0130STEYENLER \u0130LET\u0130\u015e\u0130M KURUYORLAR<\/p>\n\n\n\n<p>Rahim nakli olmak isteyenlerin kendisiyle ileti\u015fim kurduklar\u0131n\u0131 s\u00f6yleyen Erdem, \u201c\u0130leti\u015fim kuruyorlar ve tabii ki hepsine yeti\u015fmem m\u00fcmk\u00fcn de\u011fil ama aralar\u0131nda g\u00f6r\u00fc\u015ft\u00fc\u011f\u00fcm tabi ki var 1, 2 ki\u015fi \u00f6zellikle bir ki\u015fiyle \u00e7ok fazla g\u00f6r\u00fc\u015f\u00fcyorum. \u00c7\u00fcnk\u00fc onda kendimi g\u00f6r\u00fcyorum. Ben \u00e7ok \u00e7aba sarf ettim \u00d6zlenen\u2019e kavu\u015fmak i\u00e7in ve onun \u00e7abalar\u0131nda da kendimi g\u00f6rd\u00fc\u011f\u00fcm i\u00e7in onunla \u00e7ok daha fazla g\u00f6r\u00fc\u015f\u00fcyorum. O da tabii ki bekliyor. Yani tabii ki herkesin bir an \u00f6nce evlad\u0131n\u0131 kuca\u011f\u0131na almas\u0131n\u0131 isterim ama yani onda kendimi g\u00f6rd\u00fc\u011f\u00fcm i\u00e7in \u00fc\u00e7\u00fcnc\u00fcn\u00fcn onun olmas\u0131n\u0131 \u00e7ok isterim in\u015fallah. Tabii ki rabbim herkesin g\u00f6nl\u00fcne g\u00f6re versin.\u201d dedi.<\/p>\n\n\n\n<p>\u00d6ZLENEN ERDEM DE ANNELERE UMUT OLUR \u0130N\u015eALLAH<\/p>\n\n\n\n<p>Erdem, \u201cYani ben \u00e7ok istiyorum. Yani doktor mu olur ne olur bilmiyorum ilk \u00f6nce ger\u00e7ekten e\u011fitimini \u00e7ok iyi bir \u015fekilde almas\u0131n\u0131 istiyorum ve tabii ki g\u00f6nl\u00fcm benim doktorluktan yana hatta plastik. Hocalar\u0131m\u0131z\u0131n in\u015fallah yolundan gider diye ben \u00e7ok arzu ediyorum ama tabii ki kendisi b\u00fcy\u00fcd\u00fc\u011f\u00fcnde kendi yolunu kendisi \u00e7izecek. Ben elimden geleni yapaca\u011f\u0131m e\u011fitimi i\u00e7in yani g\u00f6nl\u00fcm benim o y\u00f6nde ama kendisi de in\u015fallah vefal\u0131 olur izinden gider ve bizim gibi bekleyenlere, bekleyen annelere in\u015fallah benim k\u0131z\u0131mda umut olur.\u201d ifadelerini kulland\u0131.<\/p>\n\n\n\n<p>Akdeniz \u00dcniversitesi Rekt\u00f6rl\u00fc\u011f\u00fc \/ B\u00fclten<\/p>\n","protected":false},"excerpt":{"rendered":"<p>T\u00fcrkiye&#8217;de ikinci rahim nakliyle d\u00fcnyaya gelen \u00d6zlenen bebek, 2 ya\u015f\u0131na Rekt\u00f6r Prof. Dr. \u00d6zlenen \u00d6zkan ile birlikte girdi. D\u00fcnyan\u0131n ilk kadavradan rahim naklinin yap\u0131ld\u0131\u011f\u0131 Akdeniz <a href=\"https:\/\/akdenizhaber.com.tr\/index.php\/2024\/10\/21\/mucize-bebek-ozlenen-2-yasinda\/\" class=\"read-more-link\">[more&#8230;]<\/a><\/p>\n","protected":false},"author":2,"featured_media":26191,"comment_status":"open","ping_status":"open","sticky":false,"template":"","format":"standard","meta":{"footnotes":""},"categories":[2],"tags":[],"class_list":["post-26190","post","type-post","status-publish","format-standard","has-post-thumbnail","hentry","category-gundem"],"_links":{"self":[{"href":"https:\/\/akdenizhaber.com.tr\/index.php\/wp-json\/wp\/v2\/posts\/26190","targetHints":{"allow":["GET"]}}],"collection":[{"href":"https:\/\/akdenizhaber.com.tr\/index.php\/wp-json\/wp\/v2\/posts"}],"about":[{"href":"https:\/\/akdenizhaber.com.tr\/index.php\/wp-json\/wp\/v2\/types\/post"}],"author":[{"embeddable":true,"href":"https:\/\/akdenizhaber.com.tr\/index.php\/wp-json\/wp\/v2\/users\/2"}],"replies":[{"embeddable":true,"href":"https:\/\/akdenizhaber.com.tr\/index.php\/wp-json\/wp\/v2\/comments?post=26190"}],"version-history":[{"count":1,"href":"https:\/\/akdenizhaber.com.tr\/index.php\/wp-json\/wp\/v2\/posts\/26190\/revisions"}],"predecessor-version":[{"id":26192,"href":"https:\/\/akdenizhaber.com.tr\/index.php\/wp-json\/wp\/v2\/posts\/26190\/revisions\/26192"}],"wp:featuredmedia":[{"embeddable":true,"href":"https:\/\/akdenizhaber.com.tr\/index.php\/wp-json\/wp\/v2\/media\/26191"}],"wp:attachment":[{"href":"https:\/\/akdenizhaber.com.tr\/index.php\/wp-json\/wp\/v2\/media?parent=26190"}],"wp:term":[{"taxonomy":"category","embeddable":true,"href":"https:\/\/akdenizhaber.com.tr\/index.php\/wp-json\/wp\/v2\/categories?post=26190"},{"taxonomy":"post_tag","embeddable":true,"href":"https:\/\/akdenizhaber.com.tr\/index.php\/wp-json\/wp\/v2\/tags?post=26190"}],"curies":[{"name":"wp","href":"https:\/\/api.w.org\/{rel}","templated":true}]}}