{"id":26187,"date":"2024-10-21T16:52:11","date_gmt":"2024-10-21T13:52:11","guid":{"rendered":"https:\/\/akdenizhaber.com.tr\/?p=26187"},"modified":"2024-10-21T16:52:11","modified_gmt":"2024-10-21T13:52:11","slug":"kara-14-gazipasa-cekirdeksiz-nar-ve-tropikal-meyve-festivaline-katildi","status":"publish","type":"post","link":"https:\/\/akdenizhaber.com.tr\/index.php\/2024\/10\/21\/kara-14-gazipasa-cekirdeksiz-nar-ve-tropikal-meyve-festivaline-katildi\/","title":{"rendered":"Kara 14. Gazipa\u015fa \u00c7ekirdeksiz Nar ve Tropikal Meyve Festivali\u2019ne Kat\u0131ld\u0131"},"content":{"rendered":"\n<p>Antalya&#8217;da 14. Gazipa\u015fa \u00c7ekirdeksiz Nar ve Tropikal Meyve Festivali d\u00fczenlendi.<\/p>\n\n\n\n<p>Cumhuriyet Halk Partisi Genel Ba\u015fkan\u0131 \u00d6zg\u00fcr \u00d6zel, Antalya\u2019n\u0131n Alanya ve Gazipa\u015fa il\u00e7elerini ziyaret etti. \u00d6zel, CHP Alanya \u0130l\u00e7e Ba\u015fkanl\u0131\u011f\u0131, Alanya Belediyesi, CHP Gazipa\u015fa \u0130l\u00e7e Ba\u015fkanl\u0131\u011f\u0131 ve Gazipa\u015fa Belediyesi\u2019ni ziyaret ederken, 14. \u00c7ekirdeksiz Nar ve Tropikal Meyve Festivali\u2019nin de a\u00e7\u0131l\u0131\u015f\u0131n\u0131 ger\u00e7ekle\u015ftirdi. CHP Genel Ba\u015fkan\u0131 \u00d6zel\u2019e program\u0131nda Manavgat Belediye Ba\u015fkan\u0131 Dr. Niyazi Nefi Kara, Antalya B\u00fcy\u00fck\u015fehir Belediye Ba\u015fkan\u0131 Muhittin B\u00f6cek, milletvekilleri ve il\u00e7e belediye ba\u015fkanlar\u0131 e\u015flik etti.<\/p>\n\n\n\n<p>Manavgat Belediyesi, Ba\u015fkan Niyazi Nefi Kara\u2019n\u0131n liderli\u011finde, Manavgat\u2019\u0131n tar\u0131m potansiyelinin art\u0131r\u0131lmas\u0131 ve s\u00fcrd\u00fcr\u00fclebilir bir gelecek i\u00e7in ad\u0131mlar at\u0131yor. Gazipa\u015fa Belediyesi\u2019nin 14. \u00c7ekirdeksiz Nar ve Tropikal Meyve Festivali\u2019nde konu\u015fan Manavgat Belediye Ba\u015fkan\u0131 Dr. Niyazi Nefi Kara, yerel \u00fcreticilerin desteklenmesinin sadece ekonomik bir gereklilik de\u011fil; ayn\u0131 zamanda toplumsal bir sorumluluk oldu\u011funu s\u00f6yledi.<\/p>\n\n\n\n<p>Ba\u015fkan Kara, \u201cTar\u0131m, sadece ekonomik bir faaliyet de\u011fil, ayn\u0131 zamanda k\u00fclt\u00fcrel bir miras ve toplumsal bir de\u011ferdir. B\u00f6lgemiz, bereketli topraklar\u0131 ve iklimiyle \u00f6nemli bir tar\u0131msal potansiyele sahip. Ancak bu potansiyeli do\u011fru bir \u015fekilde y\u00f6netmek ve geli\u015ftirmek i\u00e7in hep birlikte \u00e7al\u0131\u015fmal\u0131y\u0131z. \u0130klim de\u011fi\u015fikli\u011fi ve \u00e7evresel sorunlar, tar\u0131m \u00fczerinde b\u00fcy\u00fck bir tehdit olu\u015fturuyor. Bu nedenle, tar\u0131msal \u00fcretimimizi s\u00fcrd\u00fcr\u00fclebilir y\u00f6ntemlerle ger\u00e7ekle\u015ftirmek zorunday\u0131z. Manavgat Belediyesi olarak, bu anlay\u0131\u015fla hareket ediyoruz. Bu ba\u011flamda, \u00e7ift\u00e7ilerimize modern tar\u0131m teknikleri ve teknolojileri hakk\u0131nda e\u011fitimler vermek, onlar\u0131n daha verimli ve s\u00fcrd\u00fcr\u00fclebilir y\u00f6ntemler kullanmalar\u0131n\u0131 sa\u011flamak en \u00f6nemli hedeflerimizden birisi. Yerel \u00fcreticilerimizin desteklenmesi, sadece ekonomik bir gereklilik de\u011fil; ayn\u0131 zamanda toplumsal bir sorumluluktur. Tar\u0131mda do\u011fal dengeyi korumak ve yerel \u00fcr\u00fcn \u00e7e\u015fitlili\u011fini art\u0131rmak i\u00e7in \u00e7al\u0131\u015fmalar y\u00fcr\u00fct\u00fcyoruz. Hep birlikte, tar\u0131m politikalar\u0131m\u0131z\u0131 s\u00fcrd\u00fcr\u00fclebilir bir \u00e7er\u00e7evede ger\u00e7ekle\u015ftirmek i\u00e7in \u00e7al\u0131\u015facak, b\u00f6lgemizi tar\u0131mda daha ileriye ta\u015f\u0131yaca\u011f\u0131z.\u201d ifadelerini kulland\u0131.<\/p>\n\n\n\n<p>Festival, sadece tar\u0131m \u00fcr\u00fcnlerinin tan\u0131t\u0131lmas\u0131 a\u00e7\u0131s\u0131ndan de\u011fil, ayn\u0131 zamanda yerel y\u00f6netimlerin i\u015f birli\u011fi i\u00e7inde \u00e7al\u0131\u015fmas\u0131n\u0131n \u00f6rneklerinin sergilendi\u011fi bir platform oldu. Ba\u015fkan Kara, CHP Genel Ba\u015fkan\u0131 \u00d6zg\u00fcr \u00d6zel, Antalya B\u00fcy\u00fck\u015fehir Belediye Ba\u015fkan\u0131 Muhittin B\u00f6cek ve di\u011fer il\u00e7e belediye ba\u015fkanlar\u0131yla birlikte gelecekteki projeleri de\u011ferlendirerek, b\u00f6lgenin tar\u0131msal kalk\u0131nmas\u0131na y\u00f6nelik isti\u015farelerde bulundu.<\/p>\n\n\n\n<p>Manavgat Belediyesi, Ba\u015fkan Niyazi Nefi Kara\u2019n\u0131n liderli\u011finde, Manavgat\u2019\u0131n tar\u0131m potansiyelinin art\u0131r\u0131lmas\u0131 ve s\u00fcrd\u00fcr\u00fclebilir bir gelecek i\u00e7in ad\u0131mlar atmaya devam edecek.<\/p>\n\n\n\n<p>Manavgat Belediyesi \/ B\u00fclten<\/p>\n","protected":false},"excerpt":{"rendered":"<p>Antalya&#8217;da 14. Gazipa\u015fa \u00c7ekirdeksiz Nar ve Tropikal Meyve Festivali d\u00fczenlendi. Cumhuriyet Halk Partisi Genel Ba\u015fkan\u0131 \u00d6zg\u00fcr \u00d6zel, Antalya\u2019n\u0131n Alanya ve Gazipa\u015fa il\u00e7elerini ziyaret etti. \u00d6zel, <a href=\"https:\/\/akdenizhaber.com.tr\/index.php\/2024\/10\/21\/kara-14-gazipasa-cekirdeksiz-nar-ve-tropikal-meyve-festivaline-katildi\/\" class=\"read-more-link\">[more&#8230;]<\/a><\/p>\n","protected":false},"author":2,"featured_media":26188,"comment_status":"open","ping_status":"open","sticky":false,"template":"","format":"standard","meta":{"footnotes":""},"categories":[2],"tags":[],"class_list":["post-26187","post","type-post","status-publish","format-standard","has-post-thumbnail","hentry","category-gundem"],"_links":{"self":[{"href":"https:\/\/akdenizhaber.com.tr\/index.php\/wp-json\/wp\/v2\/posts\/26187","targetHints":{"allow":["GET"]}}],"collection":[{"href":"https:\/\/akdenizhaber.com.tr\/index.php\/wp-json\/wp\/v2\/posts"}],"about":[{"href":"https:\/\/akdenizhaber.com.tr\/index.php\/wp-json\/wp\/v2\/types\/post"}],"author":[{"embeddable":true,"href":"https:\/\/akdenizhaber.com.tr\/index.php\/wp-json\/wp\/v2\/users\/2"}],"replies":[{"embeddable":true,"href":"https:\/\/akdenizhaber.com.tr\/index.php\/wp-json\/wp\/v2\/comments?post=26187"}],"version-history":[{"count":1,"href":"https:\/\/akdenizhaber.com.tr\/index.php\/wp-json\/wp\/v2\/posts\/26187\/revisions"}],"predecessor-version":[{"id":26189,"href":"https:\/\/akdenizhaber.com.tr\/index.php\/wp-json\/wp\/v2\/posts\/26187\/revisions\/26189"}],"wp:featuredmedia":[{"embeddable":true,"href":"https:\/\/akdenizhaber.com.tr\/index.php\/wp-json\/wp\/v2\/media\/26188"}],"wp:attachment":[{"href":"https:\/\/akdenizhaber.com.tr\/index.php\/wp-json\/wp\/v2\/media?parent=26187"}],"wp:term":[{"taxonomy":"category","embeddable":true,"href":"https:\/\/akdenizhaber.com.tr\/index.php\/wp-json\/wp\/v2\/categories?post=26187"},{"taxonomy":"post_tag","embeddable":true,"href":"https:\/\/akdenizhaber.com.tr\/index.php\/wp-json\/wp\/v2\/tags?post=26187"}],"curies":[{"name":"wp","href":"https:\/\/api.w.org\/{rel}","templated":true}]}}