{"id":26167,"date":"2024-10-17T16:08:35","date_gmt":"2024-10-17T13:08:35","guid":{"rendered":"https:\/\/akdenizhaber.com.tr\/?p=26167"},"modified":"2024-10-17T16:08:36","modified_gmt":"2024-10-17T13:08:36","slug":"matso-yorexin-gozdesi-oldu","status":"publish","type":"post","link":"https:\/\/akdenizhaber.com.tr\/index.php\/2024\/10\/17\/matso-yorexin-gozdesi-oldu\/","title":{"rendered":"MATSO, Y\u00d6REX\u2019\u0130N G\u00f6zdesi Oldu"},"content":{"rendered":"\n<p>MATSO, 9-13 Ekim tarihleri aras\u0131nda ANFA\u015e\u2019ta d\u00fczenlenen Y\u00f6resel \u00dcr\u00fcnler Fuar\u0131nda (Y\u00d6REX) ziyaret\u00e7i ak\u0131n\u0131na u\u011frayarak fuar\u0131n g\u00f6zdesi oldu.<\/p>\n\n\n\n<p>Antalya Ticaret Borsas\u0131 (ATB) \u00f6nc\u00fcl\u00fc\u011f\u00fcnde T\u00fcrkiye Odalar ve Borsalar Birli\u011fi\u2019nin (TOBB) deste\u011fiyle 9-13 Ekim tarihlerinde Y\u00f6resel \u00dcr\u00fcnler Fuar\u0131\u2019n\u0131n ( Y\u00d6REX) 13\u2019c\u00fcs\u00fc ger\u00e7ekle\u015ftirildi. Y\u00d6REX\u2019deki Manavgat Ticaret ve Sanayi Odas\u0131\u2019n\u0131n (MATSO) stand\u0131 b\u00fcy\u00fck ilgi g\u00f6rd\u00fc. Do\u011fusundan bat\u0131s\u0131na, kuzeyinden g\u00fcneyine, Anadolu\u2019nun b\u00fct\u00fcn renklerini y\u00f6resel de\u011ferleriyle birlikte Antalya\u2019da bulu\u015fturan fuarda 320 kat\u0131l\u0131mc\u0131 yer ald\u0131. 320 kat\u0131l\u0131m aras\u0131nda MATSO stand\u0131 ziyaret\u00e7i ak\u0131n\u0131na u\u011frad\u0131.&nbsp; MATSO stand\u0131nda tarihte Osmanl\u0131 mutfa\u011f\u0131n\u0131 s\u00fcsleyen ve MATSO taraf\u0131ndan co\u011frafi i\u015faret al\u0131nan Manavgat Alt\u0131n Susam\u0131 ba\u015fta olmak \u00fczere Manavgat topraklar\u0131nda yeti\u015fen 19 farkl\u0131 \u00fcr\u00fcn\u00fcn tan\u0131t\u0131m\u0131 yap\u0131l\u0131p gelen ziyaret\u00e7ilere ikram edildi.<\/p>\n\n\n\n<p>&nbsp;<strong>MATSO STANDINA YO\u011eUN \u0130LG\u0130<\/strong><\/p>\n\n\n\n<p>Fuarda MATSO\u2019nun Manavgat stand\u0131na davetliler b\u00fcy\u00fck ilgi g\u00f6sterdi. Ziyaret\u00e7ilerin ak\u0131n\u0131na u\u011frayan MATSO stand\u0131 b\u00fcrokrasi, siyaset ve i\u015f d\u00fcnyas\u0131n\u0131n u\u011frak yerine haline geldi. Tan\u0131t\u0131m ama\u00e7l\u0131 kurulan stantta tan\u0131t\u0131lan Manavgat topraklar\u0131nda yeti\u015fen 19 \u00fcr\u00fcn ziyaretlerin be\u011fenisine sunuldu.<\/p>\n\n\n\n<p>&nbsp;<strong>Y\u00d6REX, \u00dcR\u00dcNLER\u0130M\u0130Z\u0130N P\u0130YASALARDA TALEP ED\u0130LMES\u0130 \u0130\u00c7\u0130N \u00d6NEML\u0130D\u0130R<\/strong><\/p>\n\n\n\n<p>Fuar\u0131n, Manavgat topraklar\u0131nda yeti\u015fen \u00fcr\u00fcnlerde markala\u015fmay\u0131 sa\u011flamak ve ekonomiye kazand\u0131rmas\u0131 ad\u0131na \u00f6nemli bir etkinlik oldu\u011funu s\u00f6yleyen MATSO Ba\u015fkan\u0131 Seydi Tahsin G\u00fcng\u00f6r, fuar\u0131n Manavgat \u00fcr\u00fcnlerinin piyasalarda talep edilmesi i\u00e7in \u00e7ok \u00f6nemli oldu\u011funu ifade etti.<\/p>\n\n\n\n<p>&nbsp;<strong>\u201cEN \u0130Y\u0130S\u0130 MANAVGAT\u201d<\/strong><\/p>\n\n\n\n<p>Ba\u015fkan G\u00fcng\u00f6r, \u201cMATSO olarak fuarda kendine \u00f6zg\u00fc aromas\u0131 olan \u00fcr\u00fcnlerimizi \u201cManavgat\u2019\u0131n En \u0130yileri\u201d, &nbsp;mottosu ile tan\u0131tt\u0131k.&nbsp;Bu \u00fcr\u00fcnlerimizi ziyaret\u00e7ilerimize tatt\u0131rtarak \u00fcr\u00fcnlerimizin ne kadar farkl\u0131 ve leziz oldu\u011funun fark\u0131na varmalar\u0131n\u0131 sa\u011flad\u0131k.\u201d dedi.<\/p>\n\n\n\n<p>MATSO STANDI Z\u0130YARET\u00c7\u0130 AKININA U\u011eRADI<\/p>\n\n\n\n<p>MATSO stand\u0131na siyasetten i\u015f d\u00fcnyas\u0131na kadar bir\u00e7ok isim ziyarette bulundu. MATSO Stand\u0131n\u0131 Y\u00d6REX\u2019in a\u00e7\u0131l\u0131\u015f\u0131na kat\u0131lan D\u0131\u015fi\u015fleri Eski Bakan\u0131 ve AK Parti Antalya Milletvekili Mevl\u00fct \u00c7avu\u015fo\u011flu, TOBB Ba\u015fkan\u0131 Rifat Hisarc\u0131kl\u0131o\u011flu, Antalya Valisi Hulusi \u015eahin, Cumhuriyet Halk Partisi Antalya Milletvekilleri Aliye Co\u015far, Cavit Ar\u0131\u2019ya, Aykut Kaya, Saadet Partisi Antalya Milletvekili \u015eerafettin K\u0131l\u0131\u00e7, B\u00fcy\u00fck\u015fehir Belediye Ba\u015fkan\u0131 Muhittin B\u00f6cek,&nbsp; Manavgat Kaymakam\u0131 Adil Karata\u015f, Kaymakamlar, Manavgat Belediye Ba\u015fkan\u0131 Dr. Niyazi Nefi Kara, Akseki Belediye Ba\u015fkan\u0131 \u0130lkay Akca, Antalya \u0130l Emniyet M\u00fcd\u00fcr\u00fc \u0130lker Arslan,&nbsp; Antalya Defterdar\u0131 \u0130lhan Karay\u0131lan, KGF Ba\u015fkan\u0131 ve TOBB Genel \u0130dare Kurulu \u00dcyesi Erdo\u011fan \u00d6zegen, TOBB Y\u00f6netim Kurulu \u00dcyesi ve Antalya Ticaret Borsas\u0131 Ba\u015fkan\u0131 Ali \u00c7and\u0131r, TOBB Y\u00f6netim Kurulu \u00dcyesi ve Ayd\u0131n Ticaret Odas\u0131 Ba\u015fkan\u0131 Hakan \u00dclken, TOBB Y\u00f6netim Kurulu \u00dcyesi ve Gaziantep Ticaret Odas\u0131 Ba\u015fkan\u0131 Mehmet Tuncay Y\u0131ld\u0131r\u0131m, TOBB Y\u00f6netim Kurulu \u00dcyeleri, Oda ve Borsa Ba\u015fkanlar\u0131, T\u00fcrk Patent ve Marka Kurumu Ba\u015fkan\u0131 Prof. Dr. M. Zeki Durak, T\u00fcrkiye Esnaf ve Sanatk\u00e2rlar\u0131 Konfederasyonu (TESK) Genel Ba\u015fkan Vekili ve Antalya Esnaf ve Sanatk\u00e2rlar Odalar\u0131 Birli\u011fi Ba\u015fkan\u0131 Adl\u0131han Dere,&nbsp; Antalya \u015eof\u00f6rler Odas\u0131 Ba\u015fkan\u0131 Mehmet Ali Alkan, T\u00fcrk Standartlar\u0131 Enstit\u00fcs\u00fc (TSE) Akdeniz B\u00f6lge Koordinat\u00f6r\u00fc Hasan Demirta\u015f\u2019a, Manavgat Meslek Y\u00fcksek Okulu (MYO) M\u00fcd\u00fcr\u00fc ve Y\u00d6RKAM Ba\u015fkan\u0131 Do\u00e7. Dr. Fatih Uslu, BA\u0130B Ba\u015fkan\u0131 \u00dcmit Mirza \u00c7avu\u015fo\u011flu\u2019na, Manavgat \u0130l\u00e7e Tar\u0131m ve Orman M\u00fcd\u00fcr\u00fc Hakan Kapakl\u0131, Ak Parti \u0130l Ba\u015fkan\u0131 Ali \u00c7etin, Ak Parti Manavgat \u0130l\u00e7e Ba\u015fkan\u0131 Niyazi \u00dcnal, CHP \u0130l\u00e7e Ba\u015fkan\u0131 Oykun Ba\u015far, \u0130Y\u0130 Parti Manavgat \u0130l\u00e7e Ba\u015fkan\u0131 Esma Kara, \u0130Y\u0130 Parti Kepez \u0130l\u00e7e Ba\u015fkan\u0131 Sadullah Kabaku\u015fak, Saadet Partisi Manavgat \u0130l\u00e7e Ba\u015fkan\u0131 \u0130lhami Demiral, Manavgat Bakkallar Bayiler ve B\u00fcfeciler Esnaf Odas\u0131 Ba\u015fkan\u0131 Abdullah Ak\u00e7a, Manavgat Servis\u00e7iler Odas\u0131 Ba\u015fkan\u0131 Mustafa Ayd\u0131n, Manavgat Sabit ve Seyyar Pazarc\u0131lar Odas\u0131 Ba\u015fkan\u0131 Mehmet Do\u011fan, Manavgat S\u00fct ve S\u00fct \u00dcreticileri Birli\u011fi Ba\u015fkan\u0131 Bilal Ay, Manavgat Ziraat Odas\u0131 Ba\u015fkan\u0131 Rasim Metin, Manavgat Serbest Muhasebeci Mali M\u00fc\u015favirler Odas\u0131 Ba\u015fkan\u0131 Sabri Keskin, Manavgat Side T\u00dcRSAB BTK Ba\u015fkan\u0131 Mehmet Uslu, Manavgat \u015eehir \u0130\u00e7i Minib\u00fcs Kooperatif Ba\u015fkan\u0131 Ali \u00c7enesiz, BAKS\u0130FED Ba\u015fkan\u0131 Mustafa Cengiz, ANTG\u0130AD Ba\u015fkan\u0131 Ercan Yava\u015f, Y\u00d6RS\u0130AD Ba\u015fkan\u0131 Mustafa Alper Oral, OS\u0130AD Ba\u015fkan\u0131 Mehmet At\u0131lgan, Antalya Gazeteciler Cemiyeti Ba\u015fkan\u0131 \u0130dris Ta\u015f, Tar\u0131m Yazar\u0131 Gazeteci Ali Ekber Y\u0131ld\u0131r\u0131m, Bloomberg HT Tar\u0131m Edit\u00f6r\u00fc Gazeteci \u0130rfan Donat, Manavgat Gazeteciler Yazarlar Cemiyeti Ba\u015fkan\u0131 Avni Gelendost, Muhtarlar Derne\u011fi Ba\u015fkan\u0131 Tahsin Y\u0131lmaz, K\u0131z\u0131lay Manavgat \u015eube Ba\u015fkan\u0131 P\u0131nar Kapukaya, ziyaret etti.<\/p>\n\n\n\n<p><strong>BA\u015eKAN G\u00dcNG\u00d6R, TE\u015eEKK\u00dcR ETT\u0130<\/strong><\/p>\n\n\n\n<p>MATSO stand\u0131n\u0131 ziyaret eden herkese te\u015fekk\u00fcr eden Ba\u015fkan G\u00fcng\u00f6r, \u201cStand\u0131m\u0131z\u0131 ziyaret eden ba\u015fta TOBB Ba\u015fkan\u0131m\u0131z Rifat Hisarc\u0131kl\u0131o\u011flu olmak \u00fczere herkese te\u015fekk\u00fcr ediyorum. Stand\u0131m\u0131z\u0131 ziyaret eden, samimi dilek ve duygular\u0131n\u0131 payla\u015farak yan\u0131m\u0131zda olan t\u00fcm \u00fcyelerimize, halk\u0131m\u0131za ve dostlar\u0131m\u0131za te\u015fekk\u00fcr ederiz\u201d dedi.<\/p>\n\n\n\n<p>Manavgat Ticaret ve Sanayi Odas\u0131 \/ B\u00fclten<\/p>\n","protected":false},"excerpt":{"rendered":"<p>MATSO, 9-13 Ekim tarihleri aras\u0131nda ANFA\u015e\u2019ta d\u00fczenlenen Y\u00f6resel \u00dcr\u00fcnler Fuar\u0131nda (Y\u00d6REX) ziyaret\u00e7i ak\u0131n\u0131na u\u011frayarak fuar\u0131n g\u00f6zdesi oldu. Antalya Ticaret Borsas\u0131 (ATB) \u00f6nc\u00fcl\u00fc\u011f\u00fcnde T\u00fcrkiye Odalar ve <a href=\"https:\/\/akdenizhaber.com.tr\/index.php\/2024\/10\/17\/matso-yorexin-gozdesi-oldu\/\" class=\"read-more-link\">[more&#8230;]<\/a><\/p>\n","protected":false},"author":2,"featured_media":26168,"comment_status":"open","ping_status":"open","sticky":false,"template":"","format":"standard","meta":{"footnotes":""},"categories":[2],"tags":[],"class_list":["post-26167","post","type-post","status-publish","format-standard","has-post-thumbnail","hentry","category-gundem"],"_links":{"self":[{"href":"https:\/\/akdenizhaber.com.tr\/index.php\/wp-json\/wp\/v2\/posts\/26167","targetHints":{"allow":["GET"]}}],"collection":[{"href":"https:\/\/akdenizhaber.com.tr\/index.php\/wp-json\/wp\/v2\/posts"}],"about":[{"href":"https:\/\/akdenizhaber.com.tr\/index.php\/wp-json\/wp\/v2\/types\/post"}],"author":[{"embeddable":true,"href":"https:\/\/akdenizhaber.com.tr\/index.php\/wp-json\/wp\/v2\/users\/2"}],"replies":[{"embeddable":true,"href":"https:\/\/akdenizhaber.com.tr\/index.php\/wp-json\/wp\/v2\/comments?post=26167"}],"version-history":[{"count":1,"href":"https:\/\/akdenizhaber.com.tr\/index.php\/wp-json\/wp\/v2\/posts\/26167\/revisions"}],"predecessor-version":[{"id":26169,"href":"https:\/\/akdenizhaber.com.tr\/index.php\/wp-json\/wp\/v2\/posts\/26167\/revisions\/26169"}],"wp:featuredmedia":[{"embeddable":true,"href":"https:\/\/akdenizhaber.com.tr\/index.php\/wp-json\/wp\/v2\/media\/26168"}],"wp:attachment":[{"href":"https:\/\/akdenizhaber.com.tr\/index.php\/wp-json\/wp\/v2\/media?parent=26167"}],"wp:term":[{"taxonomy":"category","embeddable":true,"href":"https:\/\/akdenizhaber.com.tr\/index.php\/wp-json\/wp\/v2\/categories?post=26167"},{"taxonomy":"post_tag","embeddable":true,"href":"https:\/\/akdenizhaber.com.tr\/index.php\/wp-json\/wp\/v2\/tags?post=26167"}],"curies":[{"name":"wp","href":"https:\/\/api.w.org\/{rel}","templated":true}]}}