{"id":26161,"date":"2024-10-17T16:06:48","date_gmt":"2024-10-17T13:06:48","guid":{"rendered":"https:\/\/akdenizhaber.com.tr\/?p=26161"},"modified":"2024-10-17T16:06:49","modified_gmt":"2024-10-17T13:06:49","slug":"dr-niyazi-nefi-kara-mahalle-ziyaretlerine-devam-ediyor","status":"publish","type":"post","link":"https:\/\/akdenizhaber.com.tr\/index.php\/2024\/10\/17\/dr-niyazi-nefi-kara-mahalle-ziyaretlerine-devam-ediyor\/","title":{"rendered":"Dr. Niyazi Nefi Kara Mahalle Ziyaretlerine Devam Ediyor"},"content":{"rendered":"\n<p>Manavgat Belediye Ba\u015fkan\u0131 Dr. Niyazi Nefi Kara, Beydi\u011fin, K\u0131z\u0131lda\u011f ve \u00c7ardak mahallelerini ziyaret ederek vatanda\u015flarla bir araya geldi.<\/p>\n\n\n\n<p>Vatanda\u015f\u0131n taleplerini yerinde dinlemek i\u00e7in sahaya inen ve mahalle bulu\u015fmalar\u0131na devam eden Manavgat Belediye Ba\u015fkan\u0131 Dr. Niyazi Nefi Kara, belediye ba\u015fkan yard\u0131mc\u0131lar\u0131, siyasi parti temsilcileri ve meclis \u00fcyeleriyle birlikte Beydi\u011fin, K\u0131z\u0131lda\u011f ve \u00c7ardak mahallelerine ger\u00e7ekle\u015ftirdi\u011fi ziyaretlerde vatanda\u015flarla bir araya geldi. Ziyaretler s\u0131ras\u0131nda, vatanda\u015flar\u0131n taleplerini dinleyen Ba\u015fkan Kara, belediyenin y\u00fcr\u00fctmekte oldu\u011fu projeler hakk\u0131nda bilgi verdi ve mahallelerin ihtiya\u00e7lar\u0131na y\u00f6nelik talepleri dinledi.<\/p>\n\n\n\n<p>\u0130lk Dura\u011f\u0131 Beydi\u011fin Oldu<\/p>\n\n\n\n<p>Ba\u015fkan Kara&#8217;n\u0131n ilk dura\u011f\u0131 Beydi\u011fin Mahallesi oldu. Beydi\u011fin Mahallesi sakinleri Ba\u015fkan Kara ve beraberindeki heyete yemek ikram\u0131nda bulundu. Burada, mahalle sakinleriyle bir araya gelen Ba\u015fkan Kara, vatanda\u015flar\u0131n g\u00fcnl\u00fck ya\u015famda kar\u015f\u0131la\u015ft\u0131klar\u0131 zorluklar\u0131 dinledi. Ba\u015fkan Kara, mahalledeki eksikliklerin giderilmesi ve taleplerin yerine getirilmesi i\u00e7in gerekli ad\u0131mlar\u0131n at\u0131laca\u011f\u0131na dair vatanda\u015flara bilgi verdi. Ayr\u0131ca, mahalle sakinlerinin \u00f6neri ve \u015fikayetlerini not alarak, ilgili birimlere iletilmek \u00fczere gerekli talimatlar\u0131 verdi.<\/p>\n\n\n\n<p>K\u0131z\u0131lda\u011f Mahallesi&#8217;ndeki vatanda\u015flar, kapal\u0131 alan yap\u0131lmas\u0131, evlere yak\u0131n olan elektrik direklerinin ta\u015f\u0131nmas\u0131 noktas\u0131ndaki taleplerini Ba\u015fkan Kara\u2019ya bildirdi. Ba\u015fkan Kara, sorumluluk alanlar\u0131na giren konularla ilgileneceklerini, elektrik konusunda da da\u011f\u0131t\u0131m \u015firketiyle g\u00f6r\u00fc\u015fece\u011fini ifade etti.<\/p>\n\n\n\n<p>\u00c7ardak Mahallesi&#8217;nde ise altyap\u0131 \u00e7al\u0131\u015fmalar\u0131, temizlik ve \u00e7evre d\u00fczenlemesi noktas\u0131nda vatanda\u015flar\u0131n belediyeden talepleri oldu. Ba\u015fkan Kara, \u201cSe\u00e7imden se\u00e7ime de\u011fil her zaman sizleri dinlemek istiyoruz. Se\u00e7im d\u00f6nemi projelerimizi yava\u015f yava\u015f uygulamaya ba\u015flad\u0131k. Acil olan istekleriniz varsa, yapabileceklerimizi biz yapaca\u011f\u0131z, yapamayacaklar\u0131m\u0131z\u0131 ilgili kurumlara iletece\u011fiz.\u201d ifadelerini kulland\u0131.<\/p>\n\n\n\n<p>Belediyenin Proje ve \u00c7al\u0131\u015fmalar\u0131<\/p>\n\n\n\n<p>Ziyaretlerin yan\u0131 s\u0131ra, Ba\u015fkan Kara, belediyenin y\u00fcr\u00fctmekte oldu\u011fu projeler hakk\u0131nda da bilgi verdi. Ye\u015fil alanlar\u0131n art\u0131r\u0131lmas\u0131, yollar\u0131n yenilenmesi ve altyap\u0131 \u00e7al\u0131\u015fmalar\u0131n\u0131n h\u0131zland\u0131r\u0131lmas\u0131 gibi konular \u00fczerinde durdu. Ba\u015fkan Kara, &#8220;Amac\u0131m\u0131z, Manavgat&#8217;\u0131 daha ya\u015fanabilir bir \u015fehir haline getirmek ve vatanda\u015flar\u0131m\u0131z\u0131n ihtiya\u00e7lar\u0131n\u0131 en iyi \u015fekilde kar\u015f\u0131lamak.&#8221; dedi.<\/p>\n\n\n\n<p>Ba\u015fkan Kara, mahalle ziyaretlerinin d\u00fczenli olarak devam edece\u011fini ve her hafta farkl\u0131 mahalleleri ziyaret ederek halkla bulu\u015fmay\u0131 planlad\u0131klar\u0131n\u0131 ifade etti. Ba\u015fkan Kara, &#8220;B\u00fct\u00fcn mahallelerimizi geziyoruz. Bir\u00e7ok \u00e7al\u0131\u015fmam\u0131z\u0131, projelerimizi ba\u015flatt\u0131k, hayata ge\u00e7iyoruz. 106 Mahallemiz var, hepsini gezece\u011fiz. Gece g\u00fcnd\u00fcz durmadan \u00e7al\u0131\u015faca\u011f\u0131z.&#8221; dedi.<\/p>\n\n\n\n<p>Manavgat Belediyesi \/ B\u00fclten<\/p>\n","protected":false},"excerpt":{"rendered":"<p>Manavgat Belediye Ba\u015fkan\u0131 Dr. Niyazi Nefi Kara, Beydi\u011fin, K\u0131z\u0131lda\u011f ve \u00c7ardak mahallelerini ziyaret ederek vatanda\u015flarla bir araya geldi. Vatanda\u015f\u0131n taleplerini yerinde dinlemek i\u00e7in sahaya inen <a href=\"https:\/\/akdenizhaber.com.tr\/index.php\/2024\/10\/17\/dr-niyazi-nefi-kara-mahalle-ziyaretlerine-devam-ediyor\/\" class=\"read-more-link\">[more&#8230;]<\/a><\/p>\n","protected":false},"author":2,"featured_media":26162,"comment_status":"open","ping_status":"open","sticky":false,"template":"","format":"standard","meta":{"footnotes":""},"categories":[2],"tags":[],"class_list":["post-26161","post","type-post","status-publish","format-standard","has-post-thumbnail","hentry","category-gundem"],"_links":{"self":[{"href":"https:\/\/akdenizhaber.com.tr\/index.php\/wp-json\/wp\/v2\/posts\/26161","targetHints":{"allow":["GET"]}}],"collection":[{"href":"https:\/\/akdenizhaber.com.tr\/index.php\/wp-json\/wp\/v2\/posts"}],"about":[{"href":"https:\/\/akdenizhaber.com.tr\/index.php\/wp-json\/wp\/v2\/types\/post"}],"author":[{"embeddable":true,"href":"https:\/\/akdenizhaber.com.tr\/index.php\/wp-json\/wp\/v2\/users\/2"}],"replies":[{"embeddable":true,"href":"https:\/\/akdenizhaber.com.tr\/index.php\/wp-json\/wp\/v2\/comments?post=26161"}],"version-history":[{"count":1,"href":"https:\/\/akdenizhaber.com.tr\/index.php\/wp-json\/wp\/v2\/posts\/26161\/revisions"}],"predecessor-version":[{"id":26163,"href":"https:\/\/akdenizhaber.com.tr\/index.php\/wp-json\/wp\/v2\/posts\/26161\/revisions\/26163"}],"wp:featuredmedia":[{"embeddable":true,"href":"https:\/\/akdenizhaber.com.tr\/index.php\/wp-json\/wp\/v2\/media\/26162"}],"wp:attachment":[{"href":"https:\/\/akdenizhaber.com.tr\/index.php\/wp-json\/wp\/v2\/media?parent=26161"}],"wp:term":[{"taxonomy":"category","embeddable":true,"href":"https:\/\/akdenizhaber.com.tr\/index.php\/wp-json\/wp\/v2\/categories?post=26161"},{"taxonomy":"post_tag","embeddable":true,"href":"https:\/\/akdenizhaber.com.tr\/index.php\/wp-json\/wp\/v2\/tags?post=26161"}],"curies":[{"name":"wp","href":"https:\/\/api.w.org\/{rel}","templated":true}]}}