{"id":26149,"date":"2024-10-14T15:46:41","date_gmt":"2024-10-14T12:46:41","guid":{"rendered":"https:\/\/akdenizhaber.com.tr\/?p=26149"},"modified":"2024-10-14T15:46:41","modified_gmt":"2024-10-14T12:46:41","slug":"rahvan-at-yarislari-coskusu-yasandi","status":"publish","type":"post","link":"https:\/\/akdenizhaber.com.tr\/index.php\/2024\/10\/14\/rahvan-at-yarislari-coskusu-yasandi\/","title":{"rendered":"Rahvan At Yar\u0131\u015flar\u0131 Co\u015fkusu Ya\u015fand\u0131"},"content":{"rendered":"\n<p>Manavgat Belediyesi ve T\u00fcrkiye Geleneksel Atl\u0131 Spor Dallar\u0131 Federasyonu i\u015fbirli\u011fiyle d\u00fczenlenen 15. Manavgat-Side Geleneksel Rahvan At Yar\u0131\u015flar\u0131, Sorgun Atat\u00fcrk Stadyumu yan\u0131ndaki sahada b\u00fcy\u00fck bir kat\u0131l\u0131mla ger\u00e7ekle\u015fti.<\/p>\n\n\n\n<p>Yar\u0131\u015flar\u0131, Manavgat Belediye Ba\u015fkan\u0131 Dr. Niyazi Nefi Kara, Manavgat Belediyesi G\u00fcre\u015f Kul\u00fcb\u00fc Sporcular\u0131 Ba\u015fpehlivanlar Ali G\u00fcrb\u00fcz ile Osman Kan, milletvekilleri, siyasi parti temsilcileri, belediye ba\u015fkan yard\u0131mc\u0131lar\u0131, oda ba\u015fkanlar\u0131, STK temsilcileri, muhtarlar ve binlerce vatanda\u015f yerinde takip etti.<\/p>\n\n\n\n<p>120 Atl\u0131 Sporcu M\u00fccadele Etti<\/p>\n\n\n\n<p>15. Manavgat-Side Geleneksel Rahvan At Yar\u0131\u015flar\u0131; Ba\u015f Atlar, Ba\u015f Alt\u0131 Atlar\u0131, B\u00fcy\u00fck Orta Atlar\u0131, K\u00fc\u00e7\u00fck Orta Atlar\u0131, Deste Boy, Taze 5\u2019li, 4\u2019l\u00fc Tay, 3\u2019l\u00fc Tay, \u0130thal A, \u0130thal B ve 4 Nal Atlar kategorilerinde toplam 120 atl\u0131 sporcunun kat\u0131l\u0131m\u0131yla ger\u00e7ekle\u015ftirildi. G\u00f6z kama\u015ft\u0131ran atlar ve becerikli jokeyler, izleyicilere heyecan dolu anlar ya\u015fatt\u0131. Yar\u0131\u015fmalar\u0131n sonunda, dereceye giren kat\u0131l\u0131mc\u0131lara \u00f6d\u00fclleri verildi. \u00d6d\u00fcl t\u00f6reninde, birinci olan jokeylere kupa ve plaket takdim edildi. Kategorilerine g\u00f6re kazanan atlar ve jokeyler \u015fu \u015fekilde:<\/p>\n\n\n\n<p>\u0130THAL A \u2013 Paris \u2013 Ali \u015een<\/p>\n\n\n\n<p>\u0130THAL B \u2013 Tulpar \u2013 Ahmet G\u00f6k\u00e7e<\/p>\n\n\n\n<p>\u00dc\u00c7L\u00dc TAY \u2013 Tanem \u2013 Ali \u015een<\/p>\n\n\n\n<p>D\u00d6RTL\u00dc TAY \u2013 Gece \u2013 Durmu\u015f Erginsoy<\/p>\n\n\n\n<p>DESTE \u2013 Uzuna\u011fa \u2013 Ahmet G\u00f6k\u00e7e<\/p>\n\n\n\n<p>K\u00dc\u00c7\u00dcK ORTA \u2013 Devrim \u2013 Resul Demir<\/p>\n\n\n\n<p>B\u00dcY\u00dcK ORTA \u2013 Diezel \u2013 Nurettin \u00c7ar\u0131k\u00e7\u0131o\u011flu<\/p>\n\n\n\n<p>BA\u015eALTI \u2013 A\u015fkar \u2013 Okan Demir<\/p>\n\n\n\n<p>BA\u015e \u2013 Tamis\u00e7i \u2013 Okan Demir<\/p>\n\n\n\n<p>Ba\u015fkan Kara\u2019ya Te\u015fekk\u00fcr<\/p>\n\n\n\n<p>Manavgat-Side Rahvan At\u00e7\u0131lar\u0131 Spor Kul\u00fcb\u00fc Ba\u015fkan\u0131 Hasan Delikkulak, etkinli\u011fe katk\u0131lar\u0131ndan dolay\u0131 Manavgat Belediye Ba\u015fkan\u0131 Dr. Niyazi Nefi Kara\u2019ya te\u015fekk\u00fcr etti. Delikkulak, \u201cBizlere her zaman destek veren Federasyon Ba\u015fkan\u0131m\u0131z Say\u0131n Hakan Kazanc\u0131\u2019ya, Atl\u0131 Spor Dallar\u0131 Federasyonu Asba\u015fkan\u0131m\u0131z Say\u0131n Tayfun Karata\u015f\u2019a, bizlere her y\u0131l en b\u00fcy\u00fck deste\u011fi sa\u011flayan Manavgat Belediyesi\u2019ne ve Belediye Ba\u015fkan\u0131m\u0131z Say\u0131n Dr. Niyazi Nefi Kara\u2019ya \u00e7ok te\u015fekk\u00fcr ediyorum. Yo\u011fun bir seyirci ve sporcu kat\u0131l\u0131m\u0131m\u0131z var.\u201d ifadelerini kulland\u0131.<\/p>\n\n\n\n<p>Ba\u015fkan Kara\u2019dan Miras Vurgusu<\/p>\n\n\n\n<p>Manavgat Belediye Ba\u015fkan\u0131 Dr. Niyazi Nefi Kara, geleneksel sporlar\u0131n \u00f6nemine vurgu yaparak, bu t\u00fcr etkinliklerin k\u00fclt\u00fcrel miras\u0131n ya\u015fat\u0131lmas\u0131 a\u00e7\u0131s\u0131ndan b\u00fcy\u00fck bir de\u011fer ta\u015f\u0131d\u0131\u011f\u0131n\u0131 belirtti. Ba\u015fkan Kara, \u201cManavgat\u2019\u0131m\u0131za te\u015frif eden b\u00fct\u00fcn at\u00e7\u0131lar\u0131m\u0131z ho\u015f geldi. Bizleri onurland\u0131rd\u0131lar. Sevgili Ba\u015fkan\u0131m Hasan Delikkulak bizleri s\u00fcrekli destekledi, bu organizasyonlar\u0131 s\u00fcrd\u00fcrece\u011fiz. Bizler insan odakl\u0131 belediye hizmetlerini \u00f6nceliyoruz. En b\u00fcy\u00fck de\u011ferimiz insand\u0131r diyoruz. Bug\u00fcnlerde farkl\u0131 nedenlerden dolay\u0131 kad\u0131nlar\u0131m\u0131za, \u00e7ocuklar\u0131m\u0131za \u015fiddeti g\u00f6r\u00fcyoruz, kad\u0131na \u015fiddete son diyoruz. Spor ise bar\u0131\u015ft\u0131r, karde\u015fliktir. Asli g\u00f6revimiz olan sosyal belediyecili\u011fin yan\u0131nda spora olan deste\u011fimizi s\u00fcrd\u00fcrece\u011fiz. \u00c7\u00fcnk\u00fc sporcu ahlakl\u0131d\u0131r, zekidir. Organizasyonda eme\u011fi ge\u00e7en belediye emek\u00e7ilerimize, Hasan Delikkulak ba\u015fkan\u0131ma, b\u00fct\u00fcn oda ba\u015fkanlar\u0131m\u0131za, sivil toplum \u00f6rg\u00fclerimize, muhtarlar\u0131m\u0131za ve en \u00e7ok da g\u00fcvenlik g\u00fc\u00e7lerimize te\u015fekk\u00fcr ediyorum.\u201d dedi.<\/p>\n\n\n\n<p>Manavgat-Side Rahvan At\u00e7\u0131lar\u0131 Spor Kul\u00fcb\u00fc Ba\u015fkan\u0131 Hasan Delikkulak, T\u00fcrkiye Geleneksel Atl\u0131 Spor Dallar\u0131 Federasyonu Ba\u015fkan\u0131 Hakan Kazanc\u0131 ad\u0131na Manavgat Belediye Ba\u015fkan\u0131 Dr. Niyazi Nefi Kara\u2019ya \u015filt takdim etti.<\/p>\n\n\n\n<p>Manavgat-Side Geleneksel Rahvan At Yar\u0131\u015flar\u0131, bir kez daha geleneksel sporlar\u0131n ya\u015fat\u0131lmas\u0131 ve yayg\u0131nla\u015ft\u0131r\u0131lmas\u0131 a\u00e7\u0131s\u0131ndan \u00f6nemli bir platform oldu. Bu y\u0131lki etkinlik, hem Manavgatl\u0131lar\u0131 hem de T\u00fcrkiye\u2019nin d\u00f6rt bir yan\u0131ndan gelen atl\u0131 spor tutkunlar\u0131n\u0131 bir araya getirerek unutulmaz anlara sahne oldu.<\/p>\n\n\n\n<p>Manavgat Belediyesi \/ B\u00fclten<\/p>\n","protected":false},"excerpt":{"rendered":"<p>Manavgat Belediyesi ve T\u00fcrkiye Geleneksel Atl\u0131 Spor Dallar\u0131 Federasyonu i\u015fbirli\u011fiyle d\u00fczenlenen 15. Manavgat-Side Geleneksel Rahvan At Yar\u0131\u015flar\u0131, Sorgun Atat\u00fcrk Stadyumu yan\u0131ndaki sahada b\u00fcy\u00fck bir kat\u0131l\u0131mla <a href=\"https:\/\/akdenizhaber.com.tr\/index.php\/2024\/10\/14\/rahvan-at-yarislari-coskusu-yasandi\/\" class=\"read-more-link\">[more&#8230;]<\/a><\/p>\n","protected":false},"author":2,"featured_media":26150,"comment_status":"open","ping_status":"open","sticky":false,"template":"","format":"standard","meta":{"footnotes":""},"categories":[2],"tags":[],"class_list":["post-26149","post","type-post","status-publish","format-standard","has-post-thumbnail","hentry","category-gundem"],"_links":{"self":[{"href":"https:\/\/akdenizhaber.com.tr\/index.php\/wp-json\/wp\/v2\/posts\/26149","targetHints":{"allow":["GET"]}}],"collection":[{"href":"https:\/\/akdenizhaber.com.tr\/index.php\/wp-json\/wp\/v2\/posts"}],"about":[{"href":"https:\/\/akdenizhaber.com.tr\/index.php\/wp-json\/wp\/v2\/types\/post"}],"author":[{"embeddable":true,"href":"https:\/\/akdenizhaber.com.tr\/index.php\/wp-json\/wp\/v2\/users\/2"}],"replies":[{"embeddable":true,"href":"https:\/\/akdenizhaber.com.tr\/index.php\/wp-json\/wp\/v2\/comments?post=26149"}],"version-history":[{"count":1,"href":"https:\/\/akdenizhaber.com.tr\/index.php\/wp-json\/wp\/v2\/posts\/26149\/revisions"}],"predecessor-version":[{"id":26151,"href":"https:\/\/akdenizhaber.com.tr\/index.php\/wp-json\/wp\/v2\/posts\/26149\/revisions\/26151"}],"wp:featuredmedia":[{"embeddable":true,"href":"https:\/\/akdenizhaber.com.tr\/index.php\/wp-json\/wp\/v2\/media\/26150"}],"wp:attachment":[{"href":"https:\/\/akdenizhaber.com.tr\/index.php\/wp-json\/wp\/v2\/media?parent=26149"}],"wp:term":[{"taxonomy":"category","embeddable":true,"href":"https:\/\/akdenizhaber.com.tr\/index.php\/wp-json\/wp\/v2\/categories?post=26149"},{"taxonomy":"post_tag","embeddable":true,"href":"https:\/\/akdenizhaber.com.tr\/index.php\/wp-json\/wp\/v2\/tags?post=26149"}],"curies":[{"name":"wp","href":"https:\/\/api.w.org\/{rel}","templated":true}]}}