{"id":26121,"date":"2024-10-14T15:35:49","date_gmt":"2024-10-14T12:35:49","guid":{"rendered":"https:\/\/akdenizhaber.com.tr\/?p=26121"},"modified":"2024-10-14T15:35:49","modified_gmt":"2024-10-14T12:35:49","slug":"buyuksehir-standi-yorexte-buyuk-ilgi-gordu","status":"publish","type":"post","link":"https:\/\/akdenizhaber.com.tr\/index.php\/2024\/10\/14\/buyuksehir-standi-yorexte-buyuk-ilgi-gordu\/","title":{"rendered":"B\u00fcy\u00fck\u015fehir stand\u0131 Y\u00d6REX\u2019te b\u00fcy\u00fck ilgi g\u00f6rd\u00fc"},"content":{"rendered":"\n<p>Antalya B\u00fcy\u00fck\u015fehir Belediyesi, bu y\u0131l 13\u2019nc\u00fcs\u00fc d\u00fczenlenen Y\u00f6resel \u00dcr\u00fcnler Fuar\u0131\u2019nda (Y\u00d6REX) stand\u0131nda sergiledi\u011fi yerel \u00fcr\u00fcnler ile ziyaret\u00e7ilerin ak\u0131n\u0131na u\u011fruyor. Stand\u0131 ziyaret eden vatanda\u015flara tarhana \u00e7orbas\u0131 ikram\u0131nda bulunuluyor.<\/p>\n\n\n\n<p>Anadolu\u2019dan gelen binlerce y\u00f6resel \u00fcr\u00fcn\u00fcn ziyaret\u00e7ilerle bulu\u015ftu\u011fu Antalya Ticaret Borsas\u0131 (ATB)&nbsp; ev sahipli\u011finde bu y\u0131l 13\u2019nc\u00fcs\u00fc d\u00fczenlenen Y\u00d6REX Fuar\u0131\u2019nda Antalya B\u00fcy\u00fck\u015fehir Belediyesi de yerini alarak stand\u0131 ile fuara renk katt\u0131.<\/p>\n\n\n\n<p>KADIN KOOPERAT\u0130FLER\u0130NE TANITIM DESTE\u011e\u0130<\/p>\n\n\n\n<p>ANFA\u015e Fuar Merkezi\u2019nde devam eden Y\u00f6resel \u00dcr\u00fcnler Fuar\u0131\u2019nda Antalya\u2019n\u0131n co\u011frafi i\u015faretli \u00fcr\u00fcnlerinin tan\u0131t\u0131m\u0131n\u0131 yapan B\u00fcy\u00fck\u015fehir Belediyesi, stand\u0131nda her t\u00fcrl\u00fc deste\u011fi sa\u011flad\u0131\u011f\u0131 Kad\u0131n \u0130\u015fg\u00fcc\u00fc Geli\u015ftirme Program\u0131 dahilinde i\u015fbirli\u011fi yapt\u0131\u011f\u0131 kad\u0131n kooperatiflerine de yer veriyor. B\u00fcy\u00fck\u015fehir Belediyesi\u2019nin Y\u00d6REX\u2019teki stand\u0131nda \u00fcr\u00fcnlerini sergileme, tan\u0131tma ve pazarlama imkan\u0131 bulan kad\u0131n kooperatiflerine kendi el eme\u011fi \u00fcr\u00fcnlerini satarak kazan\u00e7 elde etme imkan\u0131 da sa\u011flan\u0131yor.<\/p>\n\n\n\n<p>EV TARHANASI \u0130KRAMI<\/p>\n\n\n\n<p><a><\/a>B\u00fcy\u00fck\u015fehir Belediyesi\u2019nin fuarda yer alan stand\u0131nda el eme\u011fiyle \u00fcretilen ev tarhanas\u0131 ve eri\u015fte pi\u015firilerek hem ziyaret\u00e7ilere tatt\u0131r\u0131ld\u0131 hem de evlerinde pi\u015firilmesi i\u00e7in ikram edildi.<\/p>\n\n\n\n<p>Antalya B\u00fcy\u00fck\u015fehir Belediyesi \/ B\u00fclten<\/p>\n","protected":false},"excerpt":{"rendered":"<p>Antalya B\u00fcy\u00fck\u015fehir Belediyesi, bu y\u0131l 13\u2019nc\u00fcs\u00fc d\u00fczenlenen Y\u00f6resel \u00dcr\u00fcnler Fuar\u0131\u2019nda (Y\u00d6REX) stand\u0131nda sergiledi\u011fi yerel \u00fcr\u00fcnler ile ziyaret\u00e7ilerin ak\u0131n\u0131na u\u011fruyor. Stand\u0131 ziyaret eden vatanda\u015flara tarhana \u00e7orbas\u0131 <a href=\"https:\/\/akdenizhaber.com.tr\/index.php\/2024\/10\/14\/buyuksehir-standi-yorexte-buyuk-ilgi-gordu\/\" class=\"read-more-link\">[more&#8230;]<\/a><\/p>\n","protected":false},"author":2,"featured_media":26122,"comment_status":"open","ping_status":"open","sticky":false,"template":"","format":"standard","meta":{"footnotes":""},"categories":[2],"tags":[],"class_list":["post-26121","post","type-post","status-publish","format-standard","has-post-thumbnail","hentry","category-gundem"],"_links":{"self":[{"href":"https:\/\/akdenizhaber.com.tr\/index.php\/wp-json\/wp\/v2\/posts\/26121","targetHints":{"allow":["GET"]}}],"collection":[{"href":"https:\/\/akdenizhaber.com.tr\/index.php\/wp-json\/wp\/v2\/posts"}],"about":[{"href":"https:\/\/akdenizhaber.com.tr\/index.php\/wp-json\/wp\/v2\/types\/post"}],"author":[{"embeddable":true,"href":"https:\/\/akdenizhaber.com.tr\/index.php\/wp-json\/wp\/v2\/users\/2"}],"replies":[{"embeddable":true,"href":"https:\/\/akdenizhaber.com.tr\/index.php\/wp-json\/wp\/v2\/comments?post=26121"}],"version-history":[{"count":1,"href":"https:\/\/akdenizhaber.com.tr\/index.php\/wp-json\/wp\/v2\/posts\/26121\/revisions"}],"predecessor-version":[{"id":26123,"href":"https:\/\/akdenizhaber.com.tr\/index.php\/wp-json\/wp\/v2\/posts\/26121\/revisions\/26123"}],"wp:featuredmedia":[{"embeddable":true,"href":"https:\/\/akdenizhaber.com.tr\/index.php\/wp-json\/wp\/v2\/media\/26122"}],"wp:attachment":[{"href":"https:\/\/akdenizhaber.com.tr\/index.php\/wp-json\/wp\/v2\/media?parent=26121"}],"wp:term":[{"taxonomy":"category","embeddable":true,"href":"https:\/\/akdenizhaber.com.tr\/index.php\/wp-json\/wp\/v2\/categories?post=26121"},{"taxonomy":"post_tag","embeddable":true,"href":"https:\/\/akdenizhaber.com.tr\/index.php\/wp-json\/wp\/v2\/tags?post=26121"}],"curies":[{"name":"wp","href":"https:\/\/api.w.org\/{rel}","templated":true}]}}