{"id":26113,"date":"2024-10-10T16:04:09","date_gmt":"2024-10-10T13:04:09","guid":{"rendered":"https:\/\/akdenizhaber.com.tr\/?p=26113"},"modified":"2024-10-10T16:04:30","modified_gmt":"2024-10-10T13:04:30","slug":"manavgatta-rahvan-at-yarislari-heyecani-tirmaniyor","status":"publish","type":"post","link":"https:\/\/akdenizhaber.com.tr\/index.php\/2024\/10\/10\/manavgatta-rahvan-at-yarislari-heyecani-tirmaniyor\/","title":{"rendered":"Manavgat&#8217;ta Rahvan At Yar\u0131\u015flar\u0131 Heyecan\u0131 T\u0131rman\u0131yor"},"content":{"rendered":"\n<p>Hasan Delikkulak: &#8220;Bu Gelene\u011fi Daha \u0130leriye Ta\u015f\u0131yaca\u011f\u0131z&#8221;<\/p>\n\n\n\n<p>Manavgat&#8217;ta geleneksel hale gelen rahvan at yar\u0131\u015flar\u0131, bu y\u0131l 15&#8217;incisi ile at severleri bir araya getirecek. Manavgat Side Rahvan Atlar\u0131 Spor Derne\u011fi Ba\u015fkan\u0131 Hasan Delikkulak, yar\u0131\u015flara dair heyecan verici a\u00e7\u0131klamalarda bulundu.<\/p>\n\n\n\n\n\n<p>Delikkulak, 50 y\u0131ll\u0131k bir gelene\u011fi ya\u015fatman\u0131n gururunu ta\u015f\u0131d\u0131klar\u0131n\u0131 belirterek, bu y\u0131lki yar\u0131\u015flara T\u00fcrkiye&#8217;nin d\u00f6rt bir yan\u0131ndan yo\u011fun ilgi oldu\u011funu s\u00f6yledi. 9 kategoride d\u00fczenlenecek yar\u0131\u015flarda toplamda 400 bin TL \u00f6d\u00fcl da\u011f\u0131t\u0131lacak. Ayr\u0131ca, yabanc\u0131 kat\u0131l\u0131mc\u0131lar da yar\u0131\u015flara renk katacak.<\/p>\n\n\n\n<p>Delikkulak&#8217;\u0131n A\u00e7\u0131klamalar\u0131ndan \u00d6nemli Ba\u015fl\u0131klar:<\/p>\n\n\n\n<p>Yo\u011fun Kat\u0131l\u0131m: Bu y\u0131l 120&#8217;nin \u00fczerinde at\u0131n yar\u0131\u015fmas\u0131 bekleniyor.<\/p>\n\n\n\n<p>Zengin \u00d6d\u00fcl Havuzu: Toplamda 400 bin TL \u00f6d\u00fcl da\u011f\u0131t\u0131lacak.<\/p>\n\n\n\n<p>Uluslararas\u0131 Kat\u0131l\u0131m: Almanya, \u0130ngiltere, Norve\u00e7, Fransa ve \u0130talya gibi \u00fclkelerden kat\u0131l\u0131mc\u0131lar olacak.<\/p>\n\n\n\n<p>\u00c7ocuklara \u00d6zel Etkinlikler: Yar\u0131\u015flara gelen \u00e7ocuklar i\u00e7in \u00fccretsiz at binme imkan\u0131 sa\u011flanacak.<\/p>\n\n\n\n<p>B\u00fcy\u00fcyen Bir Aile: Derne\u011fin \u00fcye say\u0131s\u0131 her ge\u00e7en g\u00fcn art\u0131yor.<\/p>\n\n\n\n<p>Geni\u015fleyen Vizyon: Atl\u0131 cirit, atl\u0131 ok\u00e7uluk gibi spor dallar\u0131n\u0131 da kapsayan bir festival d\u00fczenleme hedefleniyor.<\/p>\n\n\n\n<p>Manavgat Belediyesi&#8217;nden Tam Destek<\/p>\n\n\n\n<p>Manavgat Belediyesi, her y\u0131l oldu\u011fu gibi bu y\u0131l da yar\u0131\u015flara b\u00fcy\u00fck destek veriyor. Belediye Ba\u015fkan\u0131&#8217;n\u0131n da yar\u0131\u015flara kat\u0131l\u0131m sa\u011flayaca\u011f\u0131 \u00f6\u011frenildi.<\/p>\n\n\n\n<p>Manavgat&#8217;ta Unutulmaz Bir G\u00fcn<\/p>\n\n\n\n<p>Ba\u015fkan Delikkulak, 13 Ekim Pazar g\u00fcn\u00fc, Manavgat&#8217;ta atlar\u0131n heyecan dolu m\u00fccadelesine tan\u0131k olmak isteyen herkesi yar\u0131\u015flara davet ediyor.<\/p>\n\n\n\n<p>B\u00fc\u015fra Deveci \/Haber<\/p>\n","protected":false},"excerpt":{"rendered":"<p>Hasan Delikkulak: &#8220;Bu Gelene\u011fi Daha \u0130leriye Ta\u015f\u0131yaca\u011f\u0131z&#8221; Manavgat&#8217;ta geleneksel hale gelen rahvan at yar\u0131\u015flar\u0131, bu y\u0131l 15&#8217;incisi ile at severleri bir araya getirecek. Manavgat Side <a href=\"https:\/\/akdenizhaber.com.tr\/index.php\/2024\/10\/10\/manavgatta-rahvan-at-yarislari-heyecani-tirmaniyor\/\" class=\"read-more-link\">[more&#8230;]<\/a><\/p>\n","protected":false},"author":2,"featured_media":26114,"comment_status":"open","ping_status":"open","sticky":false,"template":"","format":"standard","meta":{"footnotes":""},"categories":[2],"tags":[],"class_list":["post-26113","post","type-post","status-publish","format-standard","has-post-thumbnail","hentry","category-gundem"],"_links":{"self":[{"href":"https:\/\/akdenizhaber.com.tr\/index.php\/wp-json\/wp\/v2\/posts\/26113","targetHints":{"allow":["GET"]}}],"collection":[{"href":"https:\/\/akdenizhaber.com.tr\/index.php\/wp-json\/wp\/v2\/posts"}],"about":[{"href":"https:\/\/akdenizhaber.com.tr\/index.php\/wp-json\/wp\/v2\/types\/post"}],"author":[{"embeddable":true,"href":"https:\/\/akdenizhaber.com.tr\/index.php\/wp-json\/wp\/v2\/users\/2"}],"replies":[{"embeddable":true,"href":"https:\/\/akdenizhaber.com.tr\/index.php\/wp-json\/wp\/v2\/comments?post=26113"}],"version-history":[{"count":2,"href":"https:\/\/akdenizhaber.com.tr\/index.php\/wp-json\/wp\/v2\/posts\/26113\/revisions"}],"predecessor-version":[{"id":26117,"href":"https:\/\/akdenizhaber.com.tr\/index.php\/wp-json\/wp\/v2\/posts\/26113\/revisions\/26117"}],"wp:featuredmedia":[{"embeddable":true,"href":"https:\/\/akdenizhaber.com.tr\/index.php\/wp-json\/wp\/v2\/media\/26114"}],"wp:attachment":[{"href":"https:\/\/akdenizhaber.com.tr\/index.php\/wp-json\/wp\/v2\/media?parent=26113"}],"wp:term":[{"taxonomy":"category","embeddable":true,"href":"https:\/\/akdenizhaber.com.tr\/index.php\/wp-json\/wp\/v2\/categories?post=26113"},{"taxonomy":"post_tag","embeddable":true,"href":"https:\/\/akdenizhaber.com.tr\/index.php\/wp-json\/wp\/v2\/tags?post=26113"}],"curies":[{"name":"wp","href":"https:\/\/api.w.org\/{rel}","templated":true}]}}