{"id":26056,"date":"2024-10-07T14:09:28","date_gmt":"2024-10-07T11:09:28","guid":{"rendered":"https:\/\/akdenizhaber.com.tr\/?p=26056"},"modified":"2024-10-07T14:09:28","modified_gmt":"2024-10-07T11:09:28","slug":"antalyasporun-yeni-misafiri-akrep","status":"publish","type":"post","link":"https:\/\/akdenizhaber.com.tr\/index.php\/2024\/10\/07\/antalyasporun-yeni-misafiri-akrep\/","title":{"rendered":"Antalyaspor\u2019un yeni misafiri; \u2018Akrep\u2019 \u00a0"},"content":{"rendered":"\n<p>Antalya B\u00fcy\u00fck\u015fehir Belediyesi, \u2018Sat\u0131n Alma Sahiplen\u2019 slogan\u0131yla her g\u00fcn can dostlar\u0131 yeni yuvalar\u0131na kavu\u015fturuyor. B\u00fcy\u00fck\u015fehir Belediyesi Sokak Hayvanlar\u0131 Ge\u00e7ici Bak\u0131mevi ve Rehabilitasyon Merkezi\u2019nden bir k\u00f6pek Antalyaspor Kul\u00fcb\u00fc taraf\u0131ndan sahiplenildi. K\u00f6pe\u011fe \u2018Akrep\u2019 ismi verildi.<\/p>\n\n\n\n<p>Antalya B\u00fcy\u00fck\u015fehir Belediyesi Sokak Hayvanlar\u0131 Ge\u00e7ici Bak\u0131mevi ve Rehabilitasyon Merkezi, can dostlar\u0131 \u201cSat\u0131n Alma Sahiplen\u201d slogan\u0131yla yeni sahipleriyle bulu\u015fturuyor. Haziran ay\u0131nda Aksu Alt\u0131nta\u015f Mahallesi\u2019nde bir trafik kazas\u0131 sonras\u0131nda B\u00fcy\u00fck\u015fehir Belediyesi Sokak Hayvanlar\u0131 Ge\u00e7ici Bak\u0131mevi ve Rehabilitasyon Merkezi\u2019ne getirilerek, tedavi alt\u0131na al\u0131nan bir sokak k\u00f6pe\u011fi gerekli bak\u0131m ve operasyonlar\u0131 yap\u0131ld\u0131ktan sonra sa\u011fl\u0131\u011f\u0131na kavu\u015ftu.<\/p>\n\n\n\n<p>TES\u0130SLERE \u00c7ABUK ALI\u015eTI<\/p>\n\n\n\n<p>Antalyaspor Kul\u00fcb\u00fc, B\u00fcy\u00fck\u015fehir Belediyesi Sokak Hayvanlar\u0131 Ge\u00e7ici Bak\u0131mevi ve Rehabilitasyon Merkezi i\u015fbirli\u011finde 4 Ekim D\u00fcnya Hayvanlar\u0131 Koruma G\u00fcn\u00fc\u2019nde fark\u0131ndal\u0131k yaratmak amac\u0131yla bu k\u00f6pe\u011fi sahiplendi. Can dost Antalyaspor Atilla Vehbi Konuk Tesisleri\u2019ndeki yeni yuvas\u0131na \u00e7abuk al\u0131\u015ft\u0131. G\u00f6revliler taraf\u0131ndan tesiste k\u0131sa bir gezinti yapt\u0131r\u0131lan can dost, k\u0131rm\u0131z\u0131 beyazl\u0131 kul\u00fcbesinde yeni ya\u015fam\u0131na ba\u015flad\u0131. B\u00fcy\u00fck\u015fehir Belediyesi ve Antalyaspor yetkilileri can dosta \u2018Akrep\u2019 ismini verdi.<\/p>\n\n\n\n<p>Antalya B\u00fcy\u00fck\u015fehir Belediyesi \/ B\u00fclten<\/p>\n\n\n\n<p><\/p>\n","protected":false},"excerpt":{"rendered":"<p>Antalya B\u00fcy\u00fck\u015fehir Belediyesi, \u2018Sat\u0131n Alma Sahiplen\u2019 slogan\u0131yla her g\u00fcn can dostlar\u0131 yeni yuvalar\u0131na kavu\u015fturuyor. B\u00fcy\u00fck\u015fehir Belediyesi Sokak Hayvanlar\u0131 Ge\u00e7ici Bak\u0131mevi ve Rehabilitasyon Merkezi\u2019nden bir k\u00f6pek <a href=\"https:\/\/akdenizhaber.com.tr\/index.php\/2024\/10\/07\/antalyasporun-yeni-misafiri-akrep\/\" class=\"read-more-link\">[more&#8230;]<\/a><\/p>\n","protected":false},"author":2,"featured_media":26057,"comment_status":"open","ping_status":"open","sticky":false,"template":"","format":"standard","meta":{"footnotes":""},"categories":[2],"tags":[],"class_list":["post-26056","post","type-post","status-publish","format-standard","has-post-thumbnail","hentry","category-gundem"],"_links":{"self":[{"href":"https:\/\/akdenizhaber.com.tr\/index.php\/wp-json\/wp\/v2\/posts\/26056","targetHints":{"allow":["GET"]}}],"collection":[{"href":"https:\/\/akdenizhaber.com.tr\/index.php\/wp-json\/wp\/v2\/posts"}],"about":[{"href":"https:\/\/akdenizhaber.com.tr\/index.php\/wp-json\/wp\/v2\/types\/post"}],"author":[{"embeddable":true,"href":"https:\/\/akdenizhaber.com.tr\/index.php\/wp-json\/wp\/v2\/users\/2"}],"replies":[{"embeddable":true,"href":"https:\/\/akdenizhaber.com.tr\/index.php\/wp-json\/wp\/v2\/comments?post=26056"}],"version-history":[{"count":1,"href":"https:\/\/akdenizhaber.com.tr\/index.php\/wp-json\/wp\/v2\/posts\/26056\/revisions"}],"predecessor-version":[{"id":26058,"href":"https:\/\/akdenizhaber.com.tr\/index.php\/wp-json\/wp\/v2\/posts\/26056\/revisions\/26058"}],"wp:featuredmedia":[{"embeddable":true,"href":"https:\/\/akdenizhaber.com.tr\/index.php\/wp-json\/wp\/v2\/media\/26057"}],"wp:attachment":[{"href":"https:\/\/akdenizhaber.com.tr\/index.php\/wp-json\/wp\/v2\/media?parent=26056"}],"wp:term":[{"taxonomy":"category","embeddable":true,"href":"https:\/\/akdenizhaber.com.tr\/index.php\/wp-json\/wp\/v2\/categories?post=26056"},{"taxonomy":"post_tag","embeddable":true,"href":"https:\/\/akdenizhaber.com.tr\/index.php\/wp-json\/wp\/v2\/tags?post=26056"}],"curies":[{"name":"wp","href":"https:\/\/api.w.org\/{rel}","templated":true}]}}