{"id":26009,"date":"2024-10-03T14:19:35","date_gmt":"2024-10-03T11:19:35","guid":{"rendered":"https:\/\/akdenizhaber.com.tr\/?p=26009"},"modified":"2024-10-03T15:40:16","modified_gmt":"2024-10-03T12:40:16","slug":"muhittin-boceke-mektup","status":"publish","type":"post","link":"https:\/\/akdenizhaber.com.tr\/index.php\/2024\/10\/03\/muhittin-boceke-mektup\/","title":{"rendered":"MUH\u0130TT\u0130N B\u00d6CEK\u2019E MEKTUP.."},"content":{"rendered":"\n<p>1999 y\u0131l\u0131nda Anavatan Partisinden Konyaalt\u0131 belediye ba\u015fkan\u0131 se\u00e7ilen sonradan g\u00fcn\u00fcm\u00fczde moda olan \u201cBABA OCA\u011eI\u201d na d\u00f6n\u00fc\u015fle 2004 y\u0131l\u0131nda CHP\u2019den ikinci d\u00f6nem Konyaalt\u0131 belediye ba\u015fkanl\u0131\u011f\u0131 yapan Muhittin B\u00f6cek ba\u015far\u0131l\u0131 i\u015flere imza att\u0131.<br>Y\u0131l 2019 B\u00fcy\u00fck\u015fehir Belediye ba\u015fkanl\u0131\u011f\u0131 koltu\u011funa oturdu.<br>2019 yerel se\u00e7imler \u00f6ncesi o kadar yo\u011fun Manavgat ziyaretleri vard\u0131 ki buradan anlatmam m\u00fcmk\u00fcn de\u011fil!..<br>Se\u00e7im gezilerinde ve mitinglerde Y\u00f6r\u00fck oldu\u011funu \u00fcst\u00fcne basa basa ifade eden Muhitin B\u00f6cek bir ak\u015fam mitingde \u201cBen sizin day\u0131n\u0131z\u0131m\u201d deyiverdi.<br>Ve s\u00f6zde Manavgat\u2019\u0131n day\u0131s\u0131 oluverdi.<br>2019 se\u00e7imlerinde B\u00fcy\u00fck\u015fehir Belediye ba\u015fkan\u0131 se\u00e7ilen Muhittin B\u00f6cek Manavgat\u2019\u0131n yolunu unutuverdi!..<br>Kendi kendine day\u0131l\u0131ktan istifa ederek \u00fcvey day\u0131l\u0131k mertebesine ula\u015farak Alanya\u2019n\u0131n has day\u0131s\u0131 oldu..<br>Manavgat\u2019a B\u00fcy\u00fck\u015fehir\u2019den bir gelirken, Alanya\u2019ya 10 yat\u0131r\u0131m gitti.<br>Defalarca dile getirmemize yaz\u0131p \u00e7izmemize hatta ayak \u00fcst\u00fcde olsa denk geldi\u011fimizde s\u00f6ylemlerimize duyars\u0131z kald\u0131 Muhittin day\u0131m\u0131z..<br>Yani; ilk be\u015f y\u0131ll\u0131k d\u00f6nem \u00fcvey day\u0131 ile idare ettik.<br>Geldik 2024 y\u0131l\u0131na.. Muhittin B\u00f6cek yeniden aday g\u00f6sterildi..<br>Manavgat se\u00e7meninin \u00e7o\u011funlu\u011fu day\u0131lar\u0131na k\u00fcs olmalar\u0131na kar\u015f\u0131n yeniden ba\u015fkan se\u00e7ilmesine katk\u0131 pay\u0131 sa\u011flad\u0131..<br>Muhittin day\u0131m\u0131z ikinci d\u00f6nem ba\u015fkanl\u0131k makam\u0131na se\u00e7ildi..<br>Geride kalan alt\u0131 ayl\u0131k d\u00f6nemde yine elle tutulur, g\u00f6zle g\u00f6r\u00fcl\u00fcr B\u00fcy\u00fck\u015fehir getirisi olmad\u0131 Manavgat\u2019a..<br>\u00dcvey day\u0131l\u0131k aynen devam!..<br>Gazetecili\u011fin yan\u0131 s\u0131ra iki d\u00f6nem oy veren Muhittin B\u00f6cek se\u00e7meni olarak hizmet beklemek hal\u0131m\u0131z\u0131, hat\u0131r\u0131m\u0131z\u0131 sormas\u0131n\u0131 istemek en do\u011fal hakk\u0131m\u0131zd\u0131r.<br>2024 se\u00e7imlerinde Manavgat Belediye Ba\u015fkan\u0131 se\u00e7ilen Dr. Niyazi Nefi Kara ile aras\u0131n\u0131n iyi oldu\u011funu bildi\u011fimiz Niyazi Nefi Kara ba\u015fkan\u0131m\u0131z T\u00fcrkbelenini Manavgatl\u0131lar ad\u0131na B\u00fcy\u00fck\u015fehirden istemi\u015f.<br>Ge\u00e7mi\u015f d\u00f6nemde Belediye y\u00f6netimine istemeden teklif edilen T\u00fcrkbeleni bu kez istenilince k\u0131ymete bindi san\u0131r\u0131m..<br>Say\u0131n B\u00f6cek Manavgat\u2019\u0131n T\u00fcrkbeleni iste\u011fine duyars\u0131z kalma!..<br>Hepimiz m\u00fcjdeli haberini bekliyoruz.<br>T\u00fcrkbelenini bize ver ve bizzat gelerek T\u00fcrkbeleninde hep beraber \u00e7ay i\u00e7memize olanak tan\u0131, \u00e7aylar bizden haberin olsun..<br>T\u00fcm Manavgat\u2019\u0131n size selam ve sevgileri var ileteyim istedim..<br>Yolun Manavgat\u2019a d\u00fc\u015ferse bekliyoruz bilesin..<br>Haydi,kal\u0131n sa\u011fl\u0131cakla..<br>Her \u015fey y\u00fcre\u011finize g\u00f6re olsun..<\/p>\n","protected":false},"excerpt":{"rendered":"<p>1999 y\u0131l\u0131nda Anavatan Partisinden Konyaalt\u0131 belediye ba\u015fkan\u0131 se\u00e7ilen sonradan g\u00fcn\u00fcm\u00fczde moda olan \u201cBABA OCA\u011eI\u201d na d\u00f6n\u00fc\u015fle 2004 y\u0131l\u0131nda CHP\u2019den ikinci d\u00f6nem Konyaalt\u0131 belediye ba\u015fkanl\u0131\u011f\u0131 yapan <a href=\"https:\/\/akdenizhaber.com.tr\/index.php\/2024\/10\/03\/muhittin-boceke-mektup\/\" class=\"read-more-link\">[more&#8230;]<\/a><\/p>\n","protected":false},"author":2,"featured_media":26011,"comment_status":"open","ping_status":"open","sticky":false,"template":"","format":"standard","meta":{"footnotes":""},"categories":[2],"tags":[],"class_list":["post-26009","post","type-post","status-publish","format-standard","has-post-thumbnail","hentry","category-gundem"],"_links":{"self":[{"href":"https:\/\/akdenizhaber.com.tr\/index.php\/wp-json\/wp\/v2\/posts\/26009","targetHints":{"allow":["GET"]}}],"collection":[{"href":"https:\/\/akdenizhaber.com.tr\/index.php\/wp-json\/wp\/v2\/posts"}],"about":[{"href":"https:\/\/akdenizhaber.com.tr\/index.php\/wp-json\/wp\/v2\/types\/post"}],"author":[{"embeddable":true,"href":"https:\/\/akdenizhaber.com.tr\/index.php\/wp-json\/wp\/v2\/users\/2"}],"replies":[{"embeddable":true,"href":"https:\/\/akdenizhaber.com.tr\/index.php\/wp-json\/wp\/v2\/comments?post=26009"}],"version-history":[{"count":2,"href":"https:\/\/akdenizhaber.com.tr\/index.php\/wp-json\/wp\/v2\/posts\/26009\/revisions"}],"predecessor-version":[{"id":26054,"href":"https:\/\/akdenizhaber.com.tr\/index.php\/wp-json\/wp\/v2\/posts\/26009\/revisions\/26054"}],"wp:featuredmedia":[{"embeddable":true,"href":"https:\/\/akdenizhaber.com.tr\/index.php\/wp-json\/wp\/v2\/media\/26011"}],"wp:attachment":[{"href":"https:\/\/akdenizhaber.com.tr\/index.php\/wp-json\/wp\/v2\/media?parent=26009"}],"wp:term":[{"taxonomy":"category","embeddable":true,"href":"https:\/\/akdenizhaber.com.tr\/index.php\/wp-json\/wp\/v2\/categories?post=26009"},{"taxonomy":"post_tag","embeddable":true,"href":"https:\/\/akdenizhaber.com.tr\/index.php\/wp-json\/wp\/v2\/tags?post=26009"}],"curies":[{"name":"wp","href":"https:\/\/api.w.org\/{rel}","templated":true}]}}