{"id":25992,"date":"2024-09-26T16:50:51","date_gmt":"2024-09-26T13:50:51","guid":{"rendered":"https:\/\/akdenizhaber.com.tr\/?p=25992"},"modified":"2024-09-26T16:50:52","modified_gmt":"2024-09-26T13:50:52","slug":"manavgatli-ureticilere-yapiskan-tuzak-destegi","status":"publish","type":"post","link":"https:\/\/akdenizhaber.com.tr\/index.php\/2024\/09\/26\/manavgatli-ureticilere-yapiskan-tuzak-destegi\/","title":{"rendered":"Manavgatl\u0131 \u00fcreticilere yap\u0131\u015fkan tuzak deste\u011fi"},"content":{"rendered":"\n<p>Antalya B\u00fcy\u00fck\u015fehir Belediyesi, \u00f6rt\u00fc alt\u0131 \u00fcretimde bitki zararl\u0131lar\u0131yla m\u00fccadele kapsam\u0131nda Manavgatl\u0131 \u00fcreticilere, 12 bin yap\u0131\u015fkan tuzak deste\u011fi sa\u011flad\u0131.<\/p>\n\n\n\n<p>Antalya B\u00fcy\u00fck\u015fehir Belediyesi, yerelden kalk\u0131nma hedefiyle \u00fcreticilere mavi ve sar\u0131 yap\u0131\u015fkan tuzak deste\u011fi vermeyi s\u00fcrd\u00fcr\u00fcyor. B\u00fcy\u00fck\u015fehir&#8217;in ziraat m\u00fchendisleri, \u00fcreticilere hastal\u0131k ve zararl\u0131larla m\u00fccadele e\u011fitimi verdikten sonra sera ve bah\u00e7elerde inceleme yap\u0131p nas\u0131l bir m\u00fccadele yap\u0131laca\u011f\u0131n\u0131 anlat\u0131yor.<\/p>\n\n\n\n<p>Bu kapsamda Manavgat Denizyaka Mahallesi\u2019nde \u00fcreticilerle bulu\u015fan ekipler, sera \u00fcretimi yapan 35 \u00e7ift\u00e7iye s\u0131kl\u0131kla kar\u015f\u0131la\u015ft\u0131klar\u0131 beyaz sinek, thiripsler ve zararl\u0131 yaprak bitleri ile do\u011fal yollarla nas\u0131l m\u00fccadele edilebilece\u011fine y\u00f6nelik bilgilendirme yapt\u0131. Bilgilendirmenin ard\u0131ndan \u00fcreticilere zararl\u0131 ila\u00e7 kullan\u0131m\u0131n\u0131 azaltan tuzaklar da\u011f\u0131t\u0131ld\u0131.<\/p>\n\n\n\n<p>Antalya B\u00fcy\u00fck\u015fehir Belediyesi \/ B\u00fclten<\/p>\n","protected":false},"excerpt":{"rendered":"<p>Antalya B\u00fcy\u00fck\u015fehir Belediyesi, \u00f6rt\u00fc alt\u0131 \u00fcretimde bitki zararl\u0131lar\u0131yla m\u00fccadele kapsam\u0131nda Manavgatl\u0131 \u00fcreticilere, 12 bin yap\u0131\u015fkan tuzak deste\u011fi sa\u011flad\u0131. Antalya B\u00fcy\u00fck\u015fehir Belediyesi, yerelden kalk\u0131nma hedefiyle \u00fcreticilere <a href=\"https:\/\/akdenizhaber.com.tr\/index.php\/2024\/09\/26\/manavgatli-ureticilere-yapiskan-tuzak-destegi\/\" class=\"read-more-link\">[more&#8230;]<\/a><\/p>\n","protected":false},"author":2,"featured_media":25993,"comment_status":"open","ping_status":"open","sticky":false,"template":"","format":"standard","meta":{"footnotes":""},"categories":[2],"tags":[],"class_list":["post-25992","post","type-post","status-publish","format-standard","has-post-thumbnail","hentry","category-gundem"],"_links":{"self":[{"href":"https:\/\/akdenizhaber.com.tr\/index.php\/wp-json\/wp\/v2\/posts\/25992","targetHints":{"allow":["GET"]}}],"collection":[{"href":"https:\/\/akdenizhaber.com.tr\/index.php\/wp-json\/wp\/v2\/posts"}],"about":[{"href":"https:\/\/akdenizhaber.com.tr\/index.php\/wp-json\/wp\/v2\/types\/post"}],"author":[{"embeddable":true,"href":"https:\/\/akdenizhaber.com.tr\/index.php\/wp-json\/wp\/v2\/users\/2"}],"replies":[{"embeddable":true,"href":"https:\/\/akdenizhaber.com.tr\/index.php\/wp-json\/wp\/v2\/comments?post=25992"}],"version-history":[{"count":1,"href":"https:\/\/akdenizhaber.com.tr\/index.php\/wp-json\/wp\/v2\/posts\/25992\/revisions"}],"predecessor-version":[{"id":25994,"href":"https:\/\/akdenizhaber.com.tr\/index.php\/wp-json\/wp\/v2\/posts\/25992\/revisions\/25994"}],"wp:featuredmedia":[{"embeddable":true,"href":"https:\/\/akdenizhaber.com.tr\/index.php\/wp-json\/wp\/v2\/media\/25993"}],"wp:attachment":[{"href":"https:\/\/akdenizhaber.com.tr\/index.php\/wp-json\/wp\/v2\/media?parent=25992"}],"wp:term":[{"taxonomy":"category","embeddable":true,"href":"https:\/\/akdenizhaber.com.tr\/index.php\/wp-json\/wp\/v2\/categories?post=25992"},{"taxonomy":"post_tag","embeddable":true,"href":"https:\/\/akdenizhaber.com.tr\/index.php\/wp-json\/wp\/v2\/tags?post=25992"}],"curies":[{"name":"wp","href":"https:\/\/api.w.org\/{rel}","templated":true}]}}