{"id":25989,"date":"2024-09-26T16:50:03","date_gmt":"2024-09-26T13:50:03","guid":{"rendered":"https:\/\/akdenizhaber.com.tr\/?p=25989"},"modified":"2024-09-26T16:50:04","modified_gmt":"2024-09-26T13:50:04","slug":"zone-art-tasarim-atolyesi-aciliyor","status":"publish","type":"post","link":"https:\/\/akdenizhaber.com.tr\/index.php\/2024\/09\/26\/zone-art-tasarim-atolyesi-aciliyor\/","title":{"rendered":"Zone Art Tasar\u0131m At\u00f6lyesi A\u00e7\u0131l\u0131yor"},"content":{"rendered":"\n<p>Manavgat\u2019a yeni bir soluk getirecek olan tasar\u0131m at\u00f6lyesi bug\u00fcn saat 14.20\u2019da Eski Hisar Mahallesi G\u00fcll\u00fck Caddesi No. 28\u2019de a\u00e7\u0131l\u0131yor.<\/p>\n\n\n\n<p>Atat\u00fcrk\u00e7\u00fc D\u00fc\u015f\u00fcnce Derne\u011fi Manavgat \u015fubesi bir \u00f6nceli d\u00f6nem y\u00f6netim kurulu ba\u015fkan\u0131 Ya\u015far Bulut\u2019un o\u011flu Cenk Bulut taraf\u0131ndan Manavgatl\u0131n\u0131n hizmetine sunulacak olan Zone Art tasar\u0131m\u0131n kentimize yeni bir soluk getirece\u011fini ifade eden Cenk Bulut, \u00f6n\u00fcm\u00fczdeki g\u00fcnlerde \u00e7ok g\u00fczel projelere imza atacaklar\u0131n\u0131 belirterek \u015f\u00f6yle konu\u015ftu;<\/p>\n\n\n\n<p>\u201cKentimize yeni bir renk ve soluk getiren modern ve \u00e7a\u011fda\u015f \u00e7izgilerin ya\u015fama ge\u00e7irilece\u011fi tasar\u0131m at\u00f6lyemizin a\u00e7\u0131l\u0131\u015f\u0131nda t\u00fcm Manavgatl\u0131lar\u0131 yan\u0131m\u0131zda g\u00f6rmek istiyor ve a\u00e7\u0131l\u0131\u015f\u0131m\u0131za bekliyoruz\u201d dedi.<\/p>\n\n\n\n<p>B\u00fc\u015fra Deveci \/ Haber<\/p>\n","protected":false},"excerpt":{"rendered":"<p>Manavgat\u2019a yeni bir soluk getirecek olan tasar\u0131m at\u00f6lyesi bug\u00fcn saat 14.20\u2019da Eski Hisar Mahallesi G\u00fcll\u00fck Caddesi No. 28\u2019de a\u00e7\u0131l\u0131yor. Atat\u00fcrk\u00e7\u00fc D\u00fc\u015f\u00fcnce Derne\u011fi Manavgat \u015fubesi bir <a href=\"https:\/\/akdenizhaber.com.tr\/index.php\/2024\/09\/26\/zone-art-tasarim-atolyesi-aciliyor\/\" class=\"read-more-link\">[more&#8230;]<\/a><\/p>\n","protected":false},"author":2,"featured_media":25990,"comment_status":"open","ping_status":"open","sticky":false,"template":"","format":"standard","meta":{"footnotes":""},"categories":[2],"tags":[],"class_list":["post-25989","post","type-post","status-publish","format-standard","has-post-thumbnail","hentry","category-gundem"],"_links":{"self":[{"href":"https:\/\/akdenizhaber.com.tr\/index.php\/wp-json\/wp\/v2\/posts\/25989","targetHints":{"allow":["GET"]}}],"collection":[{"href":"https:\/\/akdenizhaber.com.tr\/index.php\/wp-json\/wp\/v2\/posts"}],"about":[{"href":"https:\/\/akdenizhaber.com.tr\/index.php\/wp-json\/wp\/v2\/types\/post"}],"author":[{"embeddable":true,"href":"https:\/\/akdenizhaber.com.tr\/index.php\/wp-json\/wp\/v2\/users\/2"}],"replies":[{"embeddable":true,"href":"https:\/\/akdenizhaber.com.tr\/index.php\/wp-json\/wp\/v2\/comments?post=25989"}],"version-history":[{"count":1,"href":"https:\/\/akdenizhaber.com.tr\/index.php\/wp-json\/wp\/v2\/posts\/25989\/revisions"}],"predecessor-version":[{"id":25991,"href":"https:\/\/akdenizhaber.com.tr\/index.php\/wp-json\/wp\/v2\/posts\/25989\/revisions\/25991"}],"wp:featuredmedia":[{"embeddable":true,"href":"https:\/\/akdenizhaber.com.tr\/index.php\/wp-json\/wp\/v2\/media\/25990"}],"wp:attachment":[{"href":"https:\/\/akdenizhaber.com.tr\/index.php\/wp-json\/wp\/v2\/media?parent=25989"}],"wp:term":[{"taxonomy":"category","embeddable":true,"href":"https:\/\/akdenizhaber.com.tr\/index.php\/wp-json\/wp\/v2\/categories?post=25989"},{"taxonomy":"post_tag","embeddable":true,"href":"https:\/\/akdenizhaber.com.tr\/index.php\/wp-json\/wp\/v2\/tags?post=25989"}],"curies":[{"name":"wp","href":"https:\/\/api.w.org\/{rel}","templated":true}]}}