{"id":25960,"date":"2024-09-23T15:13:25","date_gmt":"2024-09-23T12:13:25","guid":{"rendered":"https:\/\/akdenizhaber.com.tr\/?p=25960"},"modified":"2024-09-23T15:12:49","modified_gmt":"2024-09-23T12:12:49","slug":"manavgat-belediyesi-emekli-kahvesi-acildi","status":"publish","type":"post","link":"https:\/\/akdenizhaber.com.tr\/index.php\/2024\/09\/23\/manavgat-belediyesi-emekli-kahvesi-acildi\/","title":{"rendered":"Manavgat Belediyesi Emekli Kahvesi A\u00e7\u0131ld\u0131"},"content":{"rendered":"\n<p>Manavgat Belediyesi, vatanda\u015flara y\u00f6nelik yeni bir sosyal alan\u0131 daha hayata ge\u00e7irdi.<\/p>\n\n\n\n<p>Manavgat Belediyesi Emekli Kahvesi, A\u015fa\u011f\u0131 Pazarc\u0131 Mahallesi 1001 Sokak \u0131rmak k\u0131y\u0131s\u0131nda b\u00fcy\u00fck bir co\u015fkuyla a\u00e7\u0131ld\u0131. A\u00e7\u0131l\u0131\u015f t\u00f6renine Manavgat Belediye Ba\u015fkan\u0131 Dr. Niyazi Nefi Kara, CHP Manavgat \u0130l\u00e7e Ba\u015fkan\u0131 Oykun Ba\u015far, belediye ba\u015fkan yard\u0131mc\u0131lar\u0131, STK temsilcileri, oda ba\u015fkanlar\u0131, muhtarlar, bas\u0131n mensuplar\u0131 ve \u00e7ok say\u0131da vatanda\u015f kat\u0131ld\u0131.<\/p>\n\n\n\n<p>Modern ve Rahat Bir Atmosfer<\/p>\n\n\n\n<p>Emekli Kahvesi\u2019nin a\u00e7\u0131l\u0131\u015f\u0131 i\u00e7in d\u00fczenlenen t\u00f6ren, renkli g\u00f6r\u00fcnt\u00fclere sahne oldu. Kat\u0131l\u0131mc\u0131lar, kahvehanenin i\u00e7 ve d\u0131\u015f mekanlar\u0131n\u0131 gezme f\u0131rsat\u0131 buldular.&nbsp; Emekli Kahvesi, modern tasar\u0131m\u0131 ve ferah atmosferiyle dikkat \u00e7ekiyor. \u0130\u00e7 mekan, rahat oturma gruplar\u0131 ve sosyal etkinlikler i\u00e7in uygun alanlarla donat\u0131lm\u0131\u015f durumda. Ayr\u0131ca, geni\u015f bir bah\u00e7e d\u00fczenlemesi de bulunuyor; burada emekliler, do\u011fayla i\u00e7 i\u00e7e zaman ge\u00e7irebilecekler.<\/p>\n\n\n\n<p>T\u00f6renin ard\u0131ndan, a\u00e7\u0131l\u0131\u015fa kat\u0131lan vatanda\u015flar kahvehanede sunulan \u00e7e\u015fitli ikramlar\u0131n tad\u0131na bakt\u0131 ve keyifli vakit ge\u00e7irdi. Emekliler, bu Emekli Kahvesi\u2019nin a\u00e7\u0131lmas\u0131ndan duymu\u015f olduklar\u0131 memnuniyeti dile getirdiler. \u201cBurada vakit ge\u00e7irmek \u00e7ok keyifli olacak. Hem arkada\u015flar\u0131mla bulu\u015fup sohbet edece\u011fim hem de yeni \u015feyler \u00f6\u011frenme f\u0131rsat\u0131 bulaca\u011f\u0131m,\u201d diyen bir emekli, duygular\u0131n\u0131 ifade etti.<\/p>\n\n\n\n<p>\u201cManavgat\u2019\u0131 Lay\u0131k Oldu\u011fu Yere Getirene Kadar Gece G\u00fcnd\u00fcz \u00c7al\u0131\u015faca\u011f\u0131z.\u201d<\/p>\n\n\n\n<p>A\u00e7\u0131l\u0131\u015f t\u00f6reninde konu\u015fan Manavgat Belediye Ba\u015fkan\u0131 Dr. Niyazi Nefi Kara, projenin \u00f6nemine ve ama\u00e7lar\u0131na vurgu yapt\u0131. Ba\u015fkan Kara, \u201cG\u00f6reve geldi\u011fimiz g\u00fcnden beri insanlar\u0131n nefes alaca\u011f\u0131 yerler olu\u015fturmaya \u00e7al\u0131\u015f\u0131yoruz. Emekli Kahvesi de verdi\u011fimiz s\u00f6zlerden bir tanesiydi. \u0130nsanlar\u0131n sohbet etmesi, oyun oynamas\u0131, say\u0131 saymas\u0131 gerekiyor ki i\u00e7eri kapat\u0131l\u0131p erken bunamas\u0131n. Mesle\u011fimi yaparken de \u015funu s\u00f6yl\u00fcyordum: \u2018Sak\u0131n ha oyun oynamay\u0131 b\u0131rakmay\u0131n, sak\u0131n konu\u015fmay\u0131 b\u0131rakmay\u0131n \u00e7\u00fcnk\u00fc eve kapat\u0131l\u0131rsan\u0131z erken bunars\u0131n\u0131z.\u2019 Emekli Kahvesi\u2019nin a\u00e7\u0131lma nedenlerinden bir tanesi bu. Bir tanesi de k\u0131rsaldan ya da \u015fehir i\u00e7inden gelen insanlar\u0131m\u0131z ekonomik krizden dolay\u0131 \u00e7ay i\u00e7mekte, yemek yemekte zorlan\u0131yorlar. B\u00fct\u00fcn insanlar\u0131m\u0131z\u0131n bir araya gelip, sohbet edebildi\u011fi alanlar olu\u015fturmam\u0131z gerekiyor. Toplu olarak bir arada bulanabilece\u011fimiz yerler, sorunlar\u0131m\u0131za dayan\u0131\u015fma g\u00f6sterebildi\u011fimiz yerler olmal\u0131d\u0131r. Manavgat\u2019\u0131n tamam\u0131n\u0131 dijitalle\u015ftirmek gibi bir amac\u0131m\u0131z var. Ak\u0131ll\u0131 bir Manavgat olsun istiyoruz, ak\u0131ll\u0131 bir kent diyoruz. Manavgat\u2019\u0131n her soka\u011f\u0131n\u0131 dijital bir sisteme dahil edece\u011fiz. Bu teknoloji \u00e7a\u011f\u0131nda teknolojiyi yakalayabilirsek Manavgat\u2019a bir \u00e7\u0131ta atlatabiliriz. \u0130lk kent lokantam\u0131z\u0131 10-15 g\u00fcn i\u00e7erisinde a\u00e7aca\u011f\u0131z. Emek\u00e7ilerimiz gece g\u00fcnd\u00fcz \u00e7al\u0131\u015f\u0131yor, \u00f6n\u00fcm\u00fczdeki hafta i\u00e7i Taz\u0131 Kanyonu\u2019nun a\u00e7\u0131l\u0131\u015f\u0131n\u0131 yapaca\u011f\u0131z. Manavgat\u2019\u0131 lay\u0131k oldu\u011fu yere getirene kadar, Manavgatl\u0131lar\u0131n hepsinin y\u00fcz\u00fc g\u00fclene kadar gece g\u00fcnd\u00fcz \u00e7al\u0131\u015fmaya devam edece\u011fiz. Kat\u0131ld\u0131\u011f\u0131n\u0131z i\u00e7in hepinize te\u015fekk\u00fcr ediyorum. Hay\u0131rl\u0131 olsun.\u201d ifadelerini kulland\u0131.<\/p>\n\n\n\n<p>Manavgat Belediyesi \/ B\u00fclten<\/p>\n","protected":false},"excerpt":{"rendered":"<p>Manavgat Belediyesi, vatanda\u015flara y\u00f6nelik yeni bir sosyal alan\u0131 daha hayata ge\u00e7irdi. Manavgat Belediyesi Emekli Kahvesi, A\u015fa\u011f\u0131 Pazarc\u0131 Mahallesi 1001 Sokak \u0131rmak k\u0131y\u0131s\u0131nda b\u00fcy\u00fck bir co\u015fkuyla <a href=\"https:\/\/akdenizhaber.com.tr\/index.php\/2024\/09\/23\/manavgat-belediyesi-emekli-kahvesi-acildi\/\" class=\"read-more-link\">[more&#8230;]<\/a><\/p>\n","protected":false},"author":2,"featured_media":25961,"comment_status":"open","ping_status":"open","sticky":false,"template":"","format":"standard","meta":{"footnotes":""},"categories":[2],"tags":[],"class_list":["post-25960","post","type-post","status-publish","format-standard","has-post-thumbnail","hentry","category-gundem"],"_links":{"self":[{"href":"https:\/\/akdenizhaber.com.tr\/index.php\/wp-json\/wp\/v2\/posts\/25960","targetHints":{"allow":["GET"]}}],"collection":[{"href":"https:\/\/akdenizhaber.com.tr\/index.php\/wp-json\/wp\/v2\/posts"}],"about":[{"href":"https:\/\/akdenizhaber.com.tr\/index.php\/wp-json\/wp\/v2\/types\/post"}],"author":[{"embeddable":true,"href":"https:\/\/akdenizhaber.com.tr\/index.php\/wp-json\/wp\/v2\/users\/2"}],"replies":[{"embeddable":true,"href":"https:\/\/akdenizhaber.com.tr\/index.php\/wp-json\/wp\/v2\/comments?post=25960"}],"version-history":[{"count":1,"href":"https:\/\/akdenizhaber.com.tr\/index.php\/wp-json\/wp\/v2\/posts\/25960\/revisions"}],"predecessor-version":[{"id":25962,"href":"https:\/\/akdenizhaber.com.tr\/index.php\/wp-json\/wp\/v2\/posts\/25960\/revisions\/25962"}],"wp:featuredmedia":[{"embeddable":true,"href":"https:\/\/akdenizhaber.com.tr\/index.php\/wp-json\/wp\/v2\/media\/25961"}],"wp:attachment":[{"href":"https:\/\/akdenizhaber.com.tr\/index.php\/wp-json\/wp\/v2\/media?parent=25960"}],"wp:term":[{"taxonomy":"category","embeddable":true,"href":"https:\/\/akdenizhaber.com.tr\/index.php\/wp-json\/wp\/v2\/categories?post=25960"},{"taxonomy":"post_tag","embeddable":true,"href":"https:\/\/akdenizhaber.com.tr\/index.php\/wp-json\/wp\/v2\/tags?post=25960"}],"curies":[{"name":"wp","href":"https:\/\/api.w.org\/{rel}","templated":true}]}}