{"id":25958,"date":"2024-09-23T15:11:43","date_gmt":"2024-09-23T12:11:43","guid":{"rendered":"https:\/\/akdenizhaber.com.tr\/?p=25958"},"modified":"2024-09-23T15:11:44","modified_gmt":"2024-09-23T12:11:44","slug":"akdeniz-universitesinden-23-akademisyen-dunyanin-en-etkili-bilim-insanlari-listesinde","status":"publish","type":"post","link":"https:\/\/akdenizhaber.com.tr\/index.php\/2024\/09\/23\/akdeniz-universitesinden-23-akademisyen-dunyanin-en-etkili-bilim-insanlari-listesinde\/","title":{"rendered":"Akdeniz \u00dcniversitesi\u2019nden 23 Akademisyen D\u00fcnyan\u0131n En Etkili Bilim \u0130nsanlar\u0131 Listesinde"},"content":{"rendered":"\n<p>Akdeniz \u00dcniversitesi\u2019nden 23 akademisyen Stanford \u00dcniversitesi taraf\u0131ndan haz\u0131rlanan \u2018D\u00fcnyan\u0131n En Etkili Bilim \u0130nsanlar\u0131 Listesi\u2019nde yer ald\u0131.<\/p>\n\n\n\n<p>Elsevier veri taban\u0131nda yay\u0131nlanan \u2018D\u00fcnyan\u0131n En Etkili Bilim \u0130nsanlar\u0131 Listesi\u2019nde d\u00fcnya genelinde 22 anabilim dal\u0131 ve 174 alt bilim dal\u0131ndaki bilim insanlar\u0131 de\u011ferlendirildi. \u2018Kariyer Boyu Etki\u2019 ve \u2018Y\u0131ll\u0131k Etki\u2019 olarak iki kategoride; At\u0131flar, H-indeks, Hm-indeks, C-skor, yazar s\u0131ras\u0131na ba\u011fl\u0131 at\u0131f gibi g\u00f6stergelerin dikkate al\u0131nd\u0131\u011f\u0131 listede Akdeniz \u00dcniversitesi\u2019nden 23 bilim insan\u0131 en iyiler aras\u0131na girdi. Listede \u201cKariyer Boyu Etki\u201d kategorisinde Akdeniz \u00dcniversitesi\u2019nden 16 akademisyen yer al\u0131rken,\u201cY\u0131ll\u0131k Etki\u201d kategorisinde ise 20 akademisyen etkin performanslar\u0131 ile yer almay\u0131 ba\u015fard\u0131.<\/p>\n\n\n\n<p>&nbsp;\u201cKariyer Boyu Etki\u201d Kategorisinde 16 Akademisyen<\/p>\n\n\n\n<p>Prof. Dr. Tomris \u00d6zben&nbsp;&nbsp;&nbsp;&nbsp; T\u0131p Fak\u00fcltesi<\/p>\n\n\n\n<p>Prof. Dr. Y\u0131lmaz \u015eim\u015fek&nbsp;&nbsp; Fen Fak\u00fcltesi<\/p>\n\n\n\n<p>Prof. Dr. Erkan Alpsoy&nbsp;&nbsp;&nbsp;&nbsp;&nbsp; T\u0131p Fak\u00fcltesi<\/p>\n\n\n\n<p>Do\u00e7. Dr. Bekir Akg\u00f6z&nbsp;&nbsp;&nbsp;&nbsp;&nbsp;&nbsp;&nbsp; M\u00fchendislik Fak\u00fcltesi<\/p>\n\n\n\n<p>Do\u00e7. Dr. Evgin G\u00f6\u00e7eri&nbsp;&nbsp;&nbsp;&nbsp;&nbsp;&nbsp; M\u00fchendislik Fak\u00fcltesi<\/p>\n\n\n\n<p>Do\u00e7. Dr. Ceren Karaman&nbsp; Teknik Bilimler Meslek Y\u00fcksekokulu<\/p>\n\n\n\n<p>Prof. Dr. Osman Duman&nbsp;&nbsp; Fen Fak\u00fcltesi<\/p>\n\n\n\n<p>Prof. Dr. Nalan G\u00f6ko\u011flu&nbsp;&nbsp; Su \u00dcr\u00fcnleri Fak\u00fcltesi<\/p>\n\n\n\n<p>Prof. Dr. Af\u015fin G\u00fcng\u00f6r&nbsp;&nbsp;&nbsp;&nbsp;&nbsp; M\u00fchendislik Fak\u00fcltesi<\/p>\n\n\n\n<p>Prof. Dr. Ahmet Aksoy&nbsp;&nbsp;&nbsp;&nbsp;&nbsp; Fen Fak\u00fcltesi<\/p>\n\n\n\n<p>Prof. Dr. Mustafa Demirci Fen Fak\u00fcltesi<\/p>\n\n\n\n<p>Prof. Dr. Ayhan Topuz&nbsp;&nbsp;&nbsp;&nbsp;&nbsp; M\u00fchendislik Fak\u00fcltesi<\/p>\n\n\n\n<p>Prof. Dr. Sibel Tun\u00e7&nbsp;&nbsp;&nbsp;&nbsp;&nbsp;&nbsp;&nbsp;&nbsp;&nbsp;&nbsp; Fen Fak\u00fcltesi<\/p>\n\n\n\n<p>Prof. Dr. Cengiz Toker&nbsp;&nbsp;&nbsp;&nbsp;&nbsp; Ziraat Fak\u00fcltesi<\/p>\n\n\n\n<p>Prof. Dr. Can Tansel Tu\u011fcu \u0130ktisadi ve \u0130dari Bilimler Fak\u00fcltesi<\/p>\n\n\n\n<p>Prof. Dr. P\u0131nar \u00c7amurlu&nbsp;&nbsp;&nbsp; Fen Fak\u00fcltesi<\/p>\n\n\n\n<p>\u201cY\u0131ll\u0131k Etki\u201d Kategorisinde 20 akademisyen<\/p>\n\n\n\n<p>Do\u00e7. Dr. Ceren Karaman&nbsp; Teknik Bilimler Meslek Y\u00fcksekokulu<\/p>\n\n\n\n<p>Do\u00e7. Dr. Evgin G\u00f6\u00e7eri&nbsp;&nbsp;&nbsp;&nbsp;&nbsp;&nbsp; M\u00fchendislik Fak\u00fcltesi<\/p>\n\n\n\n<p>Do\u00e7. Dr. Onur Karaman&nbsp;&nbsp; Sa\u011fl\u0131k Hizmetleri Meslek Y\u00fcksekokulu<\/p>\n\n\n\n<p>Prof. Dr. Tomris \u00d6zben&nbsp;&nbsp;&nbsp;&nbsp; T\u0131p Fak\u00fcltesi<\/p>\n\n\n\n<p>Do\u00e7. Dr. Bekir Akg\u00f6z&nbsp;&nbsp;&nbsp;&nbsp;&nbsp;&nbsp;&nbsp; M\u00fchendislik Fak\u00fcltesi<\/p>\n\n\n\n<p>Prof. Dr. Osman Duman&nbsp;&nbsp; Fen Fak\u00fcltesi<\/p>\n\n\n\n<p>Prof. Dr. Can Tansel Tu\u011fcu \u0130ktisadi ve \u0130dari Bilimler Fak\u00fcltesi<\/p>\n\n\n\n<p>Prof. Dr. Tahir Albayrak&nbsp;&nbsp; Turizm Fak\u00fcltesi<\/p>\n\n\n\n<p>Prof. Dr. Engin Karada\u011f &nbsp; E\u011fitim Fak\u00fcltesi<\/p>\n\n\n\n<p>Prof. Dr. Y\u0131lmaz \u015eim\u015fek&nbsp;&nbsp; Fen Fak\u00fcltesi<\/p>\n\n\n\n<p>Prof. Dr. Erkan Alpsoy&nbsp;&nbsp;&nbsp;&nbsp;&nbsp; T\u0131p Fak\u00fcltesi<\/p>\n\n\n\n<p>Prof. Dr. Sibel Tun\u00e7&nbsp;&nbsp;&nbsp;&nbsp;&nbsp;&nbsp;&nbsp;&nbsp;&nbsp;&nbsp; Fen Fak\u00fcltesi<\/p>\n\n\n\n<p>Prof. Dr. Af\u015fin G\u00fcng\u00f6r&nbsp;&nbsp;&nbsp;&nbsp;&nbsp; M\u00fchendislik Fak\u00fcltesi<\/p>\n\n\n\n<p>Prof. Dr. Nalan G\u00f6ko\u011flu&nbsp;&nbsp; Su \u00dcr\u00fcnleri Fak\u00fcltesi<\/p>\n\n\n\n<p>Prof. Dr. Ayhan Topuz&nbsp;&nbsp;&nbsp;&nbsp;&nbsp; M\u00fchendislik Fak\u00fcltesi<\/p>\n\n\n\n<p>Prof. Dr. Cengiz Toker&nbsp;&nbsp;&nbsp;&nbsp;&nbsp; Ziraat Fak\u00fcltesi<\/p>\n\n\n\n<p>Prof. Dr. Saffet \u00d6zt\u00fcrk&nbsp;&nbsp;&nbsp;&nbsp;&nbsp; T\u0131p Fak\u00fcltesi<\/p>\n\n\n\n<p>Prof. Dr. Nuray Erin&nbsp;&nbsp;&nbsp;&nbsp;&nbsp;&nbsp;&nbsp;&nbsp;&nbsp;&nbsp; T\u0131p Fak\u00fcltesi<\/p>\n\n\n\n<p>Prof. Dr. G\u00fcls\u00fcm \u00d6zlem Elpek T\u0131p Fak\u00fcltesi<\/p>\n\n\n\n<p>Prof. Dr. Battal \u00c7\u0131plak&nbsp;&nbsp;&nbsp;&nbsp;&nbsp; Fen Fak\u00fcltesi<\/p>\n\n\n\n<p>Akdeniz \u00dcniversitesi Rekt\u00f6rl\u00fc\u011f\u00fc \/ B\u00fclten<\/p>\n","protected":false},"excerpt":{"rendered":"<p>Akdeniz \u00dcniversitesi\u2019nden 23 akademisyen Stanford \u00dcniversitesi taraf\u0131ndan haz\u0131rlanan \u2018D\u00fcnyan\u0131n En Etkili Bilim \u0130nsanlar\u0131 Listesi\u2019nde yer ald\u0131. Elsevier veri taban\u0131nda yay\u0131nlanan \u2018D\u00fcnyan\u0131n En Etkili Bilim \u0130nsanlar\u0131 <a href=\"https:\/\/akdenizhaber.com.tr\/index.php\/2024\/09\/23\/akdeniz-universitesinden-23-akademisyen-dunyanin-en-etkili-bilim-insanlari-listesinde\/\" class=\"read-more-link\">[more&#8230;]<\/a><\/p>\n","protected":false},"author":2,"featured_media":25959,"comment_status":"open","ping_status":"open","sticky":false,"template":"","format":"standard","meta":{"footnotes":""},"categories":[1],"tags":[],"class_list":["post-25958","post","type-post","status-publish","format-standard","has-post-thumbnail","hentry","category-blog"],"_links":{"self":[{"href":"https:\/\/akdenizhaber.com.tr\/index.php\/wp-json\/wp\/v2\/posts\/25958","targetHints":{"allow":["GET"]}}],"collection":[{"href":"https:\/\/akdenizhaber.com.tr\/index.php\/wp-json\/wp\/v2\/posts"}],"about":[{"href":"https:\/\/akdenizhaber.com.tr\/index.php\/wp-json\/wp\/v2\/types\/post"}],"author":[{"embeddable":true,"href":"https:\/\/akdenizhaber.com.tr\/index.php\/wp-json\/wp\/v2\/users\/2"}],"replies":[{"embeddable":true,"href":"https:\/\/akdenizhaber.com.tr\/index.php\/wp-json\/wp\/v2\/comments?post=25958"}],"version-history":[{"count":1,"href":"https:\/\/akdenizhaber.com.tr\/index.php\/wp-json\/wp\/v2\/posts\/25958\/revisions"}],"predecessor-version":[{"id":25963,"href":"https:\/\/akdenizhaber.com.tr\/index.php\/wp-json\/wp\/v2\/posts\/25958\/revisions\/25963"}],"wp:featuredmedia":[{"embeddable":true,"href":"https:\/\/akdenizhaber.com.tr\/index.php\/wp-json\/wp\/v2\/media\/25959"}],"wp:attachment":[{"href":"https:\/\/akdenizhaber.com.tr\/index.php\/wp-json\/wp\/v2\/media?parent=25958"}],"wp:term":[{"taxonomy":"category","embeddable":true,"href":"https:\/\/akdenizhaber.com.tr\/index.php\/wp-json\/wp\/v2\/categories?post=25958"},{"taxonomy":"post_tag","embeddable":true,"href":"https:\/\/akdenizhaber.com.tr\/index.php\/wp-json\/wp\/v2\/tags?post=25958"}],"curies":[{"name":"wp","href":"https:\/\/api.w.org\/{rel}","templated":true}]}}