{"id":25944,"date":"2024-09-23T15:04:58","date_gmt":"2024-09-23T12:04:58","guid":{"rendered":"https:\/\/akdenizhaber.com.tr\/?p=25944"},"modified":"2024-09-23T15:04:59","modified_gmt":"2024-09-23T12:04:59","slug":"buyuksehir-coban-haritasi-cikariyor","status":"publish","type":"post","link":"https:\/\/akdenizhaber.com.tr\/index.php\/2024\/09\/23\/buyuksehir-coban-haritasi-cikariyor\/","title":{"rendered":"B\u00fcy\u00fck\u015fehir \u201c\u00c7oban Haritas\u0131\u201d \u00e7\u0131kar\u0131yor"},"content":{"rendered":"\n<p>Antalya B\u00fcy\u00fck\u015fehir Belediyesi, \u2018\u00c7oban Haritas\u0131\u2019&nbsp;Pojesi\u2019 kapsam\u0131nda&nbsp;Elmal\u0131\u2019da hayvanc\u0131l\u0131\u011f\u0131n yo\u011fun olarak yap\u0131ld\u0131\u011f\u0131 alanlarda \u00e7obanlar\u0131n atalar\u0131ndan \u00f6\u011frenerek bug\u00fcnlere kadar ta\u015f\u0131d\u0131\u011f\u0131 binlerce y\u0131ll\u0131k s\u00fcr\u00fc ve mera rotalar\u0131n\u0131n ad\u0131m ad\u0131m haritas\u0131n\u0131 \u00e7\u0131kar\u0131yor.<\/p>\n\n\n\n<p>Antalya B\u00fcy\u00fck\u015fehir Belediyesi Tar\u0131msal Hizmetler Dairesi Ba\u015fkanl\u0131\u011f\u0131\u2019na ba\u011fl\u0131 ekipler \u201c\u00c7oban Haritas\u0131\u201d projesi kapsam\u0131nda Elmal\u0131\u2019n\u0131n Macun Mahallesi Macun Yaylas\u0131n\u0131 ziyaret etti. \u00c7obanlar\u0131n ya\u015fad\u0131\u011f\u0131 alanlar\u0131n koordinat bilgileri tek tek al\u0131nd\u0131. \u00c7obanlar\u0131n talepleri kay\u0131t alt\u0131na al\u0131nd\u0131. Proje, Elmal\u0131\u2019n\u0131n hayvanc\u0131l\u0131kla u\u011fra\u015fan mahallelerin yaylalar\u0131nda k\u00fc\u00e7\u00fckba\u015f hayvanc\u0131l\u0131\u011f\u0131 ile ilgili verilerin titizlikle kaydedilmesiyle hayvanc\u0131l\u0131\u011f\u0131n geli\u015fmesine de destek sunacak.<\/p>\n\n\n\n<p><strong>30 \u00dcRET\u0130C\u0130YE M\u0130NERALL\u0130 YALAMA TA\u015eLARI VER\u0130LD\u0130<\/strong><\/p>\n\n\n\n<p>Elmal\u0131\u2019da yem ve veterinerlik desteklerini de vermeye devam eden B\u00fcy\u00fck\u015fehir Belediyesi son olarak k\u00fc\u00e7\u00fckba\u015f hayvanlar\u0131n\u0131n ihtiya\u00e7 duydu\u011fu yalama ta\u015f\u0131 olarak bilinen tuzlu mineral ta\u015flar\u0131n\u0131 \u00e7obanlara da\u011f\u0131tt\u0131. Macun Yaylas\u0131\u2019nda 30 \u00fcreticiye Ak\u00e7ay ve Ahatl\u0131 mahallelerinde de 13 \u00fcreticiye mineralli yalama ta\u015flar\u0131 \u00fccretsiz verildi. Da\u011f\u0131t\u0131lan ve besi performans\u0131n\u0131n art\u0131r\u0131lmas\u0131 ama\u00e7lanan mineral ta\u015f deste\u011fi ile k\u00fc\u00e7\u00fckba\u015f hayvanlarda i\u015ftah azalmas\u0131n\u0131n, b\u00fcy\u00fcme yava\u015flamas\u0131n\u0131n ve s\u00fct-et \u00fcretiminin d\u00fc\u015fmesinin giderilmesi hedefleniyor. Ayr\u0131ca hayvanlar\u0131n savunma sistemini de g\u00fc\u00e7lendirerek yeti\u015ftiricinin fark\u0131ndal\u0131\u011f\u0131n\u0131 da art\u0131r\u0131yor.<\/p>\n\n\n\n<p>\u201cB\u0130Z\u0130M \u0130\u00c7\u0130N DESTEKLER \u00d6NEML\u0130\u201d<\/p>\n\n\n\n<p>Macun Mahallesi Ser\u00e7e Ovas\u0131 mevkiinde k\u00fc\u00e7\u00fckba\u015f \u00fcreticili\u011fi yapan Salih Eraslan, \u201c\u00c7ok zor \u015fartlar alt\u0131nda mesle\u011fimizi devam ettiriyoruz. Kurakl\u0131k ve artan maliyetler nedeniyle \u00fcretmek zorla\u015f\u0131yor. Hayvanc\u0131l\u0131k faaliyetlerimizi s\u00fcrd\u00fcrebilmek i\u00e7in Antalya B\u00fcy\u00fck\u015fehir Belediyesi\u2019nin destekleri bizler i\u00e7in olduk\u00e7a \u00f6nemli. Bug\u00fcn burada yetkili arkada\u015flar bizleri ziyaret ettiler. Konumlar\u0131m\u0131z\u0131, eksiklerimizi, taleplerimizi, ne kadar hayvan\u0131m\u0131z\u0131n oldu\u011funu kay\u0131t alt\u0131na ald\u0131lar. Hayvanlar\u0131m\u0131za \u00fccretsiz veterinerlik hizmeti verdiler. Hayvanlara verece\u011fimiz mineralli yalama ta\u015flar\u0131n\u0131 teslim ald\u0131m. Ula\u015f\u0131m\u0131n zor oldu\u011fu bir b\u00f6lgede B\u00fcy\u00fck\u015fehir ekiplerinin bizlere ula\u015f\u0131p destekte bulunmalar\u0131ndan \u00e7ok memnun oldum. \u00dcretenin yan\u0131nda olan Ba\u015fkan\u0131m\u0131za te\u015fekk\u00fcr ediyorum\u201d diye konu\u015ftu.<\/p>\n\n\n\n<p>\u201cB\u0130ZLERE D\u00dc\u015eEN \u00dcRET\u0130C\u0130M\u0130Z\u0130N \u0130\u015e\u0130N\u0130 KOLAYLA\u015eTIRMAK\u201d<\/p>\n\n\n\n<p>Antalya B\u00fcy\u00fck\u015fehir Belediyesi olarak tohumdan tar\u0131msal sulamaya, fidan da\u011f\u0131t\u0131m\u0131ndan ar\u0131c\u0131l\u0131k sekt\u00f6r\u00fcne kadar geni\u015f bir yelpazede \u00fcreticilere destekte bulunduklar\u0131n\u0131 kaydeden Elmal\u0131 Hizmet Birimi \u015eube M\u00fcd\u00fcr\u00fc Bilal Kasap, \u201cBizlere d\u00fc\u015fen, \u00fcreticilerimizi desteklemek, i\u015flerini kolayla\u015ft\u0131rmakt\u0131r. Antalya B\u00fcy\u00fck\u015fehir Belediye Ba\u015fkan\u0131m\u0131z Muhittin B\u00f6cek\u2019in talimatlar\u0131 do\u011frultusunda t\u00fcm imkanlar\u0131m\u0131zla \u00e7ift\u00e7imizin, \u00fcreticimizin yan\u0131nda olmaya devam edece\u011fiz\u201d dedi.<\/p>\n\n\n\n<p>Antalya B\u00fcy\u00fck\u015fehir Belediyesi \/ B\u00fclten<\/p>\n","protected":false},"excerpt":{"rendered":"<p>Antalya B\u00fcy\u00fck\u015fehir Belediyesi, \u2018\u00c7oban Haritas\u0131\u2019&nbsp;Pojesi\u2019 kapsam\u0131nda&nbsp;Elmal\u0131\u2019da hayvanc\u0131l\u0131\u011f\u0131n yo\u011fun olarak yap\u0131ld\u0131\u011f\u0131 alanlarda \u00e7obanlar\u0131n atalar\u0131ndan \u00f6\u011frenerek bug\u00fcnlere kadar ta\u015f\u0131d\u0131\u011f\u0131 binlerce y\u0131ll\u0131k s\u00fcr\u00fc ve mera rotalar\u0131n\u0131n ad\u0131m ad\u0131m <a href=\"https:\/\/akdenizhaber.com.tr\/index.php\/2024\/09\/23\/buyuksehir-coban-haritasi-cikariyor\/\" class=\"read-more-link\">[more&#8230;]<\/a><\/p>\n","protected":false},"author":2,"featured_media":25945,"comment_status":"open","ping_status":"open","sticky":false,"template":"","format":"standard","meta":{"footnotes":""},"categories":[1],"tags":[],"class_list":["post-25944","post","type-post","status-publish","format-standard","has-post-thumbnail","hentry","category-blog"],"_links":{"self":[{"href":"https:\/\/akdenizhaber.com.tr\/index.php\/wp-json\/wp\/v2\/posts\/25944","targetHints":{"allow":["GET"]}}],"collection":[{"href":"https:\/\/akdenizhaber.com.tr\/index.php\/wp-json\/wp\/v2\/posts"}],"about":[{"href":"https:\/\/akdenizhaber.com.tr\/index.php\/wp-json\/wp\/v2\/types\/post"}],"author":[{"embeddable":true,"href":"https:\/\/akdenizhaber.com.tr\/index.php\/wp-json\/wp\/v2\/users\/2"}],"replies":[{"embeddable":true,"href":"https:\/\/akdenizhaber.com.tr\/index.php\/wp-json\/wp\/v2\/comments?post=25944"}],"version-history":[{"count":1,"href":"https:\/\/akdenizhaber.com.tr\/index.php\/wp-json\/wp\/v2\/posts\/25944\/revisions"}],"predecessor-version":[{"id":25946,"href":"https:\/\/akdenizhaber.com.tr\/index.php\/wp-json\/wp\/v2\/posts\/25944\/revisions\/25946"}],"wp:featuredmedia":[{"embeddable":true,"href":"https:\/\/akdenizhaber.com.tr\/index.php\/wp-json\/wp\/v2\/media\/25945"}],"wp:attachment":[{"href":"https:\/\/akdenizhaber.com.tr\/index.php\/wp-json\/wp\/v2\/media?parent=25944"}],"wp:term":[{"taxonomy":"category","embeddable":true,"href":"https:\/\/akdenizhaber.com.tr\/index.php\/wp-json\/wp\/v2\/categories?post=25944"},{"taxonomy":"post_tag","embeddable":true,"href":"https:\/\/akdenizhaber.com.tr\/index.php\/wp-json\/wp\/v2\/tags?post=25944"}],"curies":[{"name":"wp","href":"https:\/\/api.w.org\/{rel}","templated":true}]}}