{"id":25925,"date":"2024-09-21T13:05:53","date_gmt":"2024-09-21T10:05:53","guid":{"rendered":"https:\/\/akdenizhaber.com.tr\/?p=25925"},"modified":"2024-09-21T13:05:53","modified_gmt":"2024-09-21T10:05:53","slug":"antalya-merkezli-kuyu-27-operasyonu","status":"publish","type":"post","link":"https:\/\/akdenizhaber.com.tr\/index.php\/2024\/09\/21\/antalya-merkezli-kuyu-27-operasyonu\/","title":{"rendered":"Antalya Merkezli &#8220;KUYU-27&#8221; Operasyonu"},"content":{"rendered":"\n<p>\u0130\u00e7i\u015fleri Bakan\u0131 Ali Yerlikaya, Antalya merkezli 6 ilde organize su\u00e7 \u00f6rg\u00fct\u00fcne y\u00f6nelik d\u00fczenlenen&nbsp;<strong>&#8220;KUYU-27&#8221;<\/strong>&nbsp;operasyonunda&nbsp;<strong>32&nbsp;<\/strong>\u015f\u00fcphelinin yakaland\u0131\u011f\u0131n\u0131 a\u00e7\u0131klad\u0131.<\/p>\n\n\n\n<p>Antalya Ba\u015fsavc\u0131l\u0131\u011f\u0131 ve Emniyet Genel M\u00fcd\u00fcrl\u00fc\u011f\u00fc KOM Ba\u015fkanl\u0131\u011f\u0131 koordinesinde; Antalya \u0130l Emniyet M\u00fcd\u00fcrl\u00fc\u011f\u00fc KOM \u015eube M\u00fcd\u00fcrl\u00fc\u011f\u00fcnce yap\u0131lan \u00e7al\u0131\u015fmalar sonucu; Antalya merkezli \u0130stanbul, Adana, \u0130zmir, Konya ve Diyarbak\u0131r\u2019da d\u00fczenlenen operasyonlarda organize su\u00e7 \u00f6rg\u00fct\u00fc \u00fcyesi \u015f\u00fcphelilerin;<\/p>\n\n\n\n<p>Kendilerine hara\u00e7 vermeyen i\u015f insanlar\u0131n\u0131 darp ederek ikametlerini, i\u015f yerlerini ve ara\u00e7lar\u0131n\u0131 kur\u015funlad\u0131klar\u0131, Su\u00e7 i\u015flemek amac\u0131yla \u00f6rg\u00fct kurduklar\u0131, kasten adam \u00f6ld\u00fcrmeye te\u015febb\u00fcs, kasten yaralama, genel g\u00fcvenli\u011fin kasten tehlikeye sokulmas\u0131, mala zarar verme ve \u00f6l\u00fcmle tehdit su\u00e7lar\u0131n\u0131 i\u015fledikleri tespit edildi.&nbsp;<\/p>\n\n\n\n<p>Operasyon sonucu: 23 adet ruhsats\u0131z tabanca, 2 adet ruhsats\u0131z t\u00fcfek, muhtelif miktarda uyu\u015fturucu madde ve \u00e7ok miktarda para ele ge\u00e7irildi.<\/p>\n\n\n\n<p>HABER MERKEZ\u0130<\/p>\n","protected":false},"excerpt":{"rendered":"<p>\u0130\u00e7i\u015fleri Bakan\u0131 Ali Yerlikaya, Antalya merkezli 6 ilde organize su\u00e7 \u00f6rg\u00fct\u00fcne y\u00f6nelik d\u00fczenlenen&nbsp;&#8220;KUYU-27&#8221;&nbsp;operasyonunda&nbsp;32&nbsp;\u015f\u00fcphelinin yakaland\u0131\u011f\u0131n\u0131 a\u00e7\u0131klad\u0131. Antalya Ba\u015fsavc\u0131l\u0131\u011f\u0131 ve Emniyet Genel M\u00fcd\u00fcrl\u00fc\u011f\u00fc KOM Ba\u015fkanl\u0131\u011f\u0131 koordinesinde; Antalya <a href=\"https:\/\/akdenizhaber.com.tr\/index.php\/2024\/09\/21\/antalya-merkezli-kuyu-27-operasyonu\/\" class=\"read-more-link\">[more&#8230;]<\/a><\/p>\n","protected":false},"author":2,"featured_media":25926,"comment_status":"open","ping_status":"open","sticky":false,"template":"","format":"standard","meta":{"footnotes":""},"categories":[2],"tags":[],"class_list":["post-25925","post","type-post","status-publish","format-standard","has-post-thumbnail","hentry","category-gundem"],"_links":{"self":[{"href":"https:\/\/akdenizhaber.com.tr\/index.php\/wp-json\/wp\/v2\/posts\/25925","targetHints":{"allow":["GET"]}}],"collection":[{"href":"https:\/\/akdenizhaber.com.tr\/index.php\/wp-json\/wp\/v2\/posts"}],"about":[{"href":"https:\/\/akdenizhaber.com.tr\/index.php\/wp-json\/wp\/v2\/types\/post"}],"author":[{"embeddable":true,"href":"https:\/\/akdenizhaber.com.tr\/index.php\/wp-json\/wp\/v2\/users\/2"}],"replies":[{"embeddable":true,"href":"https:\/\/akdenizhaber.com.tr\/index.php\/wp-json\/wp\/v2\/comments?post=25925"}],"version-history":[{"count":1,"href":"https:\/\/akdenizhaber.com.tr\/index.php\/wp-json\/wp\/v2\/posts\/25925\/revisions"}],"predecessor-version":[{"id":25927,"href":"https:\/\/akdenizhaber.com.tr\/index.php\/wp-json\/wp\/v2\/posts\/25925\/revisions\/25927"}],"wp:featuredmedia":[{"embeddable":true,"href":"https:\/\/akdenizhaber.com.tr\/index.php\/wp-json\/wp\/v2\/media\/25926"}],"wp:attachment":[{"href":"https:\/\/akdenizhaber.com.tr\/index.php\/wp-json\/wp\/v2\/media?parent=25925"}],"wp:term":[{"taxonomy":"category","embeddable":true,"href":"https:\/\/akdenizhaber.com.tr\/index.php\/wp-json\/wp\/v2\/categories?post=25925"},{"taxonomy":"post_tag","embeddable":true,"href":"https:\/\/akdenizhaber.com.tr\/index.php\/wp-json\/wp\/v2\/tags?post=25925"}],"curies":[{"name":"wp","href":"https:\/\/api.w.org\/{rel}","templated":true}]}}