{"id":25917,"date":"2024-09-19T14:44:58","date_gmt":"2024-09-19T11:44:58","guid":{"rendered":"https:\/\/akdenizhaber.com.tr\/?p=25917"},"modified":"2024-09-19T14:44:59","modified_gmt":"2024-09-19T11:44:59","slug":"melike-4-kisiye-can-oldu","status":"publish","type":"post","link":"https:\/\/akdenizhaber.com.tr\/index.php\/2024\/09\/19\/melike-4-kisiye-can-oldu\/","title":{"rendered":"Melike 4 Ki\u015fiye Can Oldu"},"content":{"rendered":"\n<p>Nazilli\u2019de ge\u00e7irdi\u011fi trafik kazas\u0131 sonras\u0131 ya\u015fama tutunamayan Melike Seven\u2019in organlar\u0131 4 ki\u015fiye can oldu.<\/p>\n\n\n\n<p>4 Eyl\u00fcl\u2019de ge\u00e7irdi\u011fi kaza sonras\u0131 ya\u015fama veda eden Melike Seven 18 Eyl\u00fcl g\u00fcn\u00fc \u00f6\u011fle namaz\u0131na m\u00fcteakip Kavakl\u0131 mezarl\u0131\u011f\u0131nda g\u00f6zya\u015flar\u0131 ile topra\u011fa verildi.<\/p>\n\n\n\n<p>Ayd\u0131n&#8217;\u0131n Nazilli il\u00e7esinde meydana gelen trafik kazas\u0131 sonucu a\u011f\u0131r yaralanan Melike Seven&#8217;in (25) beyin \u00f6l\u00fcm\u00fc ger\u00e7ekle\u015fmesinin ard\u0131ndan ba\u011f\u0131\u015flanan organlar\u0131, nakil bekleyen 4 hastaya umut oldu.<\/p>\n\n\n\n<p>Kaza, 4 Eyl\u00fcl ak\u015fam\u0131 Karacasu-Tavas karayolunda meydana geldi. A.G. y\u00f6netimindeki 45 RA 7474 plakal\u0131 kamyonet, kar\u015f\u0131 y\u00f6nden gelen Melike Seven\u2019in kulland\u0131\u011f\u0131 34 ZC 701 plakal\u0131 otomobille \u00e7arp\u0131\u015ft\u0131.<\/p>\n\n\n\n<p>HASTANEYE KALDIRILDI<\/p>\n\n\n\n<p>\u00c7arp\u0131\u015fma sonras\u0131 ara\u00e7lar savrulurken, otomobil s\u00fcr\u00fcc\u00fcs\u00fc Melike Seven ara\u00e7ta s\u0131k\u0131\u015ft\u0131. Olay yerine sevk edilen itfaiye, jandarma ve sa\u011fl\u0131k ekipleri m\u00fcdahalede bulundu. Kazada 5 ki\u015fi yaralan\u0131rken, yaral\u0131lar ambulanslarla Nazilli Devlet Hastanesi&#8217;ne kald\u0131r\u0131ld\u0131.<\/p>\n\n\n\n<p>Kazadan 13 g\u00fcn sonra Melike Seven&#8217;in beyin \u00f6l\u00fcm\u00fc ger\u00e7ekle\u015fti. Nazilli Devlet Hastanesi Organ Ba\u011f\u0131\u015f ekibinin bilgilendirmesi \u00fczerine ailesi, Melike\u2019nin organlar\u0131n\u0131 ba\u011f\u0131\u015flama karar\u0131 ald\u0131.<\/p>\n\n\n\n<p>ORGANLARI 4 K\u0130\u015e\u0130YE UMUT OLDU<\/p>\n\n\n\n<p>Seven\u2019in kalbi, karaci\u011feri ve b\u00f6brekleri ameliyatla al\u0131nd\u0131. Organlar, \u0130zmir ve Antalya&#8217;daki 4 hastaya nakledilmek \u00fczere Sa\u011fl\u0131k Bakanl\u0131\u011f\u0131&#8217;na ait helikopterle g\u00f6nderildi.<\/p>\n\n\n\n<p>4 Eyl\u00fcl\u2019de ge\u00e7irdi\u011fi kaza sonras\u0131 ya\u015fama veda eden Melike Seven 18 Eyl\u00fcl g\u00fcn\u00fc \u00f6\u011fle namaz\u0131na m\u00fcteakip Kavakl\u0131 mezarl\u0131\u011f\u0131nda g\u00f6zya\u015flar\u0131 ile topra\u011fa verildi.<\/p>\n\n\n\n<p>Melike Seven\u2019e Allahtan rahmet, kederli, ailesine sab\u0131r ve ba\u015fsa\u011fl\u0131\u011f\u0131 diliyoruz.<\/p>\n\n\n\n<p>B\u00fc\u015fra Deveci \/ Haber<\/p>\n","protected":false},"excerpt":{"rendered":"<p>Nazilli\u2019de ge\u00e7irdi\u011fi trafik kazas\u0131 sonras\u0131 ya\u015fama tutunamayan Melike Seven\u2019in organlar\u0131 4 ki\u015fiye can oldu. 4 Eyl\u00fcl\u2019de ge\u00e7irdi\u011fi kaza sonras\u0131 ya\u015fama veda eden Melike Seven 18 <a href=\"https:\/\/akdenizhaber.com.tr\/index.php\/2024\/09\/19\/melike-4-kisiye-can-oldu\/\" class=\"read-more-link\">[more&#8230;]<\/a><\/p>\n","protected":false},"author":2,"featured_media":25918,"comment_status":"open","ping_status":"open","sticky":false,"template":"","format":"standard","meta":{"footnotes":""},"categories":[2],"tags":[],"class_list":["post-25917","post","type-post","status-publish","format-standard","has-post-thumbnail","hentry","category-gundem"],"_links":{"self":[{"href":"https:\/\/akdenizhaber.com.tr\/index.php\/wp-json\/wp\/v2\/posts\/25917","targetHints":{"allow":["GET"]}}],"collection":[{"href":"https:\/\/akdenizhaber.com.tr\/index.php\/wp-json\/wp\/v2\/posts"}],"about":[{"href":"https:\/\/akdenizhaber.com.tr\/index.php\/wp-json\/wp\/v2\/types\/post"}],"author":[{"embeddable":true,"href":"https:\/\/akdenizhaber.com.tr\/index.php\/wp-json\/wp\/v2\/users\/2"}],"replies":[{"embeddable":true,"href":"https:\/\/akdenizhaber.com.tr\/index.php\/wp-json\/wp\/v2\/comments?post=25917"}],"version-history":[{"count":1,"href":"https:\/\/akdenizhaber.com.tr\/index.php\/wp-json\/wp\/v2\/posts\/25917\/revisions"}],"predecessor-version":[{"id":25919,"href":"https:\/\/akdenizhaber.com.tr\/index.php\/wp-json\/wp\/v2\/posts\/25917\/revisions\/25919"}],"wp:featuredmedia":[{"embeddable":true,"href":"https:\/\/akdenizhaber.com.tr\/index.php\/wp-json\/wp\/v2\/media\/25918"}],"wp:attachment":[{"href":"https:\/\/akdenizhaber.com.tr\/index.php\/wp-json\/wp\/v2\/media?parent=25917"}],"wp:term":[{"taxonomy":"category","embeddable":true,"href":"https:\/\/akdenizhaber.com.tr\/index.php\/wp-json\/wp\/v2\/categories?post=25917"},{"taxonomy":"post_tag","embeddable":true,"href":"https:\/\/akdenizhaber.com.tr\/index.php\/wp-json\/wp\/v2\/tags?post=25917"}],"curies":[{"name":"wp","href":"https:\/\/api.w.org\/{rel}","templated":true}]}}