{"id":25899,"date":"2024-09-19T14:37:27","date_gmt":"2024-09-19T11:37:27","guid":{"rendered":"https:\/\/akdenizhaber.com.tr\/?p=25899"},"modified":"2024-09-19T14:37:27","modified_gmt":"2024-09-19T11:37:27","slug":"kotan-konyaaltini-vizyon-kent-yapacagiz","status":"publish","type":"post","link":"https:\/\/akdenizhaber.com.tr\/index.php\/2024\/09\/19\/kotan-konyaaltini-vizyon-kent-yapacagiz\/","title":{"rendered":"Kotan: Konyaalt\u0131&#8217;n\u0131 vizyon kent yapaca\u011f\u0131z"},"content":{"rendered":"\n<p>Konyaalt\u0131 Belediye Ba\u015fkan\u0131 Cem Kotan, KONYS\u0130AD\u2019\u0131n g\u00fcz d\u00f6nemi ilk toplant\u0131s\u0131na kat\u0131ld\u0131. 5,5 ayl\u0131k ba\u015fkanl\u0131k s\u00fcrecinde yapt\u0131klar\u0131n\u0131 ve hedeflerini anlatan Ba\u015fkan Kotan, \u201cKonyaalt\u0131 bir d\u00fcnya kentidir. Konyaalt\u0131\u2019n\u0131 D\u00fcnya kenti vizyonuyla y\u00f6netiyoruz. Sahilinden yaylas\u0131na burada ayn\u0131 anda d\u00f6rt mevsimin ya\u015fand\u0131\u011f\u0131 bir\u00e7ok rota var. Bunlar\u0131n d\u00fcnyaya iyi duyurulmas\u0131 laz\u0131m. Bu da iyi bir tan\u0131t\u0131mla olur. Be\u015f y\u0131lda bunu ortaya koyaca\u011f\u0131z\u201d dedi.<\/p>\n\n\n\n<p>Konyaalt\u0131 Sanayici ve \u0130\u015f \u0130nsanlar\u0131 Derne\u011fi\u2019nin (KONYS\u0130AD) g\u00fcz d\u00f6nemi ilk toplant\u0131s\u0131na konuk olan Konyaalt\u0131 Belediye Ba\u015fkan\u0131 Cem Kotan, toplant\u0131da 5,5 ayl\u0131k ba\u015fkanl\u0131k s\u00fcrecinde yapt\u0131\u011f\u0131 \u00e7al\u0131\u015fmalar\u0131, nas\u0131l bir Konyaalt\u0131 istedi\u011fini ve hedeflerini anlatt\u0131. Su Otel\u2019de ger\u00e7ekle\u015ftirilen toplant\u0131ya, Cumhuriyet Halk Partisi Antalya \u0130l Ba\u015fkan\u0131 Nail Kamac\u0131, Antalya CHP Milletvekilleri Cavit Ar\u0131, Aliye Co\u015far ve Aykut Kaya, \u00e7e\u015fitli kurum ve kurulu\u015f y\u00f6neticileri ile KONYS\u0130AD Ba\u015fkan\u0131 \u0130lhami Kaplan ve KONYS\u0130AD \u00fcyeleri kat\u0131ld\u0131.&nbsp;<\/p>\n\n\n\n<p>KONYAALTI\u2019NI B\u0130RL\u0130KTE Y\u00d6NET\u0130YORUZ&nbsp;<\/p>\n\n\n\n<p>5,5 ayl\u0131k belediye ba\u015fkanl\u0131\u011f\u0131 s\u00fcrecinde \u00e7al\u0131\u015fmalar\u0131n\u0131 sivil toplum \u00f6rg\u00fctleri ve derneklerin g\u00f6r\u00fc\u015flerini alarak s\u00fcrd\u00fcrd\u00fc\u011f\u00fcn\u00fc ifade eden Ba\u015fkan Kotan, \u201c5 y\u0131ll\u0131k stratejik raporumuzu haz\u0131rlarken Antalya\u2019daki t\u00fcm sivil toplum kurulu\u015flar\u0131, oda ve dernek y\u00f6neticileriyle bir araya geldik. Onlar\u0131n g\u00f6r\u00fc\u015flerini ald\u0131k. Kentimizi i\u015f d\u00fcnyas\u0131 ve odalar\u0131m\u0131zla birlikte y\u00f6netece\u011fiz. Ancak do\u011fru y\u00f6netim b\u00f6yle olur. \u00d6zellikle bu kriz ortam\u0131nda y\u00f6netim tarz\u0131 b\u00f6yle oldu\u011fu s\u00fcrece bir\u00e7ok \u015feyi a\u015fabilece\u011fimizi d\u00fc\u015f\u00fcn\u00fcyorum\u201d dedi.&nbsp;&nbsp;<\/p>\n\n\n\n<p>100 M\u0130LYON TASARRUF SA\u011eLADIK&nbsp;<\/p>\n\n\n\n<p>G\u00f6reve gelir gelmez tasarrufa ba\u015flad\u0131klar\u0131n\u0131, bu sayede de 5,5 ayda 100 milyon lira tasarruf ederek, 60 milyona yak\u0131n bor\u00e7 \u00f6dediklerini ifade eden Ba\u015fkan Kotan, \u201c\u00d6zel kaleme al\u0131nan meyve suyunu bile kestik. Damacana su geliyordu, ar\u0131tma suyuna ge\u00e7tik. 130 ara\u00e7 kiralan\u0131yormu\u015f, 30\u2019a d\u00fc\u015f\u00fcrd\u00fck\u201d diye konu\u015ftu.&nbsp;<\/p>\n\n\n\n<p>KALDIRIM \u0130\u015eGAL\u0130NE GE\u00c7\u0130T VERMEM&nbsp;<\/p>\n\n\n\n<p>Konyaalt\u0131\u2019nda kald\u0131r\u0131m i\u015fgalinin olmayaca\u011f\u0131na vurgu yapan Ba\u015fkan Kotan, \u201cBir kad\u0131n bebek arabas\u0131yla kald\u0131r\u0131mda d\u00fczg\u00fcn y\u00fcr\u00fcyemiyorsa, kald\u0131r\u0131mlar i\u015fgal edildiyse o kent problemlidir. Ben belediyeden \u00e7\u0131kar, ara sokaklar\u0131 s\u00fcrekli gezerim. En dikkat etti\u011fim \u015fey kald\u0131r\u0131m i\u015fgalidir. Kald\u0131r\u0131m o kentin g\u00f6r\u00fcnen y\u00fcz\u00fcd\u00fcr\u201d a\u00e7\u0131klamas\u0131nda bulundu.&nbsp; &nbsp;<\/p>\n\n\n\n<p>D\u00d6RT MEVS\u0130M KONYAALTI&nbsp;<\/p>\n\n\n\n<p>Ba\u015fkan Kotan, Konyaalt\u0131\u2019n\u0131n sadece deniz ve kumsaldan ibaret olmad\u0131\u011f\u0131n\u0131, 200 kilometreye yak\u0131n yolu olan k\u0131rsal alanlara da sahip oldu\u011funu s\u00f6yledi. Kotan s\u00f6zlerini \u015f\u00f6yle s\u00fcrd\u00fcrd\u00fc:&nbsp;<\/p>\n\n\n\n<p>\u201cK\u0131\u015f\u0131n yollar\u0131n kapand\u0131\u011f\u0131,\u00e7\u0131\u011f\u0131n d\u00fc\u015ft\u00fc\u011f\u00fc bir Konyaalt\u0131 da var. A\u015fa\u011f\u0131da denize girilen bir Konyaalt\u0131 da. D\u00f6rt mevsimin ayn\u0131 anda ya\u015fand\u0131\u011f\u0131 bir il\u00e7ede, d\u00f6rt mevsime haz\u0131rl\u0131kl\u0131 bir belediye olmak zorunday\u0131z. K\u0131rsal mahalledeki hamile bir kad\u0131n sa\u011fl\u0131k oca\u011f\u0131 isterken, a\u015fa\u011f\u0131ya indi\u011fimizde ba\u015fka bir vatanda\u015f mini golf sahas\u0131 istiyor. Konyaalt\u0131\u2019nda ihtiya\u00e7lar ve talepler \u00e7ok farkl\u0131. O y\u00fczden devaml\u0131 sahada olman\u0131z laz\u0131m.\u201d<\/p>\n\n\n\n<p>YAYLA YOLLARINDA KI\u015e HAZIRLI\u011eI&nbsp;<\/p>\n\n\n\n<p>\u201cCem Kotan d\u0131\u015fardan geldi diye bir dedikodu vard\u0131\u201d diyen Ba\u015fkan Kotan, \u201c30 y\u0131ld\u0131r bu kentte ya\u015f\u0131yorum. 20 y\u0131ld\u0131r CHP\u2019nin i\u00e7erisinde siyaset yap\u0131yorum. G\u00f6reve gelir gelmez fen i\u015fleri m\u00fcd\u00fcrl\u00fc\u011f\u00fcn\u00fc \u00e7a\u011f\u0131rd\u0131m. \u2018K\u0131rsal alana ara\u00e7lar\u0131m\u0131z\u0131 \u00e7\u0131kart\u0131yorsunuz ve yol yap\u0131m\u0131na ba\u015fl\u0131yorsunuz\u2019 dedim. 1 ay boyunca i\u015f makinelerimiz merkeze inmedi. 1 ay sonra yaylaya gidenler yollar\u0131n d\u00fczg\u00fcn oldu\u011funu g\u00f6r\u00fcnce, \u2018Bu ba\u015fkan bu i\u015fi biliyor\u2019 dediler. Biz Konyaalt\u0131\u2019n\u0131 \u00e7ok iyi biliyoruz. Bu y\u00f6renin insanlar\u0131n\u0131n h\u00e2l\u00e2 kendi topra\u011f\u0131ndan kopmad\u0131\u011f\u0131n\u0131 biliyoruz. \u015eimdi de k\u0131\u015fa haz\u0131rl\u0131k yap\u0131yoruz. B\u00fct\u00fcn olumsuzluklara, ekonomik ko\u015fullar\u0131n k\u0131s\u0131tl\u0131 olmas\u0131na ra\u011fmen bunu ba\u015faraca\u011f\u0131z. Bu zor g\u00fcnleri dayan\u0131\u015fmayla atlataca\u011f\u0131z\u201d diye konu\u015ftu.&nbsp;<\/p>\n\n\n\n<p>YAYLA TUR\u0130ZM\u0130N\u0130 CANLANDIRACA\u011eIZ&nbsp;<\/p>\n\n\n\n<p>Yayla turizmine b\u00fcy\u00fck \u00f6nem verdiklerini de kaydeden Ba\u015fkan Kotan, \u201c\u00c7ok g\u00fczel yaylalar\u0131m\u0131z var. Biz g\u00f6reve geldi\u011fimizden beri yaylalar\u0131m\u0131z\u0131 tan\u0131tmak i\u00e7in yayla \u015fenliklerini hayata ge\u00e7iriyoruz. D\u00f6rt mevsimin ayn\u0131 anda ya\u015fand\u0131\u011f\u0131 Konyaalt\u0131\u2019n\u0131 d\u00fcnyaya \u00e7ok iyi anlatmam\u0131z laz\u0131m ki yat\u0131r\u0131mlar gelsin, turizm canlans\u0131n. \u00c7ok g\u00fczel bisiklet rotalar\u0131 var. Rotalarla alakal\u0131 \u00e7al\u0131\u015fmalar\u0131m\u0131z s\u00fcr\u00fcyor. Da\u011fc\u0131l\u0131k ve t\u0131rman\u0131\u015f noktalar\u0131m\u0131z var. Bunlar\u0131n reklam\u0131n\u0131n iyi yap\u0131lmas\u0131 laz\u0131m. Foto\u011fraf teraslar\u0131 olu\u015fturaca\u011f\u0131z. Kamp ve do\u011fa sporlar\u0131yla alakal\u0131 \u00e7al\u0131\u015fmalar\u0131m\u0131z devam ediyor. Ekip arkada\u015flar\u0131m\u0131zla elimizden geldi\u011fi kadar d\u00fcnya vizyonu ortaya koymaya \u00e7al\u0131\u015f\u0131yoruz. Konyaalt\u0131 d\u00fcnya markas\u0131. Konyaalt\u0131\u2019n\u0131 daha cazip noktaya getirmemiz laz\u0131m. Bu da iyi bir tan\u0131t\u0131m ve vizyonla olur. Bunu ba\u015farabilece\u011fimizi d\u00fc\u015f\u00fcn\u00fcyorum\u201d \u015feklinde konu\u015ftu.&nbsp;<\/p>\n\n\n\n<p>SABAH 6\u2019DA PARKLARI GEZ\u0130YOR&nbsp;<\/p>\n\n\n\n<p>KONYS\u0130AD Ba\u015fkan\u0131 \u0130lhami Kaplan\u2019\u0131n \u201cSizi sabah 6\u2019da parklarda g\u00f6r\u00fcyoruz. Bu enerjinizi gen\u00e7li\u011finize mi bor\u00e7lusunuz\u201d sorusuna ise Ba\u015fkan Kotan, \u201cGeceleri bile do\u011fru d\u00fczg\u00fcn uyumuyorum diyebilirim. F\u0131rsat bulduk\u00e7a parklar\u0131 ve sokaklar\u0131 geziyorum. \u00c7ok bo\u015fluk bulursam spor yap\u0131yorum. Sahile gidip halka a\u00e7\u0131k alanda gen\u00e7lerle basketbol ma\u00e7\u0131 yap\u0131yorum. Her ad\u0131m\u0131 de\u011ferlendirmemiz laz\u0131m, halkla i\u00e7 i\u00e7e olmam\u0131z laz\u0131m\u201d yan\u0131t\u0131n\u0131 verdi.&nbsp; &nbsp;<\/p>\n\n\n\n<p>\u0130MARA A\u00c7ACA\u011eIM FAKAT BETONA BO\u011eDURMAYACA\u011eIM<\/p>\n\n\n\n<p>Kentin d\u00fczg\u00fcn planlanmas\u0131 gerekti\u011fine de vurgu yapan Ba\u015fkan Kotan s\u00f6zlerini \u015f\u00f6yle s\u00fcrd\u00fcrd\u00fc:<\/p>\n\n\n\n<p>\u201cKonyaalt\u0131 sahile s\u0131k\u0131\u015fm\u0131\u015f durumda. Ben imarla ilgili sorular geldi\u011fini hep \u015funu s\u00f6yledim. Kentin ya\u015fanabilir, do\u011fayla i\u00e7 i\u00e7e olmas\u0131 noktas\u0131nda taraf olacaks\u0131n\u0131z ki, bar\u0131nma sorununu \u00e7\u00f6zeceksiniz. Ya da i\u015fe rantsal boyutta bak\u0131p kenti betona bo\u011fduracaks\u0131n\u0131z. Ben ikinci noktada olan rantsal ve betona bo\u011fdurma noktas\u0131n\u0131 reddettim. \u0130mara a\u00e7\u0131lacak alanlarla ilgili toplant\u0131larda \u2018Kap\u0131ma 10 kat, 20 kat i\u00e7in gelmeyin\u2019 dedim. B\u00fcy\u00fck\u015fehir belediye ba\u015fkan\u0131m\u0131zla da ayn\u0131 noktada bak\u0131yoruz. Bu beni mutlu ediyor. Bar\u0131nma sorunu \u00e7\u00f6z\u00fclmedi\u011fi s\u00fcrece ka\u00e7ak yap\u0131lar \u00e7o\u011falmaya ba\u015flad\u0131. Siz \u2018Ben buralar\u0131 imara a\u00e7m\u0131yorum\u2019 dedi\u011finiz s\u00fcrece kusura bakmay\u0131n yapan yap\u0131yor. Yapan da yapm\u0131\u015f. Biz de onlarla u\u011fra\u015f\u0131yoruz. \u0130mara a\u00e7\u0131lacak yerlerde 2-3 katl\u0131 do\u011fayla i\u00e7 i\u00e7e, kent esteti\u011fine uygun yap\u0131lar yap\u0131lacak. Biz betona bo\u011fulmu\u015f, \u015fehirden kurtulmu\u015f gezebilece\u011fimiz, nefes alabilece\u011fimiz bir alan yaratmak istiyoruz.\u201d<\/p>\n\n\n\n<p>Konyaalt\u0131 Belediyesi \/ B\u00fclten<\/p>\n","protected":false},"excerpt":{"rendered":"<p>Konyaalt\u0131 Belediye Ba\u015fkan\u0131 Cem Kotan, KONYS\u0130AD\u2019\u0131n g\u00fcz d\u00f6nemi ilk toplant\u0131s\u0131na kat\u0131ld\u0131. 5,5 ayl\u0131k ba\u015fkanl\u0131k s\u00fcrecinde yapt\u0131klar\u0131n\u0131 ve hedeflerini anlatan Ba\u015fkan Kotan, \u201cKonyaalt\u0131 bir d\u00fcnya kentidir. <a href=\"https:\/\/akdenizhaber.com.tr\/index.php\/2024\/09\/19\/kotan-konyaaltini-vizyon-kent-yapacagiz\/\" class=\"read-more-link\">[more&#8230;]<\/a><\/p>\n","protected":false},"author":2,"featured_media":25900,"comment_status":"open","ping_status":"open","sticky":false,"template":"","format":"standard","meta":{"footnotes":""},"categories":[2],"tags":[],"class_list":["post-25899","post","type-post","status-publish","format-standard","has-post-thumbnail","hentry","category-gundem"],"_links":{"self":[{"href":"https:\/\/akdenizhaber.com.tr\/index.php\/wp-json\/wp\/v2\/posts\/25899","targetHints":{"allow":["GET"]}}],"collection":[{"href":"https:\/\/akdenizhaber.com.tr\/index.php\/wp-json\/wp\/v2\/posts"}],"about":[{"href":"https:\/\/akdenizhaber.com.tr\/index.php\/wp-json\/wp\/v2\/types\/post"}],"author":[{"embeddable":true,"href":"https:\/\/akdenizhaber.com.tr\/index.php\/wp-json\/wp\/v2\/users\/2"}],"replies":[{"embeddable":true,"href":"https:\/\/akdenizhaber.com.tr\/index.php\/wp-json\/wp\/v2\/comments?post=25899"}],"version-history":[{"count":1,"href":"https:\/\/akdenizhaber.com.tr\/index.php\/wp-json\/wp\/v2\/posts\/25899\/revisions"}],"predecessor-version":[{"id":25901,"href":"https:\/\/akdenizhaber.com.tr\/index.php\/wp-json\/wp\/v2\/posts\/25899\/revisions\/25901"}],"wp:featuredmedia":[{"embeddable":true,"href":"https:\/\/akdenizhaber.com.tr\/index.php\/wp-json\/wp\/v2\/media\/25900"}],"wp:attachment":[{"href":"https:\/\/akdenizhaber.com.tr\/index.php\/wp-json\/wp\/v2\/media?parent=25899"}],"wp:term":[{"taxonomy":"category","embeddable":true,"href":"https:\/\/akdenizhaber.com.tr\/index.php\/wp-json\/wp\/v2\/categories?post=25899"},{"taxonomy":"post_tag","embeddable":true,"href":"https:\/\/akdenizhaber.com.tr\/index.php\/wp-json\/wp\/v2\/tags?post=25899"}],"curies":[{"name":"wp","href":"https:\/\/api.w.org\/{rel}","templated":true}]}}