{"id":25896,"date":"2024-09-19T14:36:45","date_gmt":"2024-09-19T11:36:45","guid":{"rendered":"https:\/\/akdenizhaber.com.tr\/?p=25896"},"modified":"2024-09-19T14:36:45","modified_gmt":"2024-09-19T11:36:45","slug":"buyuksehirden-sut-tanki-destekleri-suruyor","status":"publish","type":"post","link":"https:\/\/akdenizhaber.com.tr\/index.php\/2024\/09\/19\/buyuksehirden-sut-tanki-destekleri-suruyor\/","title":{"rendered":"B\u00fcy\u00fck\u015fehir\u2019den s\u00fct tank\u0131 destekleri s\u00fcr\u00fcyor"},"content":{"rendered":"\n<p>Antalya B\u00fcy\u00fck\u015fehir Belediyesi, Elmal\u0131&#8217;n\u0131n K\u0131\u015fla Mahallesi Tar\u0131msal Kalk\u0131nma Kooperatifi&#8217;ne 4 tonluk s\u00fct so\u011futma tank\u0131 hibe etti. Sa\u011f\u0131lan s\u00fctlerin besin de\u011ferini yitirmemesi ve sa\u011fl\u0131kl\u0131 bir \u015fekilde toplanmas\u0131 i\u00e7in yap\u0131lan bu destek \u00fcreticilerin y\u00fcz\u00fcn\u00fc g\u00fcld\u00fcrd\u00fc.<\/p>\n\n\n\n<p>G\u00fcnde yakla\u015f\u0131k 5 ton s\u00fct toplayan K\u0131\u015fla K\u00f6y\u00fc Tar\u0131msal Kalk\u0131nma Kooperatifi\u2019ne yard\u0131m eli Antalya B\u00fcy\u00fck\u015fehir Belediyesinden uzand\u0131. Ge\u00e7ti\u011fimiz g\u00fcnlerde s\u00fct tank\u0131 ile ilgili bir tak\u0131m s\u0131k\u0131nt\u0131lar ya\u015fayan K\u0131\u015fla Tar\u0131msal Kalk\u0131nma Kooperatifi Ba\u015fkan\u0131\u2019n\u0131n \u00e7a\u011fr\u0131s\u0131na Ba\u015fkan Muhittin B\u00f6cek kay\u0131ts\u0131z kalmad\u0131. B\u00fcy\u00fck\u015fehir Belediyesi taraf\u0131ndan temin edilen s\u00fct so\u011futma tank\u0131 k\u0131sa s\u00fcrede K\u0131\u015fla Tar\u0131msal Kalk\u0131nma Kooperatifi\u2019ne hibe edildi.<\/p>\n\n\n\n<p>BA\u015eKAN B\u00d6CEK \u00c7A\u011eRIYA KAYITSIZ KALMADI&nbsp;<\/p>\n\n\n\n<p>Elmal\u0131 K\u0131\u015fla K\u00f6y\u00fc Tar\u0131msal Kalk\u0131nma Kooperatifi Ba\u015fkan\u0131 Zekeriya \u00dcn, Ba\u015fkan B\u00f6cek\u2019in \u00e7a\u011fr\u0131lar\u0131na kay\u0131ts\u0131z kalmad\u0131\u011f\u0131n\u0131 belirterek, &#8220;Kooperatifimiz b\u00f6lge halk\u0131n\u0131n tonlarca s\u00fct\u00fcn\u00fc toplamaktad\u0131r. S\u00fct tank\u0131 olmad\u0131\u011f\u0131 zaman s\u00fctler kesiliyordu. \u00dcr\u00fcn kayb\u0131 oluyordu. Muhittin B\u00f6cek Ba\u015fkan\u0131m\u0131z\u0131n ba\u015fka k\u00f6ylerde sal\u00e7a makinesi, hamur yo\u011furma makinesi, s\u00fct so\u011futma tank\u0131 gibi desteklerini duyduk. Kooperatifimiz olarak bizlerde ya\u015fad\u0131\u011f\u0131m\u0131z s\u0131k\u0131nt\u0131lar\u0131 yetkililere ilettik. Sa\u011f olsun Ba\u015fkan\u0131m\u0131z \u00e7a\u011fr\u0131m\u0131za kay\u0131ts\u0131zl\u0131k kalmad\u0131. 10 g\u00fcn gibi k\u0131sa bir s\u00fcre i\u00e7inde B\u00fcy\u00fck\u015fehir Belediyesinden yetkililer geldiler, gerekli incelemelerini yapt\u0131ktan sonra K\u0131\u015fla K\u00f6y\u00fc Tar\u0131msal Kalk\u0131nma Kooperatifine son sistem 4 tonluk so\u011futmal\u0131 s\u00fct tank\u0131n\u0131 hibe ettiler. Muhittin B\u00f6cek Ba\u015fkan\u0131m\u0131za b\u00f6lge \u00fcreticilerimiz ad\u0131na te\u015fekk\u00fcr ediyorum&#8221; dedi.<\/p>\n\n\n\n<p>Antalya B\u00fcy\u00fck\u015fehir Belediyesi \/ B\u00fclten<\/p>\n","protected":false},"excerpt":{"rendered":"<p>Antalya B\u00fcy\u00fck\u015fehir Belediyesi, Elmal\u0131&#8217;n\u0131n K\u0131\u015fla Mahallesi Tar\u0131msal Kalk\u0131nma Kooperatifi&#8217;ne 4 tonluk s\u00fct so\u011futma tank\u0131 hibe etti. Sa\u011f\u0131lan s\u00fctlerin besin de\u011ferini yitirmemesi ve sa\u011fl\u0131kl\u0131 bir \u015fekilde <a href=\"https:\/\/akdenizhaber.com.tr\/index.php\/2024\/09\/19\/buyuksehirden-sut-tanki-destekleri-suruyor\/\" class=\"read-more-link\">[more&#8230;]<\/a><\/p>\n","protected":false},"author":2,"featured_media":25897,"comment_status":"open","ping_status":"open","sticky":false,"template":"","format":"standard","meta":{"footnotes":""},"categories":[2],"tags":[],"class_list":["post-25896","post","type-post","status-publish","format-standard","has-post-thumbnail","hentry","category-gundem"],"_links":{"self":[{"href":"https:\/\/akdenizhaber.com.tr\/index.php\/wp-json\/wp\/v2\/posts\/25896","targetHints":{"allow":["GET"]}}],"collection":[{"href":"https:\/\/akdenizhaber.com.tr\/index.php\/wp-json\/wp\/v2\/posts"}],"about":[{"href":"https:\/\/akdenizhaber.com.tr\/index.php\/wp-json\/wp\/v2\/types\/post"}],"author":[{"embeddable":true,"href":"https:\/\/akdenizhaber.com.tr\/index.php\/wp-json\/wp\/v2\/users\/2"}],"replies":[{"embeddable":true,"href":"https:\/\/akdenizhaber.com.tr\/index.php\/wp-json\/wp\/v2\/comments?post=25896"}],"version-history":[{"count":1,"href":"https:\/\/akdenizhaber.com.tr\/index.php\/wp-json\/wp\/v2\/posts\/25896\/revisions"}],"predecessor-version":[{"id":25898,"href":"https:\/\/akdenizhaber.com.tr\/index.php\/wp-json\/wp\/v2\/posts\/25896\/revisions\/25898"}],"wp:featuredmedia":[{"embeddable":true,"href":"https:\/\/akdenizhaber.com.tr\/index.php\/wp-json\/wp\/v2\/media\/25897"}],"wp:attachment":[{"href":"https:\/\/akdenizhaber.com.tr\/index.php\/wp-json\/wp\/v2\/media?parent=25896"}],"wp:term":[{"taxonomy":"category","embeddable":true,"href":"https:\/\/akdenizhaber.com.tr\/index.php\/wp-json\/wp\/v2\/categories?post=25896"},{"taxonomy":"post_tag","embeddable":true,"href":"https:\/\/akdenizhaber.com.tr\/index.php\/wp-json\/wp\/v2\/tags?post=25896"}],"curies":[{"name":"wp","href":"https:\/\/api.w.org\/{rel}","templated":true}]}}