{"id":25875,"date":"2024-09-16T15:03:53","date_gmt":"2024-09-16T12:03:53","guid":{"rendered":"https:\/\/akdenizhaber.com.tr\/?p=25875"},"modified":"2024-09-16T15:03:54","modified_gmt":"2024-09-16T12:03:54","slug":"14-milyon-euroya-21-yeni-arac-aliniyor","status":"publish","type":"post","link":"https:\/\/akdenizhaber.com.tr\/index.php\/2024\/09\/16\/14-milyon-euroya-21-yeni-arac-aliniyor\/","title":{"rendered":"14 milyon Euro\u2019ya 21 yeni ara\u00e7 al\u0131n\u0131yor"},"content":{"rendered":"\n<p>Antalya B\u00fcy\u00fck\u015fehir Belediye Ba\u015fkan\u0131 Muhittin B\u00f6cek, B\u00fcy\u00fck\u015fehir Belediyesi \u0130tfaiyesi filosunu g\u00fc\u00e7lendirmek \u00fczere 14 milyon Euro de\u011ferinde 21 adet yeni itfaiye arac\u0131 al\u0131naca\u011f\u0131 m\u00fcjdesini verdi.<\/p>\n\n\n\n<p>Antalya B\u00fcy\u00fck\u015fehir Belediyesi Eyl\u00fcl ay\u0131 devam meclisi, B\u00fcy\u00fck\u015fehir Belediye Ba\u015fkan\u0131 Muhittin B\u00f6cek, ba\u015fkanl\u0131\u011f\u0131nda topland\u0131. 52 g\u00fcndem maddesinin g\u00f6r\u00fc\u015f\u00fcld\u00fc\u011f\u00fc meclis toplant\u0131s\u0131nda \u00f6nemli kararlar al\u0131nd\u0131. B\u00fcy\u00fck\u015fehir Belediye Ba\u015fkan\u0131 Muhittin B\u00f6cek, yang\u0131nlara h\u0131zl\u0131 m\u00fcdahale edebilmek amac\u0131yla itfaiye filosunu g\u00fc\u00e7lendirmek istediklerini belirtti. Ba\u015fkan Muhittin B\u00f6cek, 14 milyon Euro de\u011ferinde 21 tane itfaiye arac\u0131 alacaklar\u0131n\u0131n m\u00fcjdesini vererek, \u201cB\u00fcy\u00fck\u015fehir itfaiyemiz b\u00fcy\u00fck bir \u00f6zveriyle \u00e7al\u0131\u015fmalar\u0131n\u0131 s\u00fcrd\u00fcr\u00fcyor. Orman B\u00f6lge M\u00fcd\u00fcrl\u00fc\u011f\u00fc ekipleri ile koordineli bir \u00e7al\u0131\u015fma yap\u0131yor. Kimi yang\u0131nlara orman ekiplerimiz erken m\u00fcdahale ediyor, kimi yang\u0131nlara B\u00fcy\u00fck\u015fehir ekiplerimiz. \u015eimdi alaca\u011f\u0131m\u0131z bu karar ile 5 adet a\u00e7\u0131sal hareketli 42 metre tam otomatik hidrolik merdivenli itfaiye arac\u0131, 13 adet tek kabin \u00e7ok maksatl\u0131 itfaiye arac\u0131, 3 adet 28 metre merdivenli itfaiye arac\u0131n\u0131 Antalya itfaiyemize kazand\u0131raca\u011f\u0131z\u201d dedi. &nbsp;<\/p>\n\n\n\n<p>\u00d6\u011eRENC\u0130LERE E\u011e\u0130T\u0130M DESTE\u011e\u0130<\/p>\n\n\n\n<p>B\u00fcy\u00fck\u015fehir Belediyesi meclis toplant\u0131s\u0131nda yeni e\u011fitim-\u00f6\u011fretim y\u0131l\u0131n\u0131n ba\u015flamas\u0131yla birlikte \u00fcniversite \u00f6\u011frencilerini yak\u0131ndan ilgilendiren bir karar da al\u0131nd\u0131. \u00dclke genelinde ya\u015fanan y\u00fcksek fiyat art\u0131\u015flar\u0131 nedeniyle e\u011fitimine devam etmekte zorlanan y\u00fcksek\u00f6\u011fretim \u00f6\u011frencilerine destek olmak amac\u0131yla ikametg\u00e2h\u0131 Antalya s\u0131n\u0131rlar\u0131 i\u00e7erisindeki \u00f6\u011frencilere y\u00f6nelik uygulanan e\u011fitim deste\u011fi artt\u0131r\u0131ld\u0131. \u00dcniversite \u00f6\u011frencilerine 8 ay i\u00e7in toplam 10 TL \u00f6denmesine karar verildi. &nbsp;\u00d6\u011frencilere sa\u011flanacak 10 bin TL\u2019lik destek, iki d\u00f6nem halinde 5\u2019er bin TL olarak \u00f6denecek.<\/p>\n\n\n\n<p>Antalya B\u00fcy\u00fck\u015fehir Belediyesi \/ B\u00fclten<\/p>\n","protected":false},"excerpt":{"rendered":"<p>Antalya B\u00fcy\u00fck\u015fehir Belediye Ba\u015fkan\u0131 Muhittin B\u00f6cek, B\u00fcy\u00fck\u015fehir Belediyesi \u0130tfaiyesi filosunu g\u00fc\u00e7lendirmek \u00fczere 14 milyon Euro de\u011ferinde 21 adet yeni itfaiye arac\u0131 al\u0131naca\u011f\u0131 m\u00fcjdesini verdi. Antalya <a href=\"https:\/\/akdenizhaber.com.tr\/index.php\/2024\/09\/16\/14-milyon-euroya-21-yeni-arac-aliniyor\/\" class=\"read-more-link\">[more&#8230;]<\/a><\/p>\n","protected":false},"author":2,"featured_media":25873,"comment_status":"open","ping_status":"open","sticky":false,"template":"","format":"standard","meta":{"footnotes":""},"categories":[2],"tags":[],"class_list":["post-25875","post","type-post","status-publish","format-standard","has-post-thumbnail","hentry","category-gundem"],"_links":{"self":[{"href":"https:\/\/akdenizhaber.com.tr\/index.php\/wp-json\/wp\/v2\/posts\/25875","targetHints":{"allow":["GET"]}}],"collection":[{"href":"https:\/\/akdenizhaber.com.tr\/index.php\/wp-json\/wp\/v2\/posts"}],"about":[{"href":"https:\/\/akdenizhaber.com.tr\/index.php\/wp-json\/wp\/v2\/types\/post"}],"author":[{"embeddable":true,"href":"https:\/\/akdenizhaber.com.tr\/index.php\/wp-json\/wp\/v2\/users\/2"}],"replies":[{"embeddable":true,"href":"https:\/\/akdenizhaber.com.tr\/index.php\/wp-json\/wp\/v2\/comments?post=25875"}],"version-history":[{"count":1,"href":"https:\/\/akdenizhaber.com.tr\/index.php\/wp-json\/wp\/v2\/posts\/25875\/revisions"}],"predecessor-version":[{"id":25877,"href":"https:\/\/akdenizhaber.com.tr\/index.php\/wp-json\/wp\/v2\/posts\/25875\/revisions\/25877"}],"wp:featuredmedia":[{"embeddable":true,"href":"https:\/\/akdenizhaber.com.tr\/index.php\/wp-json\/wp\/v2\/media\/25873"}],"wp:attachment":[{"href":"https:\/\/akdenizhaber.com.tr\/index.php\/wp-json\/wp\/v2\/media?parent=25875"}],"wp:term":[{"taxonomy":"category","embeddable":true,"href":"https:\/\/akdenizhaber.com.tr\/index.php\/wp-json\/wp\/v2\/categories?post=25875"},{"taxonomy":"post_tag","embeddable":true,"href":"https:\/\/akdenizhaber.com.tr\/index.php\/wp-json\/wp\/v2\/tags?post=25875"}],"curies":[{"name":"wp","href":"https:\/\/api.w.org\/{rel}","templated":true}]}}