{"id":25854,"date":"2024-09-12T15:19:22","date_gmt":"2024-09-12T12:19:22","guid":{"rendered":"https:\/\/akdenizhaber.com.tr\/?p=25854"},"modified":"2024-09-12T15:19:23","modified_gmt":"2024-09-12T12:19:23","slug":"guney-kore-heyetinden-buyuksehir-belediyesine-ziyaret","status":"publish","type":"post","link":"https:\/\/akdenizhaber.com.tr\/index.php\/2024\/09\/12\/guney-kore-heyetinden-buyuksehir-belediyesine-ziyaret\/","title":{"rendered":"G\u00fcney Kore heyetinden B\u00fcy\u00fck\u015fehir Belediyesi\u2019ne ziyaret"},"content":{"rendered":"\n<p>G\u00fcney Kore Personel Y\u00f6netimi Bakanl\u0131\u011f\u0131&#8217;na ba\u011fl\u0131 Kore Ulusal \u0130nsan Kaynaklar\u0131 Geli\u015ftirme Enstit\u00fcs\u00fc K\u0131demli Politika Kursu\u2019ndan y\u00f6neticiler Antalya B\u00fcy\u00fck\u015fehir Belediyesi\u2019ni ziyaret etti. Ziyarette Antalya B\u00fcy\u00fck\u015fehir Belediyesinin Eko-Deniz turizmindeki ba\u015far\u0131l\u0131 uygulamalar\u0131 ve s\u00fcrd\u00fcr\u00fclebilir deniz turizmi ile ilgili politikalar\u0131 hakk\u0131nda i\u015fbirli\u011fi ve bilgi al\u0131\u015fveri\u015flerinde bulunuldu.<\/p>\n\n\n\n<p>Antalya\u2019n\u0131n ekolojik deniz politikalar\u0131 ve s\u00fcrd\u00fcr\u00fclebilir turizm uygulamalar\u0131 hakk\u0131nda bilgi edinmek ve bu alanda kar\u015f\u0131l\u0131kl\u0131 i\u015fbirli\u011fi f\u0131rsatlar\u0131n\u0131 de\u011ferlendirmek amac\u0131yla B\u00fcy\u00fck\u015fehir Belediyesi\u2019ne ziyarette bulunan G\u00fcney Kore H\u00fck\u00fcmeti ad\u0131na \u00fcst d\u00fczey y\u00f6neticilerden olu\u015fan heyeti B\u00fcy\u00fck\u015fehir Belediyesi Genel Sekreter Yard\u0131mc\u0131s\u0131 Mustafa G\u00fcrb\u00fcz a\u011f\u0131rlad\u0131.<\/p>\n\n\n\n<p>B\u00fcy\u00fck\u015fehir Belediyesi Enc\u00fcmen Salonu\u2019nda ger\u00e7ekle\u015fen toplant\u0131ya, B\u00fcy\u00fck\u015fehir Belediyesi Ba\u015fkan Dan\u0131\u015fman\u0131 \u00c7evre Y\u00fcksek M\u00fchendisi Lokman Atasoy, Ba\u015fkan Dan\u0131\u015fman\u0131 Ay\u015feg\u00fcl \u015eahin Pencik, G\u00fcney Kore Cumhuriyeti \u0130\u00e7i\u015fleri ve G\u00fcvenlik Bakanl\u0131\u011f\u0131 Genel M\u00fcd\u00fcr\u00fc Park Yeon-Byoung, Jeollanam-do Eyaleti Genel M\u00fcd\u00fcr\u00fc Kang Hyo-Seok, Kore Cumhuriyeti Ulusal Se\u00e7im Komisyonu Genel M\u00fcd\u00fcr\u00fc Youn Dae-Rak, yerel y\u00f6neticiler ve belediye b\u00fcrokratlar\u0131 kat\u0131ld\u0131.<\/p>\n\n\n\n<p>\u0130\u015eB\u0130RL\u0130\u011e\u0130N\u0130N ARTIRILMASI HEDEFLEN\u0130YOR<\/p>\n\n\n\n<p>Toplant\u0131da Antalya\u2019n\u0131n k\u0131y\u0131 y\u00f6netimi, deniz temizli\u011fi, s\u00fcrd\u00fcr\u00fclebilir tar\u0131m ve turizm \u00e7al\u0131\u015fmalar\u0131 ve iklim de\u011fi\u015fikli\u011fi ile m\u00fccadelesindeki ba\u015far\u0131l\u0131 uygulamalar\u0131 anlat\u0131larak, kar\u015f\u0131l\u0131kl\u0131 fayda sa\u011flayacak stratejiler ele al\u0131nd\u0131. \u0130ki \u00fclke aras\u0131ndaki yerel y\u00f6netimler i\u015fbirli\u011finin artt\u0131r\u0131lmas\u0131 y\u00f6nelik hedeflerin konu\u015fuldu\u011fu toplant\u0131da ayr\u0131ca 2026 D\u00fcnya Adalar Expo&#8217;suna y\u00f6nelik haz\u0131rl\u0131k s\u00fcre\u00e7leri ile ilgili de Koreli heyet bilgiler sundu.<\/p>\n\n\n\n<p>\u0130L\u0130\u015eK\u0130LER\u0130M\u0130Z ARTARAK DEVAM EDECEK<\/p>\n\n\n\n<p>G\u00fcney Kore ile T\u00fcrkiye\u2019nin tarihi ili\u015fkilerinin \u00e7ok kuvvetli oldu\u011funu ve bu ili\u015fkilerin yerel y\u00f6netimler anlam\u0131nda artt\u0131r\u0131lmas\u0131n\u0131n hedeflendi\u011fini s\u00f6yleyen Antalya B\u00fcy\u00fck\u015fehir Belediyesi Genel Sekreter Yard\u0131mc\u0131s\u0131 Mustafa G\u00fcrb\u00fcz \u201cG\u00fcney Kore\u2019den dokuz ki\u015filik \u00fcst d\u00fczey bir heyeti a\u011f\u0131rlad\u0131k. Kar\u015f\u0131l\u0131kl\u0131 \u00e7al\u0131\u015fmalar\u0131m\u0131z\u0131 anlatt\u0131k. \u00d6zellikle son g\u00fcnlerde iklim de\u011fi\u015fikli\u011fi ve deniz kirlili\u011fine y\u00f6nelik \u00e7al\u0131\u015fmalar\u0131m\u0131za de\u011findik. Tar\u0131m ve turizmin s\u00fcrd\u00fcr\u00fclebilirli\u011fini sa\u011flamak amac\u0131yla denizlerimizin korunmas\u0131n\u0131n elzem oldu\u011funu ifade ederek bu y\u00f6nde \u00e7al\u0131\u015fmalar\u0131m\u0131z\u0131 detayl\u0131 bir \u015fekilde anlatt\u0131k. Denizlerimizin korunmas\u0131 ve kirlili\u011finin bertaraf edilmesine y\u00f6nelik kulland\u0131\u011f\u0131m\u0131z termal kameralar ve elektronik denetim sistemimizden bahsettik. Akarsu ve \u00e7aylar\u0131m\u0131zda ald\u0131\u011f\u0131m\u0131z \u00f6nlemleri anlatt\u0131k. G\u00fcney Koreli karde\u015flerimiz bu \u00e7al\u0131\u015fmalar\u0131m\u0131z\u0131 takdirde kar\u015f\u0131lad\u0131. Kar\u015f\u0131l\u0131kl\u0131 ili\u015fkilerimizin devam ettirilmesi y\u00f6n\u00fcnde de mutabakata vard\u0131k. Hem G\u00fcney Kore ile olan ili\u015fkilerimizin peki\u015ftirilmesi hem de karde\u015f \u015fehir ili\u015fkilerinin kurulmas\u0131 a\u00e7\u0131s\u0131ndan g\u00fczel bir toplant\u0131 ger\u00e7ekle\u015ftirdik\u201d diye konu\u015ftu.<\/p>\n\n\n\n<p>ANTALYA SON DERECE BA\u015eARILI<\/p>\n\n\n\n<p>Antalya B\u00fcy\u00fck\u015fehir Belediyesinin k\u0131y\u0131 y\u00f6netimi ve eko-deniz turizmine \u00f6rnek bir belediye oldu\u011funu belirten G\u00fcney Koreli Heyetin Ba\u015fkan\u0131 Park Yeon-byoung \u015funlar\u0131 s\u00f6yledi: \u201cAntalya\u2019da olmaktan, bu g\u00fczel \u015fehrin yerel y\u00f6neticileri ile bir arada olmaktan dolay\u0131 son derece memnunuz. Ziyaretimizde \u00f6ncelikli konumuz deniz ekosistemi, k\u0131y\u0131 y\u00f6netimi ve iklim de\u011fi\u015fikli\u011fi ile ilgili uygulamalar oldu. Antalya\u2019n\u0131n bu konuda son derece ba\u015far\u0131l\u0131 i\u015fler yapt\u0131\u011f\u0131n\u0131 biliyor ve takdir ediyoruz. K\u0131y\u0131 ve deniz y\u00f6netimi ile ilgili bilgi al\u0131\u015f veri\u015finde bulunduk. Gelecekte T\u00fcrkiye ile G\u00fcney Kore aras\u0131nda bu y\u00f6nde \u00e7ok iyi bir i\u015fbirli\u011finin olaca\u011f\u0131na inan\u0131yoruz. Karde\u015f \u015fehir ili\u015fkilerimizin de artmas\u0131 y\u00f6n\u00fcnde \u00e7al\u0131\u015fmalar ger\u00e7ekle\u015ftirece\u011fiz\u201d dedi.<\/p>\n\n\n\n<p>Antalya B\u00fcy\u00fck\u015fehir Belediyesi \/ B\u00fclten<\/p>\n","protected":false},"excerpt":{"rendered":"<p>G\u00fcney Kore Personel Y\u00f6netimi Bakanl\u0131\u011f\u0131&#8217;na ba\u011fl\u0131 Kore Ulusal \u0130nsan Kaynaklar\u0131 Geli\u015ftirme Enstit\u00fcs\u00fc K\u0131demli Politika Kursu\u2019ndan y\u00f6neticiler Antalya B\u00fcy\u00fck\u015fehir Belediyesi\u2019ni ziyaret etti. Ziyarette Antalya B\u00fcy\u00fck\u015fehir Belediyesinin <a href=\"https:\/\/akdenizhaber.com.tr\/index.php\/2024\/09\/12\/guney-kore-heyetinden-buyuksehir-belediyesine-ziyaret\/\" class=\"read-more-link\">[more&#8230;]<\/a><\/p>\n","protected":false},"author":2,"featured_media":25855,"comment_status":"open","ping_status":"open","sticky":false,"template":"","format":"standard","meta":{"footnotes":""},"categories":[2],"tags":[],"class_list":["post-25854","post","type-post","status-publish","format-standard","has-post-thumbnail","hentry","category-gundem"],"_links":{"self":[{"href":"https:\/\/akdenizhaber.com.tr\/index.php\/wp-json\/wp\/v2\/posts\/25854","targetHints":{"allow":["GET"]}}],"collection":[{"href":"https:\/\/akdenizhaber.com.tr\/index.php\/wp-json\/wp\/v2\/posts"}],"about":[{"href":"https:\/\/akdenizhaber.com.tr\/index.php\/wp-json\/wp\/v2\/types\/post"}],"author":[{"embeddable":true,"href":"https:\/\/akdenizhaber.com.tr\/index.php\/wp-json\/wp\/v2\/users\/2"}],"replies":[{"embeddable":true,"href":"https:\/\/akdenizhaber.com.tr\/index.php\/wp-json\/wp\/v2\/comments?post=25854"}],"version-history":[{"count":1,"href":"https:\/\/akdenizhaber.com.tr\/index.php\/wp-json\/wp\/v2\/posts\/25854\/revisions"}],"predecessor-version":[{"id":25856,"href":"https:\/\/akdenizhaber.com.tr\/index.php\/wp-json\/wp\/v2\/posts\/25854\/revisions\/25856"}],"wp:featuredmedia":[{"embeddable":true,"href":"https:\/\/akdenizhaber.com.tr\/index.php\/wp-json\/wp\/v2\/media\/25855"}],"wp:attachment":[{"href":"https:\/\/akdenizhaber.com.tr\/index.php\/wp-json\/wp\/v2\/media?parent=25854"}],"wp:term":[{"taxonomy":"category","embeddable":true,"href":"https:\/\/akdenizhaber.com.tr\/index.php\/wp-json\/wp\/v2\/categories?post=25854"},{"taxonomy":"post_tag","embeddable":true,"href":"https:\/\/akdenizhaber.com.tr\/index.php\/wp-json\/wp\/v2\/tags?post=25854"}],"curies":[{"name":"wp","href":"https:\/\/api.w.org\/{rel}","templated":true}]}}