{"id":25851,"date":"2024-09-12T15:17:57","date_gmt":"2024-09-12T12:17:57","guid":{"rendered":"https:\/\/akdenizhaber.com.tr\/?p=25851"},"modified":"2024-09-12T15:17:57","modified_gmt":"2024-09-12T12:17:57","slug":"bocekten-genc-tegmenlere-destek","status":"publish","type":"post","link":"https:\/\/akdenizhaber.com.tr\/index.php\/2024\/09\/12\/bocekten-genc-tegmenlere-destek\/","title":{"rendered":"B\u00f6cek\u2019ten gen\u00e7 te\u011fmenlere destek"},"content":{"rendered":"\n<p>Antalya B\u00fcy\u00fck\u015fehir Belediye Ba\u015fkan\u0131 Muhittin B\u00f6cek, ba\u015fkanl\u0131\u011f\u0131nda ger\u00e7ekle\u015ftirilen B\u00fcy\u00fck\u015fehir Belediyesi Meclisi Eyl\u00fcl Ay\u0131 Ola\u011fan Toplant\u0131s\u0131\u2019nda 142 g\u00fcndem maddesi g\u00f6r\u00fc\u015f\u00fcld\u00fc. Meclis toplant\u0131s\u0131nda Ba\u015fkan Muhittin B\u00f6cek\u2019in g\u00fcndeme dair yapt\u0131\u011f\u0131 konu\u015fma damga vurdu. Kara, Hava ve Deniz Harp Okulu\u2019nu birincilikle bitiren kad\u0131n te\u011fmenlerle gurur duydu\u011funu s\u00f6yleyen Ba\u015fkan B\u00f6cek, \u201cBen o 3 kad\u0131n te\u011fmenimizin Mustafa Kemal\u2019in askerleriyiz demesinden gurur duydum. Biz Mustafa Kemal\u2019in askerleri olmaya devam edece\u011fiz\u201d dedi.<\/p>\n\n\n\n<p>Antalya B\u00fcy\u00fck\u015fehir Belediye Meclisi Eyl\u00fcl ay\u0131 ola\u011fan toplant\u0131s\u0131 yap\u0131ld\u0131. Mecliste \u00f6nergeler ile birlikte 142 g\u00fcndem maddesi g\u00f6r\u00fc\u015f\u00fcld\u00fc. Siyasi partilerin grup s\u00f6zc\u00fclerinin yapt\u0131\u011f\u0131 konu\u015fmalar\u0131n ard\u0131ndan meclisin a\u00e7\u0131l\u0131\u015f konu\u015fmas\u0131n\u0131 ger\u00e7ekle\u015ftiren Antalya B\u00fcy\u00fck\u015fehir Belediye Ba\u015fkan\u0131 Muhittin B\u00f6cek, operasyonlar s\u0131ras\u0131nda \u015fehit d\u00fc\u015fen askerlere rahmet diledi. Ba\u015fkan Muhittin B\u00f6cek, 19 g\u00fcn sonra cans\u0131z bedeni bulunan Narin i\u00e7in de Allah\u2019tan rahmet dileyerek, \u201cNarin k\u0131z\u0131m\u0131z\u0131n cans\u0131z bedenini bu hale getirenleri lanetliyorum, k\u0131n\u0131yorum\u201d dedi.<\/p>\n\n\n\n<p>KADIN TE\u011eMENLER\u0130 KUTLADI<\/p>\n\n\n\n<p>Konu\u015fmas\u0131n\u0131n devam\u0131nda Kara, Deniz ve Hava Harp Okullar\u0131n\u0131 birincilikle bitiren kad\u0131n te\u011fmenleri kutlayan Ba\u015fkan B\u00f6cek \u015f\u00f6yle konu\u015ftu: \u201cBen o 3 kad\u0131n te\u011fmenimizin Mustafa Kemal\u2019in askerleriyiz demesinden gurur duydum. Biz Mustafa Kemal\u2019in askerleri olmaya devam edece\u011fiz. Ben And\u0131m\u0131z\u2019la b\u00fcy\u00fcd\u00fcm, 19 May\u0131s\u2019la, 30 A\u011fustos Zafer Bayram\u0131\u2019yla, Cumhuriyet Bayram\u0131\u2019yla b\u00fcy\u00fcd\u00fcm. And\u0131m\u0131z\u0131 kald\u0131r\u0131rken hi\u00e7 bunlar\u0131 d\u00fc\u015f\u00fcnmediniz.\u201d<\/p>\n\n\n\n<p>SARISU \u0130HALES\u0130 HALEN ONAYLANMADI<\/p>\n\n\n\n<p>Sar\u0131su Mesire Alan\u0131 ile ilgili muhalefet meclis \u00fcyelerinden destek isteyen Ba\u015fkan B\u00f6cek, \u201cMenderes T\u00fcrel d\u00f6neminde B\u00fcy\u00fck\u015fehir Belediyesi Sar\u0131su\u2019yu D tipi mesire alan\u0131na ge\u00e7irmek i\u00e7in 15 milyon 340 bin lira yat\u0131rd\u0131. Bu milletimizin paras\u0131d\u0131r. 14 milyon liraya kazand\u0131\u011f\u0131m\u0131z ilk ihale iptal edildi. \u0130kinci ihalede rakam y\u00fckselttiler. \u0130haleye tekrar kat\u0131ld\u0131k 24 milyon lira vererek yine kazand\u0131k ancak hala ihale onaylanmad\u0131\u201d dedi.<\/p>\n\n\n\n<p>DESTEK \u0130STED\u0130<\/p>\n\n\n\n<p>Ba\u015fkan B\u00f6cek AK parti grubuna seslenerek \u201cBu millet bunlar\u0131n hepsini g\u00f6r\u00fcyor yapmay\u0131n. Ben Antalya B\u00fcy\u00fck\u015fehir Belediyesi olarak ayr\u0131m yap\u0131yor muyum? Antalya\u2019da kimseyi \u00f6tekile\u015ftirmeden \u00e7al\u0131\u015f\u0131yorum. Siz de her g\u00fcn g\u00f6r\u00fcyorsunuz. Vekilleriniz var neden onaylatm\u0131yorsunuz. Bu para milletin paras\u0131, Muhittin B\u00f6cek\u2019in de\u011fil. Sizden rica ediyorum bu konuyu \u00e7\u00f6z\u00fcn biz de burada alk\u0131\u015flayal\u0131m\u201d ifadelerini kulland\u0131.<\/p>\n\n\n\n<p><a><\/a><br>Konu\u015fmalar\u0131n ard\u0131ndan 44 meclis maddesi karara ba\u011flan\u0131rken, 98 g\u00fcndem maddesi g\u00f6r\u00fc\u015f\u00fclmek \u00fczere ilgili komisyonlara havale edildi.<\/p>\n\n\n\n<p>Antalya B\u00fcy\u00fck\u015fehir Belediyesi \/ B\u00fclten<\/p>\n","protected":false},"excerpt":{"rendered":"<p>Antalya B\u00fcy\u00fck\u015fehir Belediye Ba\u015fkan\u0131 Muhittin B\u00f6cek, ba\u015fkanl\u0131\u011f\u0131nda ger\u00e7ekle\u015ftirilen B\u00fcy\u00fck\u015fehir Belediyesi Meclisi Eyl\u00fcl Ay\u0131 Ola\u011fan Toplant\u0131s\u0131\u2019nda 142 g\u00fcndem maddesi g\u00f6r\u00fc\u015f\u00fcld\u00fc. Meclis toplant\u0131s\u0131nda Ba\u015fkan Muhittin B\u00f6cek\u2019in g\u00fcndeme <a href=\"https:\/\/akdenizhaber.com.tr\/index.php\/2024\/09\/12\/bocekten-genc-tegmenlere-destek\/\" class=\"read-more-link\">[more&#8230;]<\/a><\/p>\n","protected":false},"author":2,"featured_media":25852,"comment_status":"open","ping_status":"open","sticky":false,"template":"","format":"standard","meta":{"footnotes":""},"categories":[2],"tags":[],"class_list":["post-25851","post","type-post","status-publish","format-standard","has-post-thumbnail","hentry","category-gundem"],"_links":{"self":[{"href":"https:\/\/akdenizhaber.com.tr\/index.php\/wp-json\/wp\/v2\/posts\/25851","targetHints":{"allow":["GET"]}}],"collection":[{"href":"https:\/\/akdenizhaber.com.tr\/index.php\/wp-json\/wp\/v2\/posts"}],"about":[{"href":"https:\/\/akdenizhaber.com.tr\/index.php\/wp-json\/wp\/v2\/types\/post"}],"author":[{"embeddable":true,"href":"https:\/\/akdenizhaber.com.tr\/index.php\/wp-json\/wp\/v2\/users\/2"}],"replies":[{"embeddable":true,"href":"https:\/\/akdenizhaber.com.tr\/index.php\/wp-json\/wp\/v2\/comments?post=25851"}],"version-history":[{"count":1,"href":"https:\/\/akdenizhaber.com.tr\/index.php\/wp-json\/wp\/v2\/posts\/25851\/revisions"}],"predecessor-version":[{"id":25853,"href":"https:\/\/akdenizhaber.com.tr\/index.php\/wp-json\/wp\/v2\/posts\/25851\/revisions\/25853"}],"wp:featuredmedia":[{"embeddable":true,"href":"https:\/\/akdenizhaber.com.tr\/index.php\/wp-json\/wp\/v2\/media\/25852"}],"wp:attachment":[{"href":"https:\/\/akdenizhaber.com.tr\/index.php\/wp-json\/wp\/v2\/media?parent=25851"}],"wp:term":[{"taxonomy":"category","embeddable":true,"href":"https:\/\/akdenizhaber.com.tr\/index.php\/wp-json\/wp\/v2\/categories?post=25851"},{"taxonomy":"post_tag","embeddable":true,"href":"https:\/\/akdenizhaber.com.tr\/index.php\/wp-json\/wp\/v2\/tags?post=25851"}],"curies":[{"name":"wp","href":"https:\/\/api.w.org\/{rel}","templated":true}]}}