{"id":25842,"date":"2024-09-12T15:13:27","date_gmt":"2024-09-12T12:13:27","guid":{"rendered":"https:\/\/akdenizhaber.com.tr\/?p=25842"},"modified":"2024-09-12T15:13:28","modified_gmt":"2024-09-12T12:13:28","slug":"antalya-bilim-universitesi-agiz-ve-dis-sagligi-uygulama-ve-arastirma-merkezi-ile-sgk-arasinda-is-birligi-protokolu-imzalandi","status":"publish","type":"post","link":"https:\/\/akdenizhaber.com.tr\/index.php\/2024\/09\/12\/antalya-bilim-universitesi-agiz-ve-dis-sagligi-uygulama-ve-arastirma-merkezi-ile-sgk-arasinda-is-birligi-protokolu-imzalandi\/","title":{"rendered":"Antalya Bilim \u00dcniversitesi A\u011f\u0131z ve Di\u015f Sa\u011fl\u0131\u011f\u0131 Uygulama ve Ara\u015ft\u0131rma Merkezi ile SGK Aras\u0131nda \u0130\u015f Birli\u011fi Protokol\u00fc \u0130mzaland\u0131"},"content":{"rendered":"\n<p>Antalya Bilim \u00dcniversitesi A\u011f\u0131z ve Di\u015f Sa\u011fl\u0131\u011f\u0131 Uygulama ve Ara\u015ft\u0131rma Merkezi (Di\u015f Hastanesi) ile Sosyal G\u00fcvenlik Kurumu (SGK) aras\u0131nda \u00f6nemli bir i\u015f birli\u011fi protokol\u00fc imzaland\u0131. Bu protokol kapsam\u0131nda, SGK&#8217;n\u0131n Sa\u011fl\u0131k Uygulama Tebli\u011fi (SUT) \u00e7er\u00e7evesinde, hastalar a\u011f\u0131z ve di\u015f sa\u011fl\u0131\u011f\u0131 tedavileri konusunda devlet desteklerinden faydalanabileceklerdir.<\/p>\n\n\n\n<p>Yeni protokol, Antalya Bilim \u00dcniversitesi&#8217;nin sundu\u011fu kaliteli sa\u011fl\u0131k hizmetlerini SGK kapsam\u0131nda daha geni\u015f bir kitleye ula\u015ft\u0131rma amac\u0131n\u0131 ta\u015f\u0131maktad\u0131r. Hastalar, devletin sundu\u011fu desteklerle, A\u011f\u0131z ve Di\u015f Sa\u011fl\u0131\u011f\u0131 Uygulama ve Ara\u015ft\u0131rma Merkezi&#8217;nde gerekli tedavileri alabileceklerdir.<br>Konu ile ilgili daha ayr\u0131nt\u0131l\u0131 bilgi almak isteyen vatanda\u015flar, 0242 245 00 11 ve 0544 245 00 91 numaral\u0131 telefonlardan bize ula\u015fabilirler.<\/p>\n\n\n\n<p>Haber Merkezi<\/p>\n","protected":false},"excerpt":{"rendered":"<p>Antalya Bilim \u00dcniversitesi A\u011f\u0131z ve Di\u015f Sa\u011fl\u0131\u011f\u0131 Uygulama ve Ara\u015ft\u0131rma Merkezi (Di\u015f Hastanesi) ile Sosyal G\u00fcvenlik Kurumu (SGK) aras\u0131nda \u00f6nemli bir i\u015f birli\u011fi protokol\u00fc imzaland\u0131. <a href=\"https:\/\/akdenizhaber.com.tr\/index.php\/2024\/09\/12\/antalya-bilim-universitesi-agiz-ve-dis-sagligi-uygulama-ve-arastirma-merkezi-ile-sgk-arasinda-is-birligi-protokolu-imzalandi\/\" class=\"read-more-link\">[more&#8230;]<\/a><\/p>\n","protected":false},"author":2,"featured_media":25843,"comment_status":"open","ping_status":"open","sticky":false,"template":"","format":"standard","meta":{"footnotes":""},"categories":[2],"tags":[],"class_list":["post-25842","post","type-post","status-publish","format-standard","has-post-thumbnail","hentry","category-gundem"],"_links":{"self":[{"href":"https:\/\/akdenizhaber.com.tr\/index.php\/wp-json\/wp\/v2\/posts\/25842","targetHints":{"allow":["GET"]}}],"collection":[{"href":"https:\/\/akdenizhaber.com.tr\/index.php\/wp-json\/wp\/v2\/posts"}],"about":[{"href":"https:\/\/akdenizhaber.com.tr\/index.php\/wp-json\/wp\/v2\/types\/post"}],"author":[{"embeddable":true,"href":"https:\/\/akdenizhaber.com.tr\/index.php\/wp-json\/wp\/v2\/users\/2"}],"replies":[{"embeddable":true,"href":"https:\/\/akdenizhaber.com.tr\/index.php\/wp-json\/wp\/v2\/comments?post=25842"}],"version-history":[{"count":1,"href":"https:\/\/akdenizhaber.com.tr\/index.php\/wp-json\/wp\/v2\/posts\/25842\/revisions"}],"predecessor-version":[{"id":25844,"href":"https:\/\/akdenizhaber.com.tr\/index.php\/wp-json\/wp\/v2\/posts\/25842\/revisions\/25844"}],"wp:featuredmedia":[{"embeddable":true,"href":"https:\/\/akdenizhaber.com.tr\/index.php\/wp-json\/wp\/v2\/media\/25843"}],"wp:attachment":[{"href":"https:\/\/akdenizhaber.com.tr\/index.php\/wp-json\/wp\/v2\/media?parent=25842"}],"wp:term":[{"taxonomy":"category","embeddable":true,"href":"https:\/\/akdenizhaber.com.tr\/index.php\/wp-json\/wp\/v2\/categories?post=25842"},{"taxonomy":"post_tag","embeddable":true,"href":"https:\/\/akdenizhaber.com.tr\/index.php\/wp-json\/wp\/v2\/tags?post=25842"}],"curies":[{"name":"wp","href":"https:\/\/api.w.org\/{rel}","templated":true}]}}