{"id":25789,"date":"2024-09-09T16:06:58","date_gmt":"2024-09-09T13:06:58","guid":{"rendered":"https:\/\/akdenizhaber.com.tr\/?p=25789"},"modified":"2024-09-09T16:10:50","modified_gmt":"2024-09-09T13:10:50","slug":"iii-uluslararasi-food-fest-antalya-gastronomi-festivali-sona-erdi","status":"publish","type":"post","link":"https:\/\/akdenizhaber.com.tr\/index.php\/2024\/09\/09\/iii-uluslararasi-food-fest-antalya-gastronomi-festivali-sona-erdi\/","title":{"rendered":"III. Uluslararas\u0131 Food Fest Antalya Gastronomi Festivali sona erdi"},"content":{"rendered":"\n<p>Antalya B\u00fcy\u00fck\u015fehir Belediyesi taraf\u0131ndan \u201cAntalya\u2019dan D\u00fcnya\u2019ya\u201d mottosuyla bu y\u0131l 3\u2019\u00fcnc\u00fcs\u00fc d\u00fczenlenen ve ziyaret\u00e7i ak\u0131n\u0131na u\u011frayan Foodfest Antalya Uluslararas\u0131 Gastronomi Festivali, sona erdi. Festival damaklarda unutulmaz tatlar, haf\u0131zalarda keyifli anlar b\u0131rakt\u0131.<\/p>\n\n\n\n<p>Yerel \u00fcr\u00fcnlere sahip \u00e7\u0131kmak, Antalya mutfa\u011f\u0131n\u0131 ve b\u00f6lgenin co\u011frafi i\u015faretli \u00fcr\u00fcnlerini \u00f6ne \u00e7\u0131kararak onlar\u0131 gelece\u011fe miras b\u0131rakmak hedefiyle Antalya B\u00fcy\u00fck\u015fehir Belediyesi taraf\u0131ndan bu y\u0131l 3\u2019\u00fcnc\u00fcs\u00fc ger\u00e7ekle\u015ftirilen Uluslararas\u0131 Food Fest Antalya Gastronomi Festivali bu y\u0131l da yo\u011fun ilgi g\u00f6rd\u00fc.<\/p>\n\n\n\n<p>ANTALYALILAR LEZZET TURUNA \u00c7IKTI<\/p>\n\n\n\n<p>Karaalio\u011flu Park\u0131&#8217;ndaki fuar alan\u0131nda 3 g\u00fcn boyunca D\u00fcnyaca \u00fcnl\u00fc \u015feflerin de kat\u0131l\u0131m\u0131yla d\u00fczenlenen festival sergiler, \u00fcr\u00fcn tan\u0131t\u0131mlar\u0131, at\u00f6lyeler, paneller, s\u00f6yle\u015filer, yar\u0131\u015fmalar ile konserler, yerli ve yabanc\u0131 pek \u00e7ok ki\u015fi taraf\u0131ndan takip edildi. Antalya\u2019n\u0131n yerel tar\u0131m \u00fcr\u00fcnleri ile lezzetlerinin yer ald\u0131\u011f\u0131 stantlar yo\u011fun ilgi g\u00f6rd\u00fc. Festivalin ziyaret\u00e7ileri, Antalya\u2019n\u0131n yerel mahsullerini tan\u0131rken zengin gastronomisinin tad\u0131na bakt\u0131, e\u015fsiz lezzetlerini ke\u015ffetti.<\/p>\n\n\n\n<p>GASTRONOM\u0130N\u0130N KALB\u0130 ANTALYA\u2019DA ATTI<\/p>\n\n\n\n<p>\u201cAntalya\u2019dan D\u00fcnya\u2019ya\u201d mottosuyla d\u00fczenlenen festival, T\u00fcrkiye ve d\u00fcnyadan birbirinden \u00fcnl\u00fc Michelin y\u0131ld\u0131zl\u0131 \u015fefleri, gurmeleri, gastronomi ve turizm yazarlar\u0131n\u0131, sekt\u00f6r\u00fcn farkl\u0131 alanlar\u0131ndaki profesyonelleri ve lezzet tutkunlar\u0131n\u0131 Antalya\u2019da bulu\u015fturdu. Festivalin \u00fc\u00e7\u00fcnc\u00fc ve son g\u00fcn\u00fcnde gastronomiye y\u00f6nelik d\u00fczenlenen panel ve s\u00f6yle\u015filerde. Gelece\u011fin Mutfa\u011f\u0131nda Yerel \u00dcr\u00fcnlerin \u00d6nemi, Sokak Yemekleri ile Gastronomi E\u011fitiminde Yenilik\u00e7i Yakla\u015f\u0131mlar, Antalya\u2019n\u0131n Gurme Haritas\u0131, Gelece\u011fin Mutfa\u011f\u0131nda Do\u011fru G\u0131da Uygulamalar\u0131, Antalya\u2019n\u0131n Dijital Gelece\u011fi, Sokak Lezzetleri ile Gastronomik Yenilik, Yerel Lezzetleri ve K\u00fclt\u00fcr\u00fc \u00d6n Plana \u00c7\u0131karma Giri\u015fimleri, Y\u00f6r\u00fck Mutfa\u011f\u0131, Antalya\u2019n\u0131n Co\u011frafi \u0130\u015faretli \u00dcr\u00fcnleri, Yerel Tar\u0131m\u0131n Gelece\u011fi ve Tarladan Sofraya Tar\u0131m Konseptinin S\u00fcrd\u00fcr\u00fclebilirli\u011fi konular\u0131 ele al\u0131nd\u0131.<\/p>\n\n\n\n<p>\u015eEF ARDA T\u00dcRKMEN B\u00dcY\u00dcK \u0130LG\u0130 G\u00d6RD\u00dc<\/p>\n\n\n\n<p>Festivalin son g\u00fcn\u00fcnde \u00fcnl\u00fc \u015fef Arda T\u00fcrkmen de Antalyal\u0131 lezzet tutkunlar\u0131yla bulu\u015ftu. \u201cPiyazdan ve Kabaktan \u00d6te Tahin\u201d isimli s\u00f6yle\u015fi ve yemek etkinli\u011finde \u00fcnl\u00fc \u015fefin \u201cTahin soslu roka salatas\u0131\u201d sunumu b\u00fcy\u00fck be\u011feni toplad\u0131. Antalya B\u00fcy\u00fck\u015fehir Belediyesi\u2019nin d\u00fczenledi\u011fi Food Fest etkinli\u011finde bulunmaktan dolay\u0131 mutlu oldu\u011funu ifade eden Arda \u015eef, \u201cFestivalin \u00fc\u00e7\u00fcnc\u00fc y\u0131l\u0131nda da sizlerle olmaktan mutluyum. Antalya\u2019da olmak her zaman \u00e7ok g\u00fczeldir. Festival bu y\u0131l da \u00e7ok ba\u015far\u0131l\u0131, kat\u0131l\u0131m yine \u00e7ok y\u00fcksek\u201d diye konu\u015ftu. Antalya B\u00fcy\u00fck\u015fehir Belediyesi Genel Sekreteri Cansel Tuncer de etkinlik sonunda Arda T\u00fcrkmen\u2019e&nbsp; plaket taktim etti. Sunumu not ald\u0131\u011f\u0131n\u0131 ve en k\u0131sa s\u00fcrede evde deneyece\u011fini s\u00f6yleyen Cansel Tuncer, \u201cArda T\u00fcrkmensiz bir Food Fest d\u00fc\u015f\u00fcnemiyoruz. Yine \u00e7ok g\u00fczel bir sunuma imza att\u0131. Kat\u0131ld\u0131\u011f\u0131 i\u00e7in \u00e7ok te\u015fekk\u00fcr ediyoruz\u201d diye konu\u015ftu. Tuncer\u2019in \u201cevde yemekleri kim yap\u0131yor\u201d sorusu \u00fczerine \u00fcnl\u00fc \u015fef evde yemekleri kendisinin yapt\u0131\u011f\u0131n\u0131 s\u00f6yledi.<\/p>\n\n\n\n<p>\u00dcN\u0130VERS\u0130TEL\u0130 \u015eEF ADAYLARI YARI\u015eTI<\/p>\n\n\n\n<p>Uluslararas\u0131 Food Fest Antalya Gastronomi Festivali\u2019nin en heyecanl\u0131 anlar\u0131ndan biri de yar\u0131\u015fma \u00e7ad\u0131r\u0131nda d\u00fczenlenen \u00dcniversitelerin Gastronomi B\u00f6l\u00fcm\u00fcnde e\u011fitim alan \u00f6\u011frencilerin kat\u0131ld\u0131\u011f\u0131 yemek yar\u0131\u015fmas\u0131 oldu. Alt\u0131 \u00fcniversitenin kat\u0131ld\u0131\u011f\u0131 yar\u0131\u015fmada \u015fef aday\u0131 \u00f6\u011frenciler j\u00fcri \u00f6n\u00fcnde h\u00fcnerlerini sergiledi. Yar\u0131\u015fma sonunda birincili\u011fi Akdeniz \u00dcniversitesi kazan\u0131rken; ikinci \u00d6zye\u011fin \u00dcniversitesi \u00fc\u00e7\u00fcnc\u00fc ise Bah\u00e7e\u015fehir \u00dcniversitesi oldu. Yar\u0131\u015fma sonunda kazanlara \u00f6d\u00fclleri taktim edildi.<\/p>\n\n\n\n<p>\u00dcNL\u00dc \u015eEFLER SAHNEDE H\u00dcNERLER\u0130N\u0130 G\u00d6STERD\u0130<\/p>\n\n\n\n<p><a><\/a>Foodfest&#8217;in son g\u00fcn\u00fcnde Ey\u00fcp Kemal Sevin\u00e7, U\u011fur Volkan Uysal, Rafet \u0130nce, \u00d6zge \u015eahin, Mehmet \u00d6zer ve Serhat Do\u011framac\u0131 gibi \u00fcnl\u00fc isimler d\u00fczenlenen workshoplarla Antalyal\u0131lara yemek yapman\u0131n inceliklerini g\u00f6sterdi. \u00dcnl\u00fc \u015feflerin \u015fovlar\u0131 konuklar taraf\u0131ndan ilgiyle izlendi ve b\u00fcy\u00fck be\u011feni toplad\u0131.<\/p>\n\n\n\n<p>Antalya B\u00fcy\u00fck\u015fehir Belediyesi \/ B\u00fclten<\/p>\n","protected":false},"excerpt":{"rendered":"<p>Antalya B\u00fcy\u00fck\u015fehir Belediyesi taraf\u0131ndan \u201cAntalya\u2019dan D\u00fcnya\u2019ya\u201d mottosuyla bu y\u0131l 3\u2019\u00fcnc\u00fcs\u00fc d\u00fczenlenen ve ziyaret\u00e7i ak\u0131n\u0131na u\u011frayan Foodfest Antalya Uluslararas\u0131 Gastronomi Festivali, sona erdi. Festival damaklarda unutulmaz <a href=\"https:\/\/akdenizhaber.com.tr\/index.php\/2024\/09\/09\/iii-uluslararasi-food-fest-antalya-gastronomi-festivali-sona-erdi\/\" class=\"read-more-link\">[more&#8230;]<\/a><\/p>\n","protected":false},"author":2,"featured_media":25791,"comment_status":"open","ping_status":"open","sticky":false,"template":"","format":"standard","meta":{"footnotes":""},"categories":[2],"tags":[],"class_list":["post-25789","post","type-post","status-publish","format-standard","has-post-thumbnail","hentry","category-gundem"],"_links":{"self":[{"href":"https:\/\/akdenizhaber.com.tr\/index.php\/wp-json\/wp\/v2\/posts\/25789","targetHints":{"allow":["GET"]}}],"collection":[{"href":"https:\/\/akdenizhaber.com.tr\/index.php\/wp-json\/wp\/v2\/posts"}],"about":[{"href":"https:\/\/akdenizhaber.com.tr\/index.php\/wp-json\/wp\/v2\/types\/post"}],"author":[{"embeddable":true,"href":"https:\/\/akdenizhaber.com.tr\/index.php\/wp-json\/wp\/v2\/users\/2"}],"replies":[{"embeddable":true,"href":"https:\/\/akdenizhaber.com.tr\/index.php\/wp-json\/wp\/v2\/comments?post=25789"}],"version-history":[{"count":1,"href":"https:\/\/akdenizhaber.com.tr\/index.php\/wp-json\/wp\/v2\/posts\/25789\/revisions"}],"predecessor-version":[{"id":25790,"href":"https:\/\/akdenizhaber.com.tr\/index.php\/wp-json\/wp\/v2\/posts\/25789\/revisions\/25790"}],"wp:featuredmedia":[{"embeddable":true,"href":"https:\/\/akdenizhaber.com.tr\/index.php\/wp-json\/wp\/v2\/media\/25791"}],"wp:attachment":[{"href":"https:\/\/akdenizhaber.com.tr\/index.php\/wp-json\/wp\/v2\/media?parent=25789"}],"wp:term":[{"taxonomy":"category","embeddable":true,"href":"https:\/\/akdenizhaber.com.tr\/index.php\/wp-json\/wp\/v2\/categories?post=25789"},{"taxonomy":"post_tag","embeddable":true,"href":"https:\/\/akdenizhaber.com.tr\/index.php\/wp-json\/wp\/v2\/tags?post=25789"}],"curies":[{"name":"wp","href":"https:\/\/api.w.org\/{rel}","templated":true}]}}