{"id":25766,"date":"2024-09-05T16:38:41","date_gmt":"2024-09-05T13:38:41","guid":{"rendered":"https:\/\/akdenizhaber.com.tr\/?p=25766"},"modified":"2024-09-05T16:40:35","modified_gmt":"2024-09-05T13:40:35","slug":"side-esnaflarindan-ayhan-bulent-yilmazi-kaybettik","status":"publish","type":"post","link":"https:\/\/akdenizhaber.com.tr\/index.php\/2024\/09\/05\/side-esnaflarindan-ayhan-bulent-yilmazi-kaybettik\/","title":{"rendered":"S\u0130DE ESNAFLARINDAN AYHAN B\u00dcLENT YILMAZ\u2019I KAYBETT\u0130K"},"content":{"rendered":"\n<p><\/p>\n\n\n\n<p>Uzun y\u0131llar Side\u2019de esnafl\u0131k yapan Ayhan B\u00fclent Y\u0131lmaz vefat\u0131yla sevenlerini \u00fczd\u00fc. Y\u0131lmaz, d\u00fczenlenen cenaze merasimiyle Side Kemer mezarl\u0131\u011f\u0131nda topra\u011fa verildi.<\/p>\n\n\n\n<p>Beyne atan p\u0131ht\u0131 nedeniyle yakla\u015f\u0131k 2 ayd\u0131r Manavgat Devlet Hastanesi yo\u011fun bak\u0131m servisinde yatmakta olan Side\u2019nin tan\u0131nan ve sevilen esnaflar\u0131ndan Ayhan B\u00fclent Y\u0131lmaz maalesef hayata tutunamad\u0131. Vefat\u0131yla ailesi, sevenleri ve arkada\u015flar\u0131n\u0131 derin \u00fcz\u00fcnt\u00fcye sevkeden Y\u0131lmaz\u2019\u0131n cenazesi Side Kemer mezarl\u0131\u011f\u0131na defnedildi.&nbsp;<\/p>\n\n\n\n<p>B\u00fc\u015fra Deveci \/ Haber<\/p>\n","protected":false},"excerpt":{"rendered":"<p>Uzun y\u0131llar Side\u2019de esnafl\u0131k yapan Ayhan B\u00fclent Y\u0131lmaz vefat\u0131yla sevenlerini \u00fczd\u00fc. Y\u0131lmaz, d\u00fczenlenen cenaze merasimiyle Side Kemer mezarl\u0131\u011f\u0131nda topra\u011fa verildi. Beyne atan p\u0131ht\u0131 nedeniyle yakla\u015f\u0131k <a href=\"https:\/\/akdenizhaber.com.tr\/index.php\/2024\/09\/05\/side-esnaflarindan-ayhan-bulent-yilmazi-kaybettik\/\" class=\"read-more-link\">[more&#8230;]<\/a><\/p>\n","protected":false},"author":2,"featured_media":25767,"comment_status":"open","ping_status":"open","sticky":false,"template":"","format":"standard","meta":{"footnotes":""},"categories":[2],"tags":[],"class_list":["post-25766","post","type-post","status-publish","format-standard","has-post-thumbnail","hentry","category-gundem"],"_links":{"self":[{"href":"https:\/\/akdenizhaber.com.tr\/index.php\/wp-json\/wp\/v2\/posts\/25766","targetHints":{"allow":["GET"]}}],"collection":[{"href":"https:\/\/akdenizhaber.com.tr\/index.php\/wp-json\/wp\/v2\/posts"}],"about":[{"href":"https:\/\/akdenizhaber.com.tr\/index.php\/wp-json\/wp\/v2\/types\/post"}],"author":[{"embeddable":true,"href":"https:\/\/akdenizhaber.com.tr\/index.php\/wp-json\/wp\/v2\/users\/2"}],"replies":[{"embeddable":true,"href":"https:\/\/akdenizhaber.com.tr\/index.php\/wp-json\/wp\/v2\/comments?post=25766"}],"version-history":[{"count":2,"href":"https:\/\/akdenizhaber.com.tr\/index.php\/wp-json\/wp\/v2\/posts\/25766\/revisions"}],"predecessor-version":[{"id":25772,"href":"https:\/\/akdenizhaber.com.tr\/index.php\/wp-json\/wp\/v2\/posts\/25766\/revisions\/25772"}],"wp:featuredmedia":[{"embeddable":true,"href":"https:\/\/akdenizhaber.com.tr\/index.php\/wp-json\/wp\/v2\/media\/25767"}],"wp:attachment":[{"href":"https:\/\/akdenizhaber.com.tr\/index.php\/wp-json\/wp\/v2\/media?parent=25766"}],"wp:term":[{"taxonomy":"category","embeddable":true,"href":"https:\/\/akdenizhaber.com.tr\/index.php\/wp-json\/wp\/v2\/categories?post=25766"},{"taxonomy":"post_tag","embeddable":true,"href":"https:\/\/akdenizhaber.com.tr\/index.php\/wp-json\/wp\/v2\/tags?post=25766"}],"curies":[{"name":"wp","href":"https:\/\/api.w.org\/{rel}","templated":true}]}}