{"id":25763,"date":"2024-09-05T16:36:53","date_gmt":"2024-09-05T13:36:53","guid":{"rendered":"https:\/\/akdenizhaber.com.tr\/?p=25763"},"modified":"2024-09-05T16:36:53","modified_gmt":"2024-09-05T13:36:53","slug":"manavgat-belediyesi-gundogdu-halk-plaji-acildi","status":"publish","type":"post","link":"https:\/\/akdenizhaber.com.tr\/index.php\/2024\/09\/05\/manavgat-belediyesi-gundogdu-halk-plaji-acildi\/","title":{"rendered":"Manavgat Belediyesi G\u00fcndo\u011fdu Halk Plaj\u0131 A\u00e7\u0131ld\u0131"},"content":{"rendered":"\n<p>Manavgat Belediyesi, G\u00fcndo\u011fdu Halk Plaj\u0131\u2019n\u0131 vatanda\u015f\u0131n yo\u011fun kat\u0131l\u0131m\u0131yla a\u00e7t\u0131.<\/p>\n\n\n\n<p>A\u00e7\u0131l\u0131\u015fa, Manavgat Belediye Ba\u015fkan\u0131 Dr. Niyazi Nefi Kara, CHP Manavgat \u0130l\u00e7e Ba\u015fkan\u0131 Oykun Ba\u015far, belediye ba\u015fkan yard\u0131mc\u0131lar\u0131, STK temsilcileri, oda ba\u015fkanlar\u0131, muhtarlar ve y\u00fczlerce vatanda\u015f kat\u0131ld\u0131.<\/p>\n\n\n\n<p>Manavgat\u2019\u0131n do\u011fal g\u00fczellikleriyle \u00fcnl\u00fc G\u00fcndo\u011fdu beldesinde bulunan plaj, yerli ve yabanc\u0131 turistlerin yaz aylar\u0131nda keyifle vakit ge\u00e7irebilece\u011fi bir tesis olarak hizmete girdi. Du\u015f, tuvalet, \u015fezlong, kabin, \u015femsiye ve otopark gibi bir\u00e7ok ihtiyac\u0131n tahsis edildi\u011fi plaj, incecik kumlar\u0131 ve temiz deniziyle ziyaret\u00e7ilerini bekliyor. Temizlik ve hijyen konular\u0131na b\u00fcy\u00fck \u00f6nem verilen G\u00fcndo\u011fdu Halk Plaj\u0131\u2019nda, profesyonel temizlik ekipleri taraf\u0131ndan g\u00fcnl\u00fck bak\u0131m ve temizlik hizmetleri ger\u00e7ekle\u015ftirilecek. Plaj, sadece denize girmek i\u00e7in de\u011fil, ayn\u0131 zamanda insanlar\u0131n aileleriyle birlikte g\u00fczel vakit ge\u00e7irebilece\u011fi, dinlenip rahatlayabilece\u011fi bir mekan olarak tasarland\u0131.<\/p>\n\n\n\n<p><strong>Onuncu Halk Plaj\u0131<\/strong><\/p>\n\n\n\n<p>Manavgat Belediyesi daha \u00f6nce \u00c7olakl\u0131, \u00c7olakl\u0131 2, &nbsp;&nbsp;&nbsp;&nbsp;&nbsp;&nbsp;&nbsp;&nbsp;&nbsp;&nbsp;&nbsp; Evrenseki, Nar 1, Nar 2, Nar 3, \u00c7ami\u00e7i, Bo\u011faz Otel ve K\u0131z\u0131lot halk plajlar\u0131n\u0131 a\u00e7arak vatanda\u015f\u0131n hizmetine sunmu\u015ftu.<\/p>\n\n\n\n<p>G\u00fcndo\u011fdu Halk Plaj\u0131, denizin ve g\u00fcne\u015fin keyfini \u00e7\u0131kararak g\u00fczel bir tatil ge\u00e7irmek isteyen herkes i\u00e7in ideal bir adres olma \u00f6zelli\u011fi ta\u015f\u0131yor. Belediye yetkilileri, plaj\u0131n, Manavgat\u2019\u0131n do\u011fal g\u00fczelliklerini ke\u015ffetmek ve yaz\u0131n tad\u0131n\u0131 \u00e7\u0131karmak isteyen ziyaret\u00e7ilerin be\u011fenisini kazanaca\u011f\u0131na inan\u0131yor.<\/p>\n\n\n\n<p><strong>Ba\u015fkan Kara\u2019dan Bir\u00e7ok Yeni Proje M\u00fcjdesi<\/strong><\/p>\n\n\n\n<p>A\u00e7\u0131l\u0131\u015f t\u00f6reninde konu\u015fan Manavgat Belediye Ba\u015fkan\u0131 Dr. Niyazi Nefi Kara, halk\u0131n nefes alabilece\u011fi alanlar\u0131 topluma kazand\u0131rd\u0131klar\u0131n\u0131, ilerleyen g\u00fcnlerde yeni halk plajlar\u0131 ve farkl\u0131 projelerin a\u00e7\u0131l\u0131\u015flar\u0131n\u0131 yapaca\u011f\u0131n\u0131 s\u00f6yledi. Ba\u015fkan Kara, \u201cG\u00fcndo\u011fdu halk plaj\u0131 \u00f6nce G\u00fcndo\u011fdulular\u0131n, onlar i\u00e7in a\u00e7t\u0131k. Hedefimiz daha fazlas\u0131n\u0131 yapmak. \u00d6n\u00fcm\u00fczdeki s\u00fcre\u00e7te Side\u2019nin hemen bat\u0131 taraf\u0131nda bir halk plaj\u0131 daha planl\u0131yoruz. Orada da bir halk plaj\u0131m\u0131z olacak. Ben arada dola\u015f\u0131yorum, nerede ne var bak\u0131yoruz. Nefes alacak yerlerimiz olsun istiyoruz. Bir b\u00f6lge daha s\u00f6ylendi, oran\u0131n ad\u0131n\u0131 s\u00f6ylemeyece\u011fim ama oray\u0131 da haz\u0131rlayaca\u011f\u0131z. Bizden \u00f6ncede belediye ba\u015fkanlar\u0131m\u0131z \u00e7al\u0131\u015fm\u0131\u015flar, emek vermi\u015fler, Allah raz\u0131 olsun. Bizim derdimiz halk\u0131m\u0131za hizmet etmek. Bunun devam\u0131n\u0131 getirmek istiyoruz. Sadece halk plajlar\u0131 de\u011fil, Manavgat merkezde emekli kad\u0131nlar i\u00e7in bir kahvehane a\u00e7\u0131yoruz. Kad\u0131nlar bizim ba\u015f tac\u0131m\u0131zd\u0131r, onlar\u0131n elinin de\u011fdi\u011fi yer her zaman g\u00fczeldir. Onu a\u00e7aca\u011f\u0131z. \u00c7ok az bir i\u015fi kalan Manavgat Kent Lokantam\u0131z\u0131n birincisini a\u00e7aca\u011f\u0131z. Manavgat \u0131rmak kenar\u0131nda emekliler i\u00e7in bir emekli kahvehanesi a\u00e7aca\u011f\u0131z. Bunlar\u0131 yaparken bize destek olan bir\u00e7ok hay\u0131rseverimiz var. Mecliste 8 tane ara\u00e7 ba\u011f\u0131\u015f\u0131n\u0131 da kabul ettik. \u0130yilik bula\u015f\u0131c\u0131d\u0131r. Biz bu y\u00fczlerdeki g\u00fcl\u00fcmsemeyi g\u00f6rd\u00fck\u00e7e daha fazlas\u0131n\u0131 yapaca\u011f\u0131z. Bizleri mutlu eden \u015fey, insanlar\u0131n daha mutlu olmas\u0131. Bir fazla insan\u0131n y\u00fcz\u00fc g\u00fcls\u00fcn diye b\u00fct\u00fcn m\u00fccadelemiz. \u00c7\u0131lg\u0131n projen ne diye sorduklar\u0131nda \u2018mutluluk\u2019 demi\u015ftik. Herkes mutlu olana kadar uyumadan \u00e7al\u0131\u015fmaya devam edece\u011fiz. Kat\u0131l\u0131mlar\u0131n\u0131z i\u00e7in hepinize m\u00fcte\u015fekkirim. Hay\u0131rl\u0131 olsun.\u201d ifadelerini kulland\u0131.<\/p>\n\n\n\n<p>Manavgat Belediyesi \/ B\u00fclten<\/p>\n","protected":false},"excerpt":{"rendered":"<p>Manavgat Belediyesi, G\u00fcndo\u011fdu Halk Plaj\u0131\u2019n\u0131 vatanda\u015f\u0131n yo\u011fun kat\u0131l\u0131m\u0131yla a\u00e7t\u0131. A\u00e7\u0131l\u0131\u015fa, Manavgat Belediye Ba\u015fkan\u0131 Dr. Niyazi Nefi Kara, CHP Manavgat \u0130l\u00e7e Ba\u015fkan\u0131 Oykun Ba\u015far, belediye ba\u015fkan <a href=\"https:\/\/akdenizhaber.com.tr\/index.php\/2024\/09\/05\/manavgat-belediyesi-gundogdu-halk-plaji-acildi\/\" class=\"read-more-link\">[more&#8230;]<\/a><\/p>\n","protected":false},"author":2,"featured_media":25764,"comment_status":"open","ping_status":"open","sticky":false,"template":"","format":"standard","meta":{"footnotes":""},"categories":[2],"tags":[],"class_list":["post-25763","post","type-post","status-publish","format-standard","has-post-thumbnail","hentry","category-gundem"],"_links":{"self":[{"href":"https:\/\/akdenizhaber.com.tr\/index.php\/wp-json\/wp\/v2\/posts\/25763","targetHints":{"allow":["GET"]}}],"collection":[{"href":"https:\/\/akdenizhaber.com.tr\/index.php\/wp-json\/wp\/v2\/posts"}],"about":[{"href":"https:\/\/akdenizhaber.com.tr\/index.php\/wp-json\/wp\/v2\/types\/post"}],"author":[{"embeddable":true,"href":"https:\/\/akdenizhaber.com.tr\/index.php\/wp-json\/wp\/v2\/users\/2"}],"replies":[{"embeddable":true,"href":"https:\/\/akdenizhaber.com.tr\/index.php\/wp-json\/wp\/v2\/comments?post=25763"}],"version-history":[{"count":1,"href":"https:\/\/akdenizhaber.com.tr\/index.php\/wp-json\/wp\/v2\/posts\/25763\/revisions"}],"predecessor-version":[{"id":25765,"href":"https:\/\/akdenizhaber.com.tr\/index.php\/wp-json\/wp\/v2\/posts\/25763\/revisions\/25765"}],"wp:featuredmedia":[{"embeddable":true,"href":"https:\/\/akdenizhaber.com.tr\/index.php\/wp-json\/wp\/v2\/media\/25764"}],"wp:attachment":[{"href":"https:\/\/akdenizhaber.com.tr\/index.php\/wp-json\/wp\/v2\/media?parent=25763"}],"wp:term":[{"taxonomy":"category","embeddable":true,"href":"https:\/\/akdenizhaber.com.tr\/index.php\/wp-json\/wp\/v2\/categories?post=25763"},{"taxonomy":"post_tag","embeddable":true,"href":"https:\/\/akdenizhaber.com.tr\/index.php\/wp-json\/wp\/v2\/tags?post=25763"}],"curies":[{"name":"wp","href":"https:\/\/api.w.org\/{rel}","templated":true}]}}