{"id":25754,"date":"2024-09-05T16:29:38","date_gmt":"2024-09-05T13:29:38","guid":{"rendered":"https:\/\/akdenizhaber.com.tr\/?p=25754"},"modified":"2024-09-05T16:29:39","modified_gmt":"2024-09-05T13:29:39","slug":"bocek-zabita-bizim-yuz-akimiz","status":"publish","type":"post","link":"https:\/\/akdenizhaber.com.tr\/index.php\/2024\/09\/05\/bocek-zabita-bizim-yuz-akimiz\/","title":{"rendered":"B\u00f6cek: \u201cZab\u0131ta bizim y\u00fcz ak\u0131m\u0131z\u201d"},"content":{"rendered":"\n<p>Antalya B\u00fcy\u00fck\u015fehir Belediye Ba\u015fkan\u0131 Muhittin B\u00f6cek, Zab\u0131ta Te\u015fkilat\u0131\u2019n\u0131n kurulu\u015funun 198. y\u0131l\u0131 nedeniyle B\u00fcy\u00fck\u015fehir Belediyesi zab\u0131ta personelini kabul etti. Ba\u015fkan Muhittin B\u00f6cek, zab\u0131ta te\u015fkilat\u0131n\u0131n belediyenin y\u00fcz ak\u0131 oldu\u011funu ifade etti.<\/p>\n\n\n\n<p>Zab\u0131ta Te\u015fkilat\u0131\u2019n\u0131n kurulu\u015funun 198\u2019inci y\u0131l\u0131 nedeniyle B\u00fcy\u00fck\u015fehir Belediyesi Genel Sekreter Yard\u0131mc\u0131s\u0131 Ramazan Demir, B\u00fcy\u00fck\u015fehir Belediyesi Zab\u0131ta Dairesi Ba\u015fkan\u0131 Behi\u00e7 \u00d6zdemir ve zab\u0131ta personeli, Antalya B\u00fcy\u00fck\u015fehir Belediye Ba\u015fkan\u0131 Muhittin B\u00f6cek\u2019i ziyaret etti. Ba\u015fkan Muhittin B\u00f6cek, Zab\u0131ta Te\u015fkilat\u0131\u2019n\u0131n 198. y\u0131l\u0131n\u0131 kutlayarak, \u201cGece g\u00fcnd\u00fcz demeden Antalya\u2019m\u0131zda halk\u0131m\u0131z\u0131n huzur, mutluluk ve sa\u011fl\u0131\u011f\u0131 i\u00e7in \u00e7al\u0131\u015fan t\u00fcm zab\u0131ta ekiplerimize te\u015fekk\u00fcr ediyorum. G\u00f6reve geldi\u011fimizde 139 zab\u0131ta personelimiz vard\u0131. 26 milyona ev sahipli\u011fi yapt\u0131\u011f\u0131m\u0131z Antalya\u2019m\u0131zda zab\u0131ta personelimizin say\u0131s\u0131n\u0131 293\u2019e \u00e7\u0131kartt\u0131k. Sizler beledimizin y\u00fcz ak\u0131s\u0131n\u0131z\u201d dedi.<\/p>\n\n\n\n<p>BA\u015eKAN B\u00d6CEK\u2019E TE\u015eEKK\u00dcR<\/p>\n\n\n\n<p>Genel Sekreter Yard\u0131mc\u0131s\u0131 Ramazan Demir ise B\u00fcy\u00fck\u015fehir Belediyesi zab\u0131ta te\u015fkilat\u0131n\u0131n Antalya\u2019n\u0131n en g\u00f6zde ekiplerinden oldu\u011funu belirterek, zab\u0131ta personeline verdi\u011fi destek ve \u00f6nemden dolay\u0131 da Ba\u015fkan Muhittin B\u00f6cek\u2019e te\u015fekk\u00fcr etti. B\u00fcy\u00fck\u015fehir Belediyesi Zab\u0131ta Dairesi Ba\u015fkan\u0131 Behi\u00e7 \u00d6zdemir ise zab\u0131ta ekiplerinin sokakta B\u00fcy\u00fck\u015fehir Belediyesi\u2019nin aynas\u0131 oldu\u011funu, t\u00fcm zab\u0131ta personelinin \u00e7al\u0131\u015fmalar\u0131n\u0131 bu bilin\u00e7le yapt\u0131\u011f\u0131n\u0131 kaydetti.<\/p>\n\n\n\n<p>Antalya B\u00fcy\u00fck\u015fehir Belediyesi \/ B\u00fclten<\/p>\n","protected":false},"excerpt":{"rendered":"<p>Antalya B\u00fcy\u00fck\u015fehir Belediye Ba\u015fkan\u0131 Muhittin B\u00f6cek, Zab\u0131ta Te\u015fkilat\u0131\u2019n\u0131n kurulu\u015funun 198. y\u0131l\u0131 nedeniyle B\u00fcy\u00fck\u015fehir Belediyesi zab\u0131ta personelini kabul etti. Ba\u015fkan Muhittin B\u00f6cek, zab\u0131ta te\u015fkilat\u0131n\u0131n belediyenin y\u00fcz <a href=\"https:\/\/akdenizhaber.com.tr\/index.php\/2024\/09\/05\/bocek-zabita-bizim-yuz-akimiz\/\" class=\"read-more-link\">[more&#8230;]<\/a><\/p>\n","protected":false},"author":2,"featured_media":25755,"comment_status":"open","ping_status":"open","sticky":false,"template":"","format":"standard","meta":{"footnotes":""},"categories":[2],"tags":[],"class_list":["post-25754","post","type-post","status-publish","format-standard","has-post-thumbnail","hentry","category-gundem"],"_links":{"self":[{"href":"https:\/\/akdenizhaber.com.tr\/index.php\/wp-json\/wp\/v2\/posts\/25754","targetHints":{"allow":["GET"]}}],"collection":[{"href":"https:\/\/akdenizhaber.com.tr\/index.php\/wp-json\/wp\/v2\/posts"}],"about":[{"href":"https:\/\/akdenizhaber.com.tr\/index.php\/wp-json\/wp\/v2\/types\/post"}],"author":[{"embeddable":true,"href":"https:\/\/akdenizhaber.com.tr\/index.php\/wp-json\/wp\/v2\/users\/2"}],"replies":[{"embeddable":true,"href":"https:\/\/akdenizhaber.com.tr\/index.php\/wp-json\/wp\/v2\/comments?post=25754"}],"version-history":[{"count":1,"href":"https:\/\/akdenizhaber.com.tr\/index.php\/wp-json\/wp\/v2\/posts\/25754\/revisions"}],"predecessor-version":[{"id":25756,"href":"https:\/\/akdenizhaber.com.tr\/index.php\/wp-json\/wp\/v2\/posts\/25754\/revisions\/25756"}],"wp:featuredmedia":[{"embeddable":true,"href":"https:\/\/akdenizhaber.com.tr\/index.php\/wp-json\/wp\/v2\/media\/25755"}],"wp:attachment":[{"href":"https:\/\/akdenizhaber.com.tr\/index.php\/wp-json\/wp\/v2\/media?parent=25754"}],"wp:term":[{"taxonomy":"category","embeddable":true,"href":"https:\/\/akdenizhaber.com.tr\/index.php\/wp-json\/wp\/v2\/categories?post=25754"},{"taxonomy":"post_tag","embeddable":true,"href":"https:\/\/akdenizhaber.com.tr\/index.php\/wp-json\/wp\/v2\/tags?post=25754"}],"curies":[{"name":"wp","href":"https:\/\/api.w.org\/{rel}","templated":true}]}}