{"id":25751,"date":"2024-09-05T16:28:52","date_gmt":"2024-09-05T13:28:52","guid":{"rendered":"https:\/\/akdenizhaber.com.tr\/?p=25751"},"modified":"2024-09-05T16:28:53","modified_gmt":"2024-09-05T13:28:53","slug":"akdenizin-derinliklerinde-3600-yillik-hancer","status":"publish","type":"post","link":"https:\/\/akdenizhaber.com.tr\/index.php\/2024\/09\/05\/akdenizin-derinliklerinde-3600-yillik-hancer\/","title":{"rendered":"Akdeniz\u2019in derinliklerinde 3600 y\u0131ll\u0131k han\u00e7er"},"content":{"rendered":"\n<p>Akdeniz \u00dcniversitesi G\u00fczel Sanatlar Fak\u00fcltesi K\u00fclt\u00fcr Varl\u0131klar\u0131n\u0131 Koruma ve Onar\u0131m B\u00f6l\u00fcm\u00fc Ba\u015fkan\u0131 ve Kaz\u0131 Ba\u015fkan\u0131 Do\u00e7. Dr. Hakan \u00d6niz liderli\u011finde Antalya\u2019n\u0131n Kumluca il\u00e7esi a\u00e7\u0131klar\u0131ndaki 2019 y\u0131l\u0131ndan beri s\u00fcren su alt\u0131 kaz\u0131lar\u0131nda yakla\u015f\u0131k 3600 y\u0131ll\u0131k g\u00fcm\u00fc\u015f per\u00e7inli bir tun\u00e7 han\u00e7er g\u00fcn y\u00fcz\u00fcne \u00e7\u0131kar\u0131ld\u0131.<\/p>\n\n\n\n<p>Antalya\u2019n\u0131n Kumluca il\u00e7esi a\u00e7\u0131klar\u0131nda Akdeniz \u00dcniversitesi G\u00fczel Sanatlar Fak\u00fcltesi K\u00fclt\u00fcr Varl\u0131klar\u0131n\u0131 Koruma ve Onar\u0131m B\u00f6l\u00fcm\u00fc Ba\u015fkan\u0131 ve Kaz\u0131 Ba\u015fkan\u0131 Do\u00e7. Dr. Hakan \u00d6niz liderli\u011finde 2019 y\u0131l\u0131ndan beri sualt\u0131 kaz\u0131s\u0131 y\u00fcr\u00fct\u00fcl\u00fcyor. Bu kaz\u0131larda 50 metre derinlikte bulunan bir bat\u0131k \u015fimdiye dek K\u0131br\u0131s\u2019taki Trodos Da\u011flar\u0131\u2019ndan \u00e7\u0131kar\u0131ld\u0131\u011f\u0131 d\u00fc\u015f\u00fcn\u00fclen bak\u0131r yast\u0131k k\u00fcl\u00e7eleriyle dikkat \u00e7ekmi\u015fti. Ancak son ke\u015fif bat\u0131\u011f\u0131n ta\u015f\u0131d\u0131\u011f\u0131 tarih\u00ee ve k\u00fclt\u00fcrel zenginli\u011fin boyutlar\u0131n\u0131 daha da derinle\u015ftiriyor.<\/p>\n\n\n\n<p>K\u00fclt\u00fcr ve Turizm Bakan\u0131 Mehmet Nuri Ersoy sosyal medyadan yapt\u0131\u011f\u0131 payla\u015f\u0131mda burada bulunan 3600 y\u0131ll\u0131k han\u00e7er i\u00e7in \u015fu bilgileri verdi: \u201cAntalya\u2019n\u0131n Kumluca il\u00e7esi a\u00e7\u0131klar\u0131nda ger\u00e7ekle\u015ftirilen sualt\u0131 kaz\u0131lar\u0131nda Girit-Minos uygarl\u0131\u011f\u0131na ait g\u00fcm\u00fc\u015f per\u00e7inli bir tun\u00e7 han\u00e7er bulundu. Bat\u0131k sadece T\u00fcrkiye\u2019nin de\u011fil, d\u00fcnya su alt\u0131 arkeolojisinin de en \u00f6nemli ke\u015fiflerinden olmaya aday. Akdeniz\u2019in derinliklerinde sakl\u0131 kalm\u0131\u015f uygarl\u0131klar\u0131n izlerini g\u00fcn y\u00fcz\u00fcne \u00e7\u0131karan esere titiz \u00e7al\u0131\u015fmalar sonucu ula\u015fan Akdeniz \u00dcniversitesi ve Kaz\u0131lar ve Ara\u015ft\u0131rmalar Dairesi Ba\u015fkanl\u0131\u011f\u0131 ekiplerimize te\u015fekk\u00fcr ediyorum.\u201d dedi.<\/p>\n\n\n\n<p>Uzmanlara g\u00f6re han\u00e7erin Girit-Minos Uygarl\u0131\u011f\u0131na ait olmas\u0131 teknenin Girit\u2019e do\u011fru yol ald\u0131\u011f\u0131 s\u0131rada batt\u0131\u011f\u0131n\u0131 i\u015faret ediyor. Bu bulu\u015f Akdeniz\u2019in tarih\u00ee ticaret rotalar\u0131n\u0131 ve k\u00fclt\u00fcrel etkile\u015fimlerini yeniden g\u00f6zden ge\u00e7irmemizi sa\u011flayacak \u00f6nemli ipu\u00e7lar\u0131 sunuyor. Kumluca bat\u0131\u011f\u0131 sadece T\u00fcrkiye\u2019nin de\u011fil, d\u00fcnya sualt\u0131 arkeolojisinin de en \u00f6nemli ke\u015fiflerinden biri olmaya aday. 3600 y\u0131ll\u0131k han\u00e7er Akdeniz\u2019in derinliklerinde sakl\u0131 kalm\u0131\u015f uygarl\u0131klar\u0131n izlerini g\u00fcn y\u00fcz\u00fcne \u00e7\u0131kar\u0131rken b\u00f6lgenin tarih\u00ee zenginli\u011fini bir kez daha ortaya koyuyor.<\/p>\n\n\n\n<p>Akdeniz \u00dcniversitesi Rekt\u00f6rl\u00fc\u011f\u00fc \/ B\u00fclten<\/p>\n","protected":false},"excerpt":{"rendered":"<p>Akdeniz \u00dcniversitesi G\u00fczel Sanatlar Fak\u00fcltesi K\u00fclt\u00fcr Varl\u0131klar\u0131n\u0131 Koruma ve Onar\u0131m B\u00f6l\u00fcm\u00fc Ba\u015fkan\u0131 ve Kaz\u0131 Ba\u015fkan\u0131 Do\u00e7. Dr. Hakan \u00d6niz liderli\u011finde Antalya\u2019n\u0131n Kumluca il\u00e7esi a\u00e7\u0131klar\u0131ndaki 2019 <a href=\"https:\/\/akdenizhaber.com.tr\/index.php\/2024\/09\/05\/akdenizin-derinliklerinde-3600-yillik-hancer\/\" class=\"read-more-link\">[more&#8230;]<\/a><\/p>\n","protected":false},"author":2,"featured_media":25752,"comment_status":"open","ping_status":"open","sticky":false,"template":"","format":"standard","meta":{"footnotes":""},"categories":[2],"tags":[],"class_list":["post-25751","post","type-post","status-publish","format-standard","has-post-thumbnail","hentry","category-gundem"],"_links":{"self":[{"href":"https:\/\/akdenizhaber.com.tr\/index.php\/wp-json\/wp\/v2\/posts\/25751","targetHints":{"allow":["GET"]}}],"collection":[{"href":"https:\/\/akdenizhaber.com.tr\/index.php\/wp-json\/wp\/v2\/posts"}],"about":[{"href":"https:\/\/akdenizhaber.com.tr\/index.php\/wp-json\/wp\/v2\/types\/post"}],"author":[{"embeddable":true,"href":"https:\/\/akdenizhaber.com.tr\/index.php\/wp-json\/wp\/v2\/users\/2"}],"replies":[{"embeddable":true,"href":"https:\/\/akdenizhaber.com.tr\/index.php\/wp-json\/wp\/v2\/comments?post=25751"}],"version-history":[{"count":1,"href":"https:\/\/akdenizhaber.com.tr\/index.php\/wp-json\/wp\/v2\/posts\/25751\/revisions"}],"predecessor-version":[{"id":25753,"href":"https:\/\/akdenizhaber.com.tr\/index.php\/wp-json\/wp\/v2\/posts\/25751\/revisions\/25753"}],"wp:featuredmedia":[{"embeddable":true,"href":"https:\/\/akdenizhaber.com.tr\/index.php\/wp-json\/wp\/v2\/media\/25752"}],"wp:attachment":[{"href":"https:\/\/akdenizhaber.com.tr\/index.php\/wp-json\/wp\/v2\/media?parent=25751"}],"wp:term":[{"taxonomy":"category","embeddable":true,"href":"https:\/\/akdenizhaber.com.tr\/index.php\/wp-json\/wp\/v2\/categories?post=25751"},{"taxonomy":"post_tag","embeddable":true,"href":"https:\/\/akdenizhaber.com.tr\/index.php\/wp-json\/wp\/v2\/tags?post=25751"}],"curies":[{"name":"wp","href":"https:\/\/api.w.org\/{rel}","templated":true}]}}