{"id":25736,"date":"2024-09-05T16:24:48","date_gmt":"2024-09-05T13:24:48","guid":{"rendered":"https:\/\/akdenizhaber.com.tr\/?p=25736"},"modified":"2024-09-05T16:24:48","modified_gmt":"2024-09-05T13:24:48","slug":"bocekden-sahika-ercumene-bu-gurur-bize-yeter","status":"publish","type":"post","link":"https:\/\/akdenizhaber.com.tr\/index.php\/2024\/09\/05\/bocekden-sahika-ercumene-bu-gurur-bize-yeter\/","title":{"rendered":"B\u00f6cek\u2019den \u015eahika Erc\u00fcmen\u2019e : \u2018Bu gurur bize yeter\u2019"},"content":{"rendered":"\n<p>Antalya B\u00fcy\u00fck\u015fehir Belediye Ba\u015fkan\u0131 Muhittin B\u00f6cek, Ka\u015f\u2019ta ger\u00e7ekle\u015fen Serbest Dal\u0131\u015f T\u00fcrkiye \u015eampiyonas\u0131\u2019nda 3 alt\u0131n madalya kazanarak, Ekim ay\u0131nda D\u00fcnya Serbest Dal\u0131\u015f \u015eampiyonalar\u0131\u2019nda \u00fclkemizi&nbsp;temsil&nbsp;etmeye hak kazanan D\u00fcnya Serbest Dal\u0131\u015f Rekortmeni \u015eahika Erc\u00fcmen ile gurur duyduklar\u0131n\u0131 s\u00f6yledi. Milli sporcu \u015eahika Erc\u00fcmen de Ba\u015fkan B\u00f6cek\u2019e desteklerinden dolay\u0131 te\u015fekk\u00fcr etti.<\/p>\n\n\n\n<p>Antalya\u2019n\u0131n Ka\u015f il\u00e7esi 31 A\u011fustos-3 Eyl\u00fcl 2024 tarihleri aras\u0131nda Serbest Dal\u0131\u015f T\u00fcrkiye \u015eampiyonas\u0131\u2019na ev sahipli\u011fi yapt\u0131. 62 sporcunun kat\u0131ld\u0131\u011f\u0131 \u015fampiyonada sporcular 4 g\u00fcn boyunca k\u0131yas\u0131ya m\u00fccadele etti. Antalya B\u00fcy\u00fck\u015fehir Belediyesi\u2019nin destekledi\u011fi D\u00fcnya Serbest Dal\u0131\u015f Rekortmeni \u015eahika Erc\u00fcmen kat\u0131ld\u0131\u011f\u0131 t\u00fcm kategorilerde 3 alt\u0131n madalya kazand\u0131. 3 alt\u0131n madalya ve genel klasmanla birlikte T\u00fcrkiye \u015eampiyonas\u0131\u2019n\u0131 4 madalya ve bir kupa ile kapatan Milli Sporcu \u015eahika Erc\u00fcmen, Antalya B\u00fcy\u00fck\u015fehir Belediye Ba\u015fkan\u0131 Muhittin B\u00f6cek\u2019i ziyaret etti.<\/p>\n\n\n\n<p>BA\u015eKAN B\u00d6CEK, D\u00dcNYA \u015eAMP\u0130YONASI\u2019NDA BA\u015eARILAR D\u0130LED\u0130<\/p>\n\n\n\n<p>Ba\u015fkan Muhittin B\u00f6cek, \u201cKupalarla geldim\u201d diyen D\u00fcnya Serbest Dal\u0131\u015f Rekortmeni \u015eahika Erc\u00fcmen\u2019i \u2018Bu gurur bize yeter\u2019 s\u00f6zleriyle kar\u015f\u0131lad\u0131. \u015eahika Erc\u00fcmen\u2019i ba\u015far\u0131s\u0131ndan dolay\u0131 kutlayan Ba\u015fkan B\u00f6cek, \u201c\u015eahika Erc\u00fcmen rekortmen bir sporcumuz. 30 A\u011fustos Zafer Bayram\u0131 dolay\u0131s\u0131yla T\u00fcrkiye Dal\u0131\u015f \u015eampiyonas\u0131\u2019nda 4 madalya bizi onurland\u0131rd\u0131. Antalya B\u00fcy\u00fck\u015fehir Belediyesi olarak elimizden gelen deste\u011fi vermeye devam edece\u011fiz. B\u00fcy\u00fck\u015fehir Belediyesi olarak sporun her bran\u015f\u0131nda bir\u00e7ok sporcuya destek veriyoruz. B\u00fcnyemizde ilerleyen s\u00fcre\u00e7lerde yeni bran\u015flar a\u00e7aca\u011f\u0131z. \u015eahika\u2019ya Eyl\u00fcl ve Ekim ay\u0131nda m\u00fccadele edece\u011fi D\u00fcnya Kupas\u0131 ve D\u00fcnya \u015eampiyonas\u0131\u2019nda ba\u015far\u0131lar dilerim. Dualar\u0131m\u0131z seninle\u201d dedi.<\/p>\n\n\n\n<p>YEN\u0130 D\u00dcNYA REKORU HEDEF\u0130<\/p>\n\n\n\n<p>D\u00fcnya Serbest Dal\u0131\u015f Rekortmeni \u015eahika Erc\u00fcmen de Ba\u015fkan Muhittin B\u00f6cek\u2019e desteklerinden dolay\u0131 te\u015fekk\u00fcr ederek, \u201cAntalya bir spor cenneti. Antrenmanlar\u0131m\u0131 \u00e7o\u011funu Antalya\u2019da yap\u0131yorum. B\u00f6yle g\u00fczel bir kentin spora ve sporcuya destek vermesi \u00e7ok anlaml\u0131. \u0130lerleyen s\u00fcre\u00e7ler yeni sporcular yeti\u015ftirmek ad\u0131na Antalya\u2019da bir tak\u0131m \u00e7al\u0131\u015fmalar yapmay\u0131 planl\u0131yoruz. \u00d6n\u00fcm\u00fczdeki sezon Antalya b\u00f6lgesinde yeni bir d\u00fcnya rekoruna imza atmak istiyorum\u201d diye konu\u015ftu.<\/p>\n\n\n\n<p>B\u00dcY\u00dcK\u015eEH\u0130R BELED\u0130YES\u0130\u2019NE TE\u015eEKK\u00dcR<\/p>\n\n\n\n<p>Serbest Dal\u0131\u015f T\u00fcrkiye \u015eampiyonas\u0131 sonras\u0131nda \u015eahika Erc\u00fcmen, k\u0131sa bir dal\u0131\u015f yaparak, mavi derinliklerde Antalya B\u00fcy\u00fck\u015fehir Belediyesi\u2019nin bayra\u011f\u0131n\u0131 a\u00e7t\u0131. Daha sonra ise d\u00fczenlenen madalya t\u00f6reni ile \u015eahika Erc\u00fcmen, madalyalar\u0131n\u0131 ald\u0131. B\u00fcy\u00fck\u015fehir Belediyesi Ba\u015fkan Dan\u0131\u015fman\u0131 Lokman Atasoy\u2019un da t\u00f6rene kat\u0131larak kutlad\u0131\u011f\u0131 \u015eahika Erc\u00fcmen, Ka\u015f\u2019\u0131n ikinci evi oldu\u011funu belirterek, \u201cHer t\u00fcrl\u00fc deste\u011fi bizlere sa\u011flayan Antalya B\u00fcy\u00fck\u015fehir Belediyesi\u2019ne te\u015fekk\u00fcr ediyorum. Bizim bran\u015flar\u0131m\u0131z \u00e7ok spesifik ve bazen de suyun alt\u0131nda derinlerde kalan bir spor dal\u0131. Bu gibi turizm merkezlerinde konaklama, yeme- i\u00e7me ula\u015f\u0131m gibi lojistik \u00e7ok b\u00fcy\u00fck masraflar olu\u015fturuyor. Bu noktada Antalya B\u00fcy\u00fck\u015fehir Belediyesi\u2019nin destekleri \u00e7ok k\u0131ymetliydi. Bizden sonra gelecek sporcular i\u00e7in de bir yol haritas\u0131 olacakt\u0131r\u201d ifadelerini kulland\u0131.<\/p>\n\n\n\n<p>Antalya B\u00fcy\u00fck\u015fehir Belediyesi \/ B\u00fclten<\/p>\n","protected":false},"excerpt":{"rendered":"<p>Antalya B\u00fcy\u00fck\u015fehir Belediye Ba\u015fkan\u0131 Muhittin B\u00f6cek, Ka\u015f\u2019ta ger\u00e7ekle\u015fen Serbest Dal\u0131\u015f T\u00fcrkiye \u015eampiyonas\u0131\u2019nda 3 alt\u0131n madalya kazanarak, Ekim ay\u0131nda D\u00fcnya Serbest Dal\u0131\u015f \u015eampiyonalar\u0131\u2019nda \u00fclkemizi&nbsp;temsil&nbsp;etmeye hak kazanan <a href=\"https:\/\/akdenizhaber.com.tr\/index.php\/2024\/09\/05\/bocekden-sahika-ercumene-bu-gurur-bize-yeter\/\" class=\"read-more-link\">[more&#8230;]<\/a><\/p>\n","protected":false},"author":2,"featured_media":25737,"comment_status":"open","ping_status":"open","sticky":false,"template":"","format":"standard","meta":{"footnotes":""},"categories":[2],"tags":[],"class_list":["post-25736","post","type-post","status-publish","format-standard","has-post-thumbnail","hentry","category-gundem"],"_links":{"self":[{"href":"https:\/\/akdenizhaber.com.tr\/index.php\/wp-json\/wp\/v2\/posts\/25736","targetHints":{"allow":["GET"]}}],"collection":[{"href":"https:\/\/akdenizhaber.com.tr\/index.php\/wp-json\/wp\/v2\/posts"}],"about":[{"href":"https:\/\/akdenizhaber.com.tr\/index.php\/wp-json\/wp\/v2\/types\/post"}],"author":[{"embeddable":true,"href":"https:\/\/akdenizhaber.com.tr\/index.php\/wp-json\/wp\/v2\/users\/2"}],"replies":[{"embeddable":true,"href":"https:\/\/akdenizhaber.com.tr\/index.php\/wp-json\/wp\/v2\/comments?post=25736"}],"version-history":[{"count":1,"href":"https:\/\/akdenizhaber.com.tr\/index.php\/wp-json\/wp\/v2\/posts\/25736\/revisions"}],"predecessor-version":[{"id":25738,"href":"https:\/\/akdenizhaber.com.tr\/index.php\/wp-json\/wp\/v2\/posts\/25736\/revisions\/25738"}],"wp:featuredmedia":[{"embeddable":true,"href":"https:\/\/akdenizhaber.com.tr\/index.php\/wp-json\/wp\/v2\/media\/25737"}],"wp:attachment":[{"href":"https:\/\/akdenizhaber.com.tr\/index.php\/wp-json\/wp\/v2\/media?parent=25736"}],"wp:term":[{"taxonomy":"category","embeddable":true,"href":"https:\/\/akdenizhaber.com.tr\/index.php\/wp-json\/wp\/v2\/categories?post=25736"},{"taxonomy":"post_tag","embeddable":true,"href":"https:\/\/akdenizhaber.com.tr\/index.php\/wp-json\/wp\/v2\/tags?post=25736"}],"curies":[{"name":"wp","href":"https:\/\/api.w.org\/{rel}","templated":true}]}}