{"id":25733,"date":"2024-09-05T16:23:40","date_gmt":"2024-09-05T13:23:40","guid":{"rendered":"https:\/\/akdenizhaber.com.tr\/?p=25733"},"modified":"2024-09-05T16:23:41","modified_gmt":"2024-09-05T13:23:41","slug":"yaz-kamplari-sona-erdi","status":"publish","type":"post","link":"https:\/\/akdenizhaber.com.tr\/index.php\/2024\/09\/05\/yaz-kamplari-sona-erdi\/","title":{"rendered":"Yaz kamplar\u0131 sona erdi"},"content":{"rendered":"\n<p>Antalya B\u00fcy\u00fck\u015fehir Belediyesi\u2019nin yaz sezonu boyunca \u201cEkran I\u015f\u0131\u011f\u0131ndan A\u011fa\u00e7 G\u00f6lgesine\u201d slogan\u0131yla kentin t\u00fcm il\u00e7elerinden gen\u00e7leri a\u011f\u0131rlad\u0131\u011f\u0131 yaz kamplar\u0131 sona erdi. 19 il\u00e7eden gen\u00e7lik kamp\u0131na kat\u0131lan gen\u00e7ler \u00e7e\u015fitli etkinliklere kat\u0131larak keyifli zaman ge\u00e7irdi.<\/p>\n\n\n\n<p>T\u00fcrkiye\u2019nin gelece\u011fi gen\u00e7lerin geli\u015fmesine, \u00f6zg\u00fcr bir \u015fekilde e\u011flenerek \u00f6\u011frenmesine, kent y\u00f6netiminde s\u00f6z sahibi olmas\u0131na y\u00f6nelik bir\u00e7ok proje yapan Antalya B\u00fcy\u00fck\u015fehir Belediyesi\u2019nin \u00f6\u011frencilere y\u00f6nelik Temmuz ve A\u011fustos aylar\u0131nda d\u00fczenledi\u011fi yaz kamplar\u0131 sona erdi. Antalya B\u00fcy\u00fck\u015fehir Belediyesi Gen\u00e7lik Kamp\u0131 ve E\u011fitim Merkezi\u2019nde 2 ay boyunca Gazipa\u015fa\u2019dan Ka\u015f\u2019a kadar t\u00fcm il\u00e7elerden gelen gen\u00e7ler a\u011f\u0131rland\u0131. 11-15 ya\u015f aral\u0131\u011f\u0131ndaki toplam 365 \u00e7ocuk merkezde kamp yapma ve keyifli zaman ge\u00e7irme imkan\u0131 buldu.<\/p>\n\n\n\n<p>\u201cEKRAN I\u015eI\u011eINDAN A\u011eA\u00c7 G\u00d6LGES\u0130NE\u201d<\/p>\n\n\n\n<p>\u201cEkran I\u015f\u0131\u011f\u0131ndan A\u011fa\u00e7 G\u00f6lgesine\u201d slogan\u0131yla d\u00fczenlenen yaz kamplar\u0131na, Antalya\u2019n\u0131n her il\u00e7esinden bini a\u015fk\u0131n ba\u015fvuru geldi. Kampa gelemeyen gen\u00e7ler i\u00e7in ilerleyen haftalarda, her il\u00e7ede gezici kamplar d\u00fczenlenmesi planlan\u0131yor. \u00c7e\u015fitli etkinlikler, e\u011fitimler, geziler, sosyal, sportif ve k\u00fclt\u00fcrel aktiviteler, do\u011fa y\u00fcr\u00fcy\u00fc\u015fleri, tak\u0131m sporlar\u0131, y\u00fczme e\u011fitimleri, oyunlar ve at\u00f6lyelerle e\u011flenceli zaman ge\u00e7irip, yeni arkada\u015flar\u0131yla tan\u0131\u015fan gen\u00e7ler, Gen\u00e7lik Kamp\u0131\u2019nda bulunmaktan dolay\u0131 duyduklar\u0131 mutlulu\u011fu dile getirdi.<\/p>\n\n\n\n<p>EKRANDAN UZAK KAMP<\/p>\n\n\n\n<p>Antalya B\u00fcy\u00fck\u015fehir Belediyesi Gen\u00e7lik ve Spor Dairesi Ba\u015fkanl\u0131\u011f\u0131 Gen\u00e7lik Hizmetleri \u015eube M\u00fcd\u00fcr\u00fc Hayat Ekici G\u00fcrkan, Antalya B\u00fcy\u00fck\u015fehir Belediyesi olarak ama\u00e7lar\u0131n\u0131n \u00e7ocuklar\u0131 ve gen\u00e7leri, bir nebze olsun ekrandan uzakla\u015ft\u0131r\u0131p, do\u011fayla i\u00e7 i\u00e7e olmalar\u0131n\u0131 sa\u011flamak oldu\u011funu s\u00f6yledi. Ekici, \u201cT\u00fcm il\u00e7elerimizden \u00e7ocuk ve gen\u00e7lerimizi a\u011f\u0131rlad\u0131k. Burada \u00e7ok iyi kayna\u015ft\u0131lar, \u00e7e\u015fitli at\u00f6lye ve etkinliklere kat\u0131ld\u0131lar, do\u011fal ya\u015fam park\u0131n\u0131 gezdiler. Yerel y\u00f6netimler olarak bu gibi tamamlay\u0131c\u0131 e\u011fitim programlar\u0131 \u00e7ok \u00f6nemli. \u00c7\u00fcnk\u00fc hayatlara dokunuyoruz. Antalya B\u00fcy\u00fck\u015fehir Belediyesi \u00e7ocuk ve gen\u00e7lerin hayatlar\u0131na dokunarak, hayatlar\u0131n\u0131 de\u011fi\u015ftiriyor. \u00c7al\u0131\u015fmalar\u0131m\u0131z devam edecek\u201d dedi.<\/p>\n\n\n\n<p>\u201cHERKES GELMEL\u0130\u201d<\/p>\n\n\n\n<p>9. s\u0131n\u0131f \u00f6\u011frencisi S\u0131la Nur Karahan, Antalya B\u00fcy\u00fck\u015fehir Belediyesi Gen\u00e7lik Kamp\u0131 ve E\u011fitim Merkezi\u2019ne karde\u015fiyle birlikte, sosyalle\u015fmek i\u00e7in geldi\u011fini s\u00f6yledi. Karahan, \u201c\u00c7ok g\u00fczel aktiviteler oluyor. Burada bizimle \u00e7ok iyi ilgileniyorlar. LGS sonras\u0131 buraya gelmek benim i\u00e7in \u00e7ok iyi motivasyon oldu. O stresi atlatmamda \u00e7ok faydas\u0131 oldu. A\u00e7\u0131k havada ve bu g\u00fczel ortamda kafam\u0131z\u0131 dinledik ve bir yandan da e\u011flendik. T\u00fcm herkes buraya gelip tad\u0131n\u0131 \u00e7\u0131karmal\u0131\u201d diye konu\u015ftu.<\/p>\n\n\n\n<p>B\u00dcY\u00dcK\u015eEH\u0130R BELED\u0130YES\u0130\u2019NE TE\u015eEKK\u00dcR<\/p>\n\n\n\n<p>8. s\u0131n\u0131f \u00f6\u011frencisi \u0130dil Kal da, \u201c Genel olarak havuzda vakit ge\u00e7iriyorum. Arkada\u015flar\u0131mla vakit ge\u00e7irip, sohbet ediyorum. Do\u011fal Ya\u015fam Park\u0131\u2019na gitmek ve havuza girmek en sevdi\u011fim etkinlikler oldu. 4 g\u00fcn burada kald\u0131k ve vakit dolu dolu ge\u00e7ti. Okul sezonu ba\u015flamadan \u00f6nce buraya gelmek \u00e7ok rahatlat\u0131c\u0131 oldu. Antalya B\u00fcy\u00fck\u015fehir Belediyesi\u2019ne burada olmam\u0131z\u0131 sa\u011flad\u0131\u011f\u0131 i\u00e7in \u00e7ok te\u015fekk\u00fcr ederim\u201d dedi.<\/p>\n\n\n\n<p>Antalya B\u00fcy\u00fck\u015fehir Belediyesi \/ B\u00fclten<\/p>\n","protected":false},"excerpt":{"rendered":"<p>Antalya B\u00fcy\u00fck\u015fehir Belediyesi\u2019nin yaz sezonu boyunca \u201cEkran I\u015f\u0131\u011f\u0131ndan A\u011fa\u00e7 G\u00f6lgesine\u201d slogan\u0131yla kentin t\u00fcm il\u00e7elerinden gen\u00e7leri a\u011f\u0131rlad\u0131\u011f\u0131 yaz kamplar\u0131 sona erdi. 19 il\u00e7eden gen\u00e7lik kamp\u0131na kat\u0131lan <a href=\"https:\/\/akdenizhaber.com.tr\/index.php\/2024\/09\/05\/yaz-kamplari-sona-erdi\/\" class=\"read-more-link\">[more&#8230;]<\/a><\/p>\n","protected":false},"author":2,"featured_media":25734,"comment_status":"open","ping_status":"open","sticky":false,"template":"","format":"standard","meta":{"footnotes":""},"categories":[2],"tags":[],"class_list":["post-25733","post","type-post","status-publish","format-standard","has-post-thumbnail","hentry","category-gundem"],"_links":{"self":[{"href":"https:\/\/akdenizhaber.com.tr\/index.php\/wp-json\/wp\/v2\/posts\/25733","targetHints":{"allow":["GET"]}}],"collection":[{"href":"https:\/\/akdenizhaber.com.tr\/index.php\/wp-json\/wp\/v2\/posts"}],"about":[{"href":"https:\/\/akdenizhaber.com.tr\/index.php\/wp-json\/wp\/v2\/types\/post"}],"author":[{"embeddable":true,"href":"https:\/\/akdenizhaber.com.tr\/index.php\/wp-json\/wp\/v2\/users\/2"}],"replies":[{"embeddable":true,"href":"https:\/\/akdenizhaber.com.tr\/index.php\/wp-json\/wp\/v2\/comments?post=25733"}],"version-history":[{"count":1,"href":"https:\/\/akdenizhaber.com.tr\/index.php\/wp-json\/wp\/v2\/posts\/25733\/revisions"}],"predecessor-version":[{"id":25735,"href":"https:\/\/akdenizhaber.com.tr\/index.php\/wp-json\/wp\/v2\/posts\/25733\/revisions\/25735"}],"wp:featuredmedia":[{"embeddable":true,"href":"https:\/\/akdenizhaber.com.tr\/index.php\/wp-json\/wp\/v2\/media\/25734"}],"wp:attachment":[{"href":"https:\/\/akdenizhaber.com.tr\/index.php\/wp-json\/wp\/v2\/media?parent=25733"}],"wp:term":[{"taxonomy":"category","embeddable":true,"href":"https:\/\/akdenizhaber.com.tr\/index.php\/wp-json\/wp\/v2\/categories?post=25733"},{"taxonomy":"post_tag","embeddable":true,"href":"https:\/\/akdenizhaber.com.tr\/index.php\/wp-json\/wp\/v2\/tags?post=25733"}],"curies":[{"name":"wp","href":"https:\/\/api.w.org\/{rel}","templated":true}]}}