{"id":25687,"date":"2024-08-29T16:07:11","date_gmt":"2024-08-29T13:07:11","guid":{"rendered":"https:\/\/akdenizhaber.com.tr\/?p=25687"},"modified":"2024-08-29T16:07:11","modified_gmt":"2024-08-29T13:07:11","slug":"afetle-mucadeleye-kuvvetli-destek","status":"publish","type":"post","link":"https:\/\/akdenizhaber.com.tr\/index.php\/2024\/08\/29\/afetle-mucadeleye-kuvvetli-destek\/","title":{"rendered":"Afetle M\u00fccadeleye Kuvvetli Destek\u00a0"},"content":{"rendered":"\n<p>AFAD Ba\u015fkanl\u0131\u011f\u0131 ve Kuveyt K\u0131z\u0131lay\u0131 i\u015fbirli\u011fi ile projelendirilen Antalya \u0130l Afet Acil Durum M\u00fcd\u00fcrl\u00fc\u011f\u00fc Hizmet Binas\u0131n\u0131n temel atma t\u00f6reni ger\u00e7ekle\u015ftirildi. Projenin tamamlanmas\u0131yla 37.500 metrekarelik kamp\u00fcste 13.000 metrekarelik in\u015faat alan\u0131 ile Antalya&#8217;ya modern bir afet y\u00f6netim merkezi kazand\u0131r\u0131lacak.<br>2025 Kas\u0131m ay\u0131nda tamamlanmas\u0131 planlanan Proje, afet ve acil durum y\u00f6netim merkezi, arama ve kurtarma birlik m\u00fcd\u00fcrl\u00fc\u011f\u00fc, kademe ve depo binas\u0131, kentsel arama ve kurtarma e\u011fitim alan\u0131, sel havuzu ve arama ve kurtarma k\u00f6pe\u011fi e\u011fitim alan\u0131 gibi bir\u00e7ok \u00f6nemli merkezden olu\u015facak.\u00a0<br>\u0130\u00e7i\u015fleri Bakanl\u0131\u011f\u0131 Afet ve Acil Durum Y\u00f6netimi Ba\u015fkanl\u0131\u011f\u0131 ile Kuveyt K\u0131z\u0131lay\u0131 aras\u0131nda yap\u0131lan uluslararas\u0131 bir anla\u015fma kapsam\u0131nda finanse edilecek olan Antalya AFAD hizmet binas\u0131 temel atma t\u00f6renine Antalya Valisi Hulusi \u015eahin, Vali Yard\u0131mc\u0131 Tahsin Aksu, Afetlere M\u00fcdahale Hizmetleri Genel M\u00fcd\u00fcr\u00fc Dr. Sadi Ergin, Projelendirme ve Yap\u0131m \u0130\u015fleri Daire Ba\u015fkan\u0131 Levent U\u00e7arl\u0131, D\u0131\u015f \u0130li\u015fkiler Dairesi Ba\u015fkan\u0131 Muhammet Maruf Yaman, Kuveyt K\u0131z\u0131lay\u0131 Afet ve Acil Durum Birimi Ba\u015fkan\u0131 Khalid El Mutari, D\u00f6\u015femealt\u0131 Kaymakam\u0131 Nuri \u00d6zder, Antalya AFAD M\u00fcd\u00fcr\u00fc Necmi Er\u00e7in, Kuveyt K\u0131z\u0131lay\u0131 Medya ve Halkla \u0130li\u015fkiler M\u00fcd\u00fcr\u00fc Ahmad Abduljabbar Al Naibari ve AFAD personeli kat\u0131ld\u0131.\u00a0<br>Proje Uluslararas\u0131 \u0130\u015fbirli\u011fi \u0130le Hayata Ge\u00e7iriliyor<br>T\u00f6rende konu\u015fan Vali \u015eahin, \u201c\u00c7ok k\u0131ymetli bir co\u011frafyada ya\u015f\u0131yoruz. Fakat co\u011frafyam\u0131z deprem ve sel gibi \u00e7e\u015fitli do\u011fal afetlere kar\u015f\u0131 hassas bir noktada. Ge\u00e7ti\u011fimiz y\u0131llarda insanl\u0131k tarihinin en b\u00fcy\u00fck depremlerinden birisini ya\u015fad\u0131k. Birka\u00e7 y\u0131l \u00f6ncede T\u00fcrkiye tarihinin en b\u00fcy\u00fck yang\u0131n\u0131n\u0131 Antalya\u2019da ya\u015fad\u0131k. \u00a0Ya\u015fad\u0131\u011f\u0131m\u0131z afetler bizlere ciddi maliyetlere sebep oluyor. Bu maliyetlere y\u00f6nelik haz\u0131rl\u0131\u011f\u0131m\u0131z\u0131 \u00e7ok s\u0131k\u0131 bir \u015fekilde yapmal\u0131y\u0131z. \u00a0Alt\u0131 \u015eubat depremlerinde uluslararas\u0131 anlamda Kuveytli dostlar\u0131m\u0131z\u0131n da desteklerini g\u00f6rd\u00fck. Kuveyt h\u00fck\u00fcmetinin bu projeye sa\u011flad\u0131\u011f\u0131 4 milyon dolar\u0131n \u00fczerindeki destek bunun devam\u0131 niteli\u011findedir. Bizlerde \u00fclkemizin geli\u015ftirmi\u015f oldu\u011fu imk\u00e2nlar\u0131 d\u00fcnyan\u0131n herhangi bir yerinde ya\u015fanan bir afet durumunda hizmete sokmay\u0131 insanl\u0131k g\u00f6revlerimizden birisi olarak g\u00f6r\u00fcyoruz.\u201d dedi.\u00a0<br>Afetlere Kar\u015f\u0131 Tam Te\u015fekk\u00fcll\u00fc Haz\u0131rl\u0131k<br>Bu kapsaml\u0131 yap\u0131 ile afetlere m\u00fcdahalede daha h\u0131zl\u0131 ve etkin bir \u015fekilde hareket edilece\u011fini belirten Vali \u015eahin, \u201cBu alanda profesyonel ekiplerimizin yan\u0131 s\u0131ra \u0130\u00e7i\u015fleri Bakanl\u0131\u011f\u0131 ve AFAD koordinesinde kurulan g\u00f6n\u00fcll\u00fcl\u00fck mekanizmas\u0131 kapsam\u0131nda g\u00f6n\u00fcll\u00fc karde\u015flerimize de e\u011fitim verilecek. Ge\u00e7ti\u011fimiz g\u00fcnlerde ger\u00e7ekle\u015ftirdi\u011fimiz b\u00fcy\u00fck deprem tatbikat\u0131nda g\u00f6n\u00fcll\u00fc karde\u015flerimizi test etme imk\u00e2n\u0131 bulduk. Ba\u015far\u0131 ile g\u00f6revlerini yerine getirdiler. \u0130n\u015fallah \u00fclkemiz afetlerden uzak olur ancak \u2018Haz\u0131r ol cenge e\u011fer ister isen sulh-\u00fc sal\u00e2h\u2019 beyitinde anlat\u0131ld\u0131\u011f\u0131 gibi huzur i\u00e7inde ya\u015famak istiyorsak en olumsuza kar\u015f\u0131 haz\u0131rl\u0131kl\u0131 olmam\u0131z gerekiyor.\u201d s\u00f6zlerine yer verdi.\u00a0<br>A\u00e7\u0131l\u0131\u015f konu\u015fmalar\u0131n\u0131n ard\u0131ndan dualar ile temel atma t\u00f6reni ger\u00e7ekle\u015ftirildi.<\/p>\n\n\n\n<p>Antalya Valili\u011fi \/ B\u00fclten<\/p>\n","protected":false},"excerpt":{"rendered":"<p>AFAD Ba\u015fkanl\u0131\u011f\u0131 ve Kuveyt K\u0131z\u0131lay\u0131 i\u015fbirli\u011fi ile projelendirilen Antalya \u0130l Afet Acil Durum M\u00fcd\u00fcrl\u00fc\u011f\u00fc Hizmet Binas\u0131n\u0131n temel atma t\u00f6reni ger\u00e7ekle\u015ftirildi. Projenin tamamlanmas\u0131yla 37.500 metrekarelik kamp\u00fcste <a href=\"https:\/\/akdenizhaber.com.tr\/index.php\/2024\/08\/29\/afetle-mucadeleye-kuvvetli-destek\/\" class=\"read-more-link\">[more&#8230;]<\/a><\/p>\n","protected":false},"author":2,"featured_media":25688,"comment_status":"open","ping_status":"open","sticky":false,"template":"","format":"standard","meta":{"footnotes":""},"categories":[2],"tags":[],"class_list":["post-25687","post","type-post","status-publish","format-standard","has-post-thumbnail","hentry","category-gundem"],"_links":{"self":[{"href":"https:\/\/akdenizhaber.com.tr\/index.php\/wp-json\/wp\/v2\/posts\/25687","targetHints":{"allow":["GET"]}}],"collection":[{"href":"https:\/\/akdenizhaber.com.tr\/index.php\/wp-json\/wp\/v2\/posts"}],"about":[{"href":"https:\/\/akdenizhaber.com.tr\/index.php\/wp-json\/wp\/v2\/types\/post"}],"author":[{"embeddable":true,"href":"https:\/\/akdenizhaber.com.tr\/index.php\/wp-json\/wp\/v2\/users\/2"}],"replies":[{"embeddable":true,"href":"https:\/\/akdenizhaber.com.tr\/index.php\/wp-json\/wp\/v2\/comments?post=25687"}],"version-history":[{"count":1,"href":"https:\/\/akdenizhaber.com.tr\/index.php\/wp-json\/wp\/v2\/posts\/25687\/revisions"}],"predecessor-version":[{"id":25689,"href":"https:\/\/akdenizhaber.com.tr\/index.php\/wp-json\/wp\/v2\/posts\/25687\/revisions\/25689"}],"wp:featuredmedia":[{"embeddable":true,"href":"https:\/\/akdenizhaber.com.tr\/index.php\/wp-json\/wp\/v2\/media\/25688"}],"wp:attachment":[{"href":"https:\/\/akdenizhaber.com.tr\/index.php\/wp-json\/wp\/v2\/media?parent=25687"}],"wp:term":[{"taxonomy":"category","embeddable":true,"href":"https:\/\/akdenizhaber.com.tr\/index.php\/wp-json\/wp\/v2\/categories?post=25687"},{"taxonomy":"post_tag","embeddable":true,"href":"https:\/\/akdenizhaber.com.tr\/index.php\/wp-json\/wp\/v2\/tags?post=25687"}],"curies":[{"name":"wp","href":"https:\/\/api.w.org\/{rel}","templated":true}]}}