{"id":25678,"date":"2024-08-29T16:03:45","date_gmt":"2024-08-29T13:03:45","guid":{"rendered":"https:\/\/akdenizhaber.com.tr\/?p=25678"},"modified":"2024-08-29T16:03:45","modified_gmt":"2024-08-29T13:03:45","slug":"bocek-30-agustos-zafer-bayramini-kutladi","status":"publish","type":"post","link":"https:\/\/akdenizhaber.com.tr\/index.php\/2024\/08\/29\/bocek-30-agustos-zafer-bayramini-kutladi\/","title":{"rendered":"B\u00f6cek 30 A\u011fustos Zafer Bayram\u0131\u2019n\u0131 Kutlad\u0131"},"content":{"rendered":"\n<p>Antalya B\u00fcy\u00fck\u015fehir Belediye Ba\u015fkan\u0131 Muhittin B\u00f6cek, 30 A\u011fustos Zafer Bayram\u0131\u2019n\u0131 Kutlad\u0131.<\/p>\n\n\n\n<p>Ba\u015fkan B\u00f6cek\u2019in mesaj\u0131 aynen \u015f\u00f6yle;<\/p>\n\n\n\n<p>\u2018Sevgili Hem\u015ferilerim,<\/p>\n\n\n\n<p>T\u00fcrk tarihinin en \u00f6nemli d\u00f6n\u00fcm noktalar\u0131ndan biri olan ve T\u00fcrkiye Cumhuriyeti&#8217;nin kurulu\u015funun temellerini atan B\u00fcy\u00fck Taarruz\u2019un 102. y\u0131l d\u00f6n\u00fcm\u00fcnde 30 A\u011fustos Zafer Bayram\u0131\u2019n\u0131 kutluyor olman\u0131n gurur, co\u015fku ve heyecan\u0131n\u0131 ya\u015f\u0131yoruz. Bizlere bu \u015fanl\u0131 tarihi arma\u011fan eden ba\u015fta Gazi Mustafa Kemal Atat\u00fcrk olmak \u00fczere silah arkada\u015flar\u0131n\u0131 ve t\u00fcm \u015fehitlerimizi sayg\u0131 ve minnetle an\u0131yorum.<\/p>\n\n\n\n<p>Kurtulu\u015f Sava\u015f\u0131&#8217;n\u0131n en \u00f6nemli ve son safhalar\u0131n\u0131 te\u015fkil eden B\u00fcy\u00fck Taarruz, T\u00fcrk milletinin var olma sava\u015f\u0131d\u0131r. Bu sava\u015f neticesinde T\u00fcrk Milleti ba\u011f\u0131ms\u0131zl\u0131\u011f\u0131n\u0131n en \u00f6nemli ad\u0131m\u0131n\u0131 atm\u0131\u015ft\u0131r. 26 A\u011fustos 1922&#8217;de g\u00fcn\u00fcn ilk \u0131\u015f\u0131klar\u0131yla Dumlup\u0131nar\u2019da Gazi Mustafa Kemal Atat\u00fcrk\u2019\u00fcn <em>\u201cOrdular, ilk hedefiniz Akdeniz\u2019dir, ileri!\u201d&nbsp;komutuyla <\/em>ba\u015flayan&nbsp;B\u00fcy\u00fck Taarruz, 30 A\u011fustos g\u00fcn\u00fc Ba\u015fkomutanl\u0131k Meydan Muharebesi&#8217;nde kazan\u0131lan b\u00fcy\u00fck zaferle sonu\u00e7land\u0131.<\/p>\n\n\n\n<p>Gazi Mustafa Kemal Atat\u00fcrk\u2019\u00fcn askeri ve siyasi dehas\u0131n\u0131 bir kez daha t\u00fcm d\u00fcnyaya g\u00f6steren bu b\u00fcy\u00fck zafer, d\u00f6rt bir yan\u0131 i\u015fgal alt\u0131ndaki topraklardan ba\u011f\u0131ms\u0131z T\u00fcrkiye Cumhuriyeti\u2019ne uzanan yolda tarihi bir d\u00f6n\u00fcm noktas\u0131 oldu. Bu b\u00fcy\u00fck zafer, sadece silahl\u0131 bir m\u00fccadeleyi de\u011fil, ayn\u0131 zamanda ulusal birlik ve beraberli\u011fi, Y\u00fcce T\u00fcrk Milleti\u2019nin vatan sevgisi ve \u00f6zg\u00fcrl\u00fck tutkusunun da simgesidir. \u0130\u015fte bu nedenledir ki bu zaferin 102\u2019nci y\u0131ld\u00f6n\u00fcm\u00fcnde de millet\u00e7e ayn\u0131 co\u015fku ve heyecan\u0131 ya\u015f\u0131yoruz.<\/p>\n\n\n\n<p>30 A\u011fustos ruhunu ya\u015fatarak, \u00fclkemizi daha da ileriye g\u00f6t\u00fcrmek i\u00e7in var g\u00fcc\u00fcm\u00fczle \u00e7al\u0131\u015f\u0131yoruz. Zaferin kazan\u0131lmas\u0131nda \u00f6nemli rol oynayan cesaret, kararl\u0131l\u0131k ve milli birlik duygusunu gelecek ku\u015faklara co\u015fkuyla aktarmaya devam ediyoruz. Ulu \u00d6nder Atat\u00fcrk\u2019\u00fcn a\u00e7t\u0131\u011f\u0131 bu yolda, O\u2019nun ilke ve ink\u0131laplar\u0131ndan ayr\u0131lmadan gen\u00e7lerimizin gelece\u011fe umutla bakt\u0131\u011f\u0131, kad\u0131nlar\u0131m\u0131z\u0131n y\u00fcz\u00fcn\u00fcn g\u00fcld\u00fc\u011f\u00fc, vatanda\u015flar\u0131m\u0131z\u0131n mutlu ve huzurlu ya\u015fad\u0131\u011f\u0131, daha ayd\u0131nl\u0131k, daha \u00f6zg\u00fcr, daha demokratik bir T\u00fcrkiye i\u00e7in azim ve kararl\u0131l\u0131kla \u00e7al\u0131\u015fmaya devam edece\u011fiz.<\/p>\n\n\n\n<p><strong>K\u0131ymetli Hem\u015ferilerim,<\/strong><strong><\/strong><\/p>\n\n\n\n<p><strong>102 y\u0131l \u00f6nceki birlik ve beraberlik ruhuyla Zafer Bayram\u0131\u2019m\u0131z\u0131 <\/strong>hep birlikte co\u015fkuyla kutlamak i\u00e7in sizleri 30 A\u011fustos Cuma g\u00fcn\u00fc saat 21.00\u2019de Cumhuriyet Meydan\u0131\u2019nda ger\u00e7ekle\u015ftirece\u011fimiz Simge Sa\u011f\u0131n konserine davet ediyorum.<\/p>\n\n\n\n<p>B\u00fcy\u00fck Taarruz \u2019un 102. y\u0131l d\u00f6n\u00fcm\u00fcnde, canlar\u0131 pahas\u0131na sava\u015farak bu topraklar\u0131 bizlere vatan olarak emanet eden Ulu \u00d6nderimiz Gazi Mustafa Kemal Atat\u00fcrk\u2019\u00fc ve silah arkada\u015flar\u0131n\u0131 sayg\u0131, sevgi, rahmet, minnet ve \u00f6zlemle an\u0131yor, aziz hat\u0131ralar\u0131 \u00f6n\u00fcnde sayg\u0131yla e\u011filiyorum. 30 A\u011fustos Zafer Bayram\u0131\u2019m\u0131z Kutlu Olsun.\u2019 Dedi.<\/p>\n\n\n\n<p>Antalya B\u00fcy\u00fck\u015fehir Belediyesi \/ B\u00fclten<\/p>\n","protected":false},"excerpt":{"rendered":"<p>Antalya B\u00fcy\u00fck\u015fehir Belediye Ba\u015fkan\u0131 Muhittin B\u00f6cek, 30 A\u011fustos Zafer Bayram\u0131\u2019n\u0131 Kutlad\u0131. Ba\u015fkan B\u00f6cek\u2019in mesaj\u0131 aynen \u015f\u00f6yle; \u2018Sevgili Hem\u015ferilerim, T\u00fcrk tarihinin en \u00f6nemli d\u00f6n\u00fcm noktalar\u0131ndan biri <a href=\"https:\/\/akdenizhaber.com.tr\/index.php\/2024\/08\/29\/bocek-30-agustos-zafer-bayramini-kutladi\/\" class=\"read-more-link\">[more&#8230;]<\/a><\/p>\n","protected":false},"author":2,"featured_media":25679,"comment_status":"open","ping_status":"open","sticky":false,"template":"","format":"standard","meta":{"footnotes":""},"categories":[1],"tags":[],"class_list":["post-25678","post","type-post","status-publish","format-standard","has-post-thumbnail","hentry","category-blog"],"_links":{"self":[{"href":"https:\/\/akdenizhaber.com.tr\/index.php\/wp-json\/wp\/v2\/posts\/25678","targetHints":{"allow":["GET"]}}],"collection":[{"href":"https:\/\/akdenizhaber.com.tr\/index.php\/wp-json\/wp\/v2\/posts"}],"about":[{"href":"https:\/\/akdenizhaber.com.tr\/index.php\/wp-json\/wp\/v2\/types\/post"}],"author":[{"embeddable":true,"href":"https:\/\/akdenizhaber.com.tr\/index.php\/wp-json\/wp\/v2\/users\/2"}],"replies":[{"embeddable":true,"href":"https:\/\/akdenizhaber.com.tr\/index.php\/wp-json\/wp\/v2\/comments?post=25678"}],"version-history":[{"count":1,"href":"https:\/\/akdenizhaber.com.tr\/index.php\/wp-json\/wp\/v2\/posts\/25678\/revisions"}],"predecessor-version":[{"id":25680,"href":"https:\/\/akdenizhaber.com.tr\/index.php\/wp-json\/wp\/v2\/posts\/25678\/revisions\/25680"}],"wp:featuredmedia":[{"embeddable":true,"href":"https:\/\/akdenizhaber.com.tr\/index.php\/wp-json\/wp\/v2\/media\/25679"}],"wp:attachment":[{"href":"https:\/\/akdenizhaber.com.tr\/index.php\/wp-json\/wp\/v2\/media?parent=25678"}],"wp:term":[{"taxonomy":"category","embeddable":true,"href":"https:\/\/akdenizhaber.com.tr\/index.php\/wp-json\/wp\/v2\/categories?post=25678"},{"taxonomy":"post_tag","embeddable":true,"href":"https:\/\/akdenizhaber.com.tr\/index.php\/wp-json\/wp\/v2\/tags?post=25678"}],"curies":[{"name":"wp","href":"https:\/\/api.w.org\/{rel}","templated":true}]}}