{"id":25651,"date":"2024-08-29T15:49:35","date_gmt":"2024-08-29T12:49:35","guid":{"rendered":"https:\/\/akdenizhaber.com.tr\/?p=25651"},"modified":"2024-08-29T15:49:36","modified_gmt":"2024-08-29T12:49:36","slug":"bagimlilikla-mucadelede-bolgesel-toplanti","status":"publish","type":"post","link":"https:\/\/akdenizhaber.com.tr\/index.php\/2024\/08\/29\/bagimlilikla-mucadelede-bolgesel-toplanti\/","title":{"rendered":"Ba\u011f\u0131ml\u0131l\u0131kla M\u00fccadelede B\u00f6lgesel Toplant\u0131"},"content":{"rendered":"\n<p>\u0130\u00e7i\u015fleri Bakanl\u0131\u011f\u0131n\u0131n 2022-2024 Metamfetamin ile M\u00fccadele Eylem Plan\u0131 kapsam\u0131nda Antalya Valili\u011fi koordinesinde Adana, Burdur, Hatay, Isparta, Kahramanmara\u015f, Karaman, Konya, Mersin ve Osmaniye Valilerinin kat\u0131l\u0131m\u0131yla Metamfetamin ile M\u00fccadele B\u00f6lge De\u011ferlendirme Toplant\u0131s\u0131 ger\u00e7ekle\u015ftirildi. Toplant\u0131da Metamfetamin ile topyekun m\u00fccadele etmek i\u00e7in al\u0131nacak tedbirler ve iller aras\u0131ndaki koordinasyonu art\u0131racak \u00e7al\u0131\u015fmalar hakk\u0131nda de\u011ferlendirmelerde bulunuldu.<\/p>\n\n\n\n<p>Video Konferans Sistemiyle ger\u00e7ekle\u015ftirilen Metamfetamin ile M\u00fccadele B\u00f6lge De\u011ferlendirme Toplant\u0131s\u0131n\u0131n ard\u0131ndan Antalya \u0130l Sa\u011fl\u0131k M\u00fcd\u00fcrl\u00fc\u011f\u00fc Toplant\u0131 Salonunda Vali Hulusi \u015eahin ba\u015fkanl\u0131\u011f\u0131nda Ba\u011f\u0131ml\u0131l\u0131kla M\u00fccadele \u0130l Koordinasyon Kurulu Toplant\u0131s\u0131 ger\u00e7ekle\u015ftirildi. Toplant\u0131ya Vali Hulusi \u015eahin\u2019in yan\u0131 s\u0131ra, Vali Yard\u0131mc\u0131s\u0131 Tahsin Aksu, Antalya B\u00fcy\u00fck\u015fehir Belediyesi Genel Sekreteri Cansel \u00c7evikol Tuncer, Akdeniz \u00dcniversitesi Rekt\u00f6r\u00fc Prof. Dr. \u00d6zlenen \u00d6zkan, ilgili kurum m\u00fcd\u00fcrleri ve STK temsilcileri kat\u0131ld\u0131.<\/p>\n\n\n\n<p>Toplant\u0131da Antalya \u0130l Jandarma Komutanl\u0131\u011f\u0131 ad\u0131na Jandarma sorumluluk alanlar\u0131nda uyu\u015fturucu ile m\u00fccadele kapsam\u0131nda ger\u00e7ekle\u015ftirilen operasyonlar ve yakalamalar anlat\u0131l\u0131rken \u0130l K\u00fclt\u00fcr ve Turizm M\u00fcd\u00fcrl\u00fc\u011f\u00fc taraf\u0131ndan da ba\u011f\u0131ml\u0131l\u0131kla m\u00fccadelede dezavantajl\u0131 guruplara y\u00f6nelik yap\u0131lan sosyal, k\u00fclt\u00fcrel faaliyetlere de\u011finildi.<\/p>\n\n\n\n<p>Antalya Valili\u011fi \/ B\u00fclten<\/p>\n","protected":false},"excerpt":{"rendered":"<p>\u0130\u00e7i\u015fleri Bakanl\u0131\u011f\u0131n\u0131n 2022-2024 Metamfetamin ile M\u00fccadele Eylem Plan\u0131 kapsam\u0131nda Antalya Valili\u011fi koordinesinde Adana, Burdur, Hatay, Isparta, Kahramanmara\u015f, Karaman, Konya, Mersin ve Osmaniye Valilerinin kat\u0131l\u0131m\u0131yla Metamfetamin <a href=\"https:\/\/akdenizhaber.com.tr\/index.php\/2024\/08\/29\/bagimlilikla-mucadelede-bolgesel-toplanti\/\" class=\"read-more-link\">[more&#8230;]<\/a><\/p>\n","protected":false},"author":2,"featured_media":25652,"comment_status":"open","ping_status":"open","sticky":false,"template":"","format":"standard","meta":{"footnotes":""},"categories":[2],"tags":[],"class_list":["post-25651","post","type-post","status-publish","format-standard","has-post-thumbnail","hentry","category-gundem"],"_links":{"self":[{"href":"https:\/\/akdenizhaber.com.tr\/index.php\/wp-json\/wp\/v2\/posts\/25651","targetHints":{"allow":["GET"]}}],"collection":[{"href":"https:\/\/akdenizhaber.com.tr\/index.php\/wp-json\/wp\/v2\/posts"}],"about":[{"href":"https:\/\/akdenizhaber.com.tr\/index.php\/wp-json\/wp\/v2\/types\/post"}],"author":[{"embeddable":true,"href":"https:\/\/akdenizhaber.com.tr\/index.php\/wp-json\/wp\/v2\/users\/2"}],"replies":[{"embeddable":true,"href":"https:\/\/akdenizhaber.com.tr\/index.php\/wp-json\/wp\/v2\/comments?post=25651"}],"version-history":[{"count":1,"href":"https:\/\/akdenizhaber.com.tr\/index.php\/wp-json\/wp\/v2\/posts\/25651\/revisions"}],"predecessor-version":[{"id":25653,"href":"https:\/\/akdenizhaber.com.tr\/index.php\/wp-json\/wp\/v2\/posts\/25651\/revisions\/25653"}],"wp:featuredmedia":[{"embeddable":true,"href":"https:\/\/akdenizhaber.com.tr\/index.php\/wp-json\/wp\/v2\/media\/25652"}],"wp:attachment":[{"href":"https:\/\/akdenizhaber.com.tr\/index.php\/wp-json\/wp\/v2\/media?parent=25651"}],"wp:term":[{"taxonomy":"category","embeddable":true,"href":"https:\/\/akdenizhaber.com.tr\/index.php\/wp-json\/wp\/v2\/categories?post=25651"},{"taxonomy":"post_tag","embeddable":true,"href":"https:\/\/akdenizhaber.com.tr\/index.php\/wp-json\/wp\/v2\/tags?post=25651"}],"curies":[{"name":"wp","href":"https:\/\/api.w.org\/{rel}","templated":true}]}}