{"id":25591,"date":"2024-08-22T15:22:31","date_gmt":"2024-08-22T12:22:31","guid":{"rendered":"https:\/\/akdenizhaber.com.tr\/?p=25591"},"modified":"2024-08-22T15:22:32","modified_gmt":"2024-08-22T12:22:32","slug":"bogazici-kolejinden-ziyaret-turu","status":"publish","type":"post","link":"https:\/\/akdenizhaber.com.tr\/index.php\/2024\/08\/22\/bogazici-kolejinden-ziyaret-turu\/","title":{"rendered":"Bo\u011fazi\u00e7i Koleji\u2019nden Ziyaret Turu"},"content":{"rendered":"\n<p>\u0130l\u00e7emizde bulunan \u00d6zel Manavgat Bo\u011fazi\u00e7i Okullar\u0131 y\u00f6netimi Polat Sel\u00e7uk ba\u015fkanl\u0131\u011f\u0131nda bir ekiple Manavgat \u2018ta ziyaret turuna \u00e7\u0131kt\u0131.<\/p>\n\n\n\n<p>Ziyaretlerinin ama\u00e7lar\u0131n\u0131n Manavgat\u2019\u0131n sorunlar\u0131n\u0131 payla\u015fmak ve kar\u015f\u0131l\u0131kl\u0131 fikir al\u0131\u015fveri\u015finde bulunmak oldu\u011funa dikkat \u00e7eken Bo\u011fazi\u00e7i Koleji kurucu temsilcisi Polat Sel\u00e7uk yeni ders d\u00f6nemine kadar ziyaretlerine devam edeceklerini s\u00f6yledi.<\/p>\n\n\n\n<p>Ge\u00e7ti\u011fimiz g\u00fcnlerde ba\u015fta Manavgat Ticaret ve Sanayi Odas\u0131 ba\u015fkan\u0131 Seydi Tahsin G\u00fcng\u00f6r\u2019\u00fc ziyaret eden ekip, Bo\u011fazi\u00e7i koleji ile ilgili MATSO ba\u015fkan\u0131na bilgiler verdi. Kar\u015f\u0131l\u0131kl\u0131 fikir al\u0131\u015fveri\u015fi ile Manavgat\u2019\u0131n sorunlar\u0131 ve gelece\u011fi de masaya yat\u0131r\u0131ld\u0131.<\/p>\n\n\n\n<p>\u00d6zel Manavgat Bo\u011fazi\u00e7i Okullar\u0131 Y\u00f6netim Ekibi daha sonra \u00d6zel Hisar T\u0131p Merkezi Genel M\u00fcd\u00fcr\u00fc \u00d6mer Faruk Binzet\u2019i makam\u0131nda ziyaret ederek e\u011fitimle birlikte sa\u011fl\u0131k konular\u0131nda \u00f6nemli konular\u0131 g\u00f6r\u00fc\u015ft\u00fcler.<\/p>\n\n\n\n<p>&nbsp;Manavgat Baro Temsilcisi Say\u0131n Erol Ogan\u2019\u0131 da ziyaret eden Bo\u011fazi\u00e7i Koleji Manavgat ekibi her y\u0131l ders programlar\u0131nda hukuka \u00f6zel yer verdiklerini belirterek ho\u015f\u00e7a bir sohbet ger\u00e7ekle\u015ftirdiler.<\/p>\n\n\n\n<p>Bo\u011fazi\u00e7i Koleji Manavgat Kampusu Kurucu y\u00f6neticisi Polat Sel\u00e7uk ziyaretleri s\u0131ras\u0131nda ev sahipli\u011fi yapan MATSO Ba\u015fkan\u0131 Seydi Tahsin G\u00fcng\u00f6r, Hisar T\u0131p Merkezi genel m\u00fcd\u00fcr\u00fc \u00d6mer Faruk Binzet ve Manavgat Baro temsilcisi Erol Ogan\u2019a te\u015fekk\u00fcr etti.<\/p>\n\n\n\n<p>B\u00fc\u015fra Deveci \/ Haber<\/p>\n","protected":false},"excerpt":{"rendered":"<p>\u0130l\u00e7emizde bulunan \u00d6zel Manavgat Bo\u011fazi\u00e7i Okullar\u0131 y\u00f6netimi Polat Sel\u00e7uk ba\u015fkanl\u0131\u011f\u0131nda bir ekiple Manavgat \u2018ta ziyaret turuna \u00e7\u0131kt\u0131. Ziyaretlerinin ama\u00e7lar\u0131n\u0131n Manavgat\u2019\u0131n sorunlar\u0131n\u0131 payla\u015fmak ve kar\u015f\u0131l\u0131kl\u0131 fikir <a href=\"https:\/\/akdenizhaber.com.tr\/index.php\/2024\/08\/22\/bogazici-kolejinden-ziyaret-turu\/\" class=\"read-more-link\">[more&#8230;]<\/a><\/p>\n","protected":false},"author":2,"featured_media":25592,"comment_status":"open","ping_status":"open","sticky":false,"template":"","format":"standard","meta":{"footnotes":""},"categories":[2],"tags":[],"class_list":["post-25591","post","type-post","status-publish","format-standard","has-post-thumbnail","hentry","category-gundem"],"_links":{"self":[{"href":"https:\/\/akdenizhaber.com.tr\/index.php\/wp-json\/wp\/v2\/posts\/25591","targetHints":{"allow":["GET"]}}],"collection":[{"href":"https:\/\/akdenizhaber.com.tr\/index.php\/wp-json\/wp\/v2\/posts"}],"about":[{"href":"https:\/\/akdenizhaber.com.tr\/index.php\/wp-json\/wp\/v2\/types\/post"}],"author":[{"embeddable":true,"href":"https:\/\/akdenizhaber.com.tr\/index.php\/wp-json\/wp\/v2\/users\/2"}],"replies":[{"embeddable":true,"href":"https:\/\/akdenizhaber.com.tr\/index.php\/wp-json\/wp\/v2\/comments?post=25591"}],"version-history":[{"count":1,"href":"https:\/\/akdenizhaber.com.tr\/index.php\/wp-json\/wp\/v2\/posts\/25591\/revisions"}],"predecessor-version":[{"id":25593,"href":"https:\/\/akdenizhaber.com.tr\/index.php\/wp-json\/wp\/v2\/posts\/25591\/revisions\/25593"}],"wp:featuredmedia":[{"embeddable":true,"href":"https:\/\/akdenizhaber.com.tr\/index.php\/wp-json\/wp\/v2\/media\/25592"}],"wp:attachment":[{"href":"https:\/\/akdenizhaber.com.tr\/index.php\/wp-json\/wp\/v2\/media?parent=25591"}],"wp:term":[{"taxonomy":"category","embeddable":true,"href":"https:\/\/akdenizhaber.com.tr\/index.php\/wp-json\/wp\/v2\/categories?post=25591"},{"taxonomy":"post_tag","embeddable":true,"href":"https:\/\/akdenizhaber.com.tr\/index.php\/wp-json\/wp\/v2\/tags?post=25591"}],"curies":[{"name":"wp","href":"https:\/\/api.w.org\/{rel}","templated":true}]}}