{"id":25572,"date":"2024-08-22T15:12:23","date_gmt":"2024-08-22T12:12:23","guid":{"rendered":"https:\/\/akdenizhaber.com.tr\/?p=25572"},"modified":"2024-08-22T15:12:24","modified_gmt":"2024-08-22T12:12:24","slug":"kepezden-evsiz-vatandasa-yeni-yasam-destegi","status":"publish","type":"post","link":"https:\/\/akdenizhaber.com.tr\/index.php\/2024\/08\/22\/kepezden-evsiz-vatandasa-yeni-yasam-destegi\/","title":{"rendered":"Kepez\u2019den evsiz vatanda\u015fa yeni ya\u015fam deste\u011fi"},"content":{"rendered":"\n<p>Kepez Belediyesi, sokakta ya\u015famak zorunda kalan 59 ya\u015f\u0131ndaki Ali Tanyerli\u2019ye, bar\u0131nma ve tedavi imk\u00e2n\u0131 sa\u011flayarak, yeni bir hayata ba\u015flama yolunda destek verdi.<\/p>\n\n\n\n<p>Kepez Belediyesi\u2019nin deste\u011fiyle sokakta kalan ve sa\u011fl\u0131k sorunlar\u0131 ya\u015fayan Ali Tanyerli, yeniden topluma kazand\u0131r\u0131l\u0131yor. Antalya sokaklar\u0131nda bimekan ya\u015fam\u0131n\u0131 s\u00fcrd\u00fcren Ali Tanyerli\u2019nin kaderi, Ayhan G\u00f6z\u00fcbek adl\u0131 vatanda\u015f\u0131n duyarl\u0131l\u0131\u011f\u0131 sayesinde de\u011fi\u015fiyor. G\u00f6z\u00fcbek, Sosyal medyadaki sayfas\u0131nda Sakarya Bulvar\u0131\u2019nda bir bank\u0131n \u00fczerinde uyurken kar\u015f\u0131la\u015ft\u0131\u011f\u0131 59 ya\u015f\u0131ndaki evsiz vatanda\u015fa yard\u0131m yard\u0131m edilmesi i\u00e7in Kepez Belediyesi\u2019ne ba\u015fvuruda bulundu.<\/p>\n\n\n\n<p>\u00d6ncelikle hamama g\u00f6t\u00fcr\u00fclen, berberde sa\u00e7-sakal t\u0131ra\u015f\u0131 yapt\u0131r\u0131lan ve v\u00fccudunda yaralar\u0131 olan \u015fahs\u0131n, Kepez Belediyesi Sa\u011fl\u0131k Merkezi\u2019nde tedavi olmas\u0131 da sa\u011fland\u0131. G\u00f6z\u00fcbek, yard\u0131m eli uzatt\u0131\u011f\u0131 Ali Tanyerli\u2019nin hayat\u0131ndaki de\u011fi\u015fimi yine sosyal medya hesab\u0131ndan payla\u015ft\u0131.<\/p>\n\n\n\n<p>BA\u015eKAN KOCAG\u00d6Z DUYARSIZ KALMADI<\/p>\n\n\n\n<p>Kepez Belediyesi sa\u011fl\u0131k ekipleri, Sosyal Medyada g\u00f6r\u00fcnt\u00fcleri yay\u0131nlanan Tanyerli\u2019nin durumuna duyars\u0131z kalmad\u0131. Kepez Belediye Ba\u015fkan\u0131 Mesut Kocag\u00f6z\u2019\u00fcn talimatlar\u0131yla bimekan ya\u015fam s\u00fcrd\u00fcren Ali Tanyerli\u2019ye sa\u011fl\u0131k ve bar\u0131nma deste\u011fi verildi. Kepez Belediyesi Sa\u011fl\u0131k Merkezi\u2019nde, yeni bir hayat yolculu\u011funa \u00e7\u0131kan Tanyerli\u2019nin \u00f6nce tedavisi ve tahlilleri yap\u0131ld\u0131. Ba\u015fkan Mesut Kocag\u00f6z\u2019\u00fcn giri\u015fimleri ile Ali Tanyerli\u2019nin bar\u0131nma yeri sorunu da \u00e7\u00f6z\u00fcld\u00fc.<\/p>\n\n\n\n<p>BARINMA VE TEDAV\u0130 DESTE\u011e\u0130<\/p>\n\n\n\n<p>Antalya B\u00fcy\u00fck\u015fehir Belediyesi\u2019nin Bimekan Bar\u0131nma Merkezi\u2019nde misafir edilecek olan Tanyerli\u2019nin, alkol tedavisi i\u00e7in de Akdeniz \u00dcniversitesi (A.\u00dc.) y\u00f6netimiyle g\u00f6r\u00fc\u015f\u00fcld\u00fc.&nbsp; Ali Tanyerli\u2019nin, A.\u00dc.\u2019n\u00fcn k\u0131sa ad\u0131 AMATEM olan Alkol ve Madde Ba\u011f\u0131ml\u0131l\u0131\u011f\u0131 Ara\u015ft\u0131rma Uygulama Merkezi\u2019nde tedavisi yap\u0131larak, topluma kazand\u0131r\u0131lmas\u0131nda \u00f6nemli bir ad\u0131m at\u0131lm\u0131\u015f olacak.<\/p>\n\n\n\n<p>\u201cSOKAKTA K\u0130MSE KALMAYACAK\u201d<\/p>\n\n\n\n<p>Kepez Belediye Ba\u015fkan\u0131 Mesut Kocag\u00f6z\u2019\u00fcn bilgisi dahilinde Ali Tanyerli\u2019nin tedavi ve bar\u0131nma s\u00fcrecini Belediye Meclis \u00dcyesi Hasan Sar\u0131 yak\u0131ndan takip etti. Alkol ba\u011f\u0131ml\u0131\u011f\u0131n\u0131n ve sokakta ya\u015fayan evsizlerin \u00f6nemli bir toplumsal sorun oldu\u011funa&nbsp; ve Kepez Belediye Ba\u015fkan\u0131 Mesut Kocag\u00f6z\u2019\u00fcn bu konularda olan hassasiyetine i\u015faret eden Sar\u0131, \u201cKepez Belediyesi olarak bu toplumsal sorun kar\u015f\u0131s\u0131nda duyars\u0131z kalamazd\u0131k. Ba\u015fkan\u0131m\u0131z Mesut Kocag\u00f6z\u2019\u00fcn talimatlar\u0131 \u00fczerine Kepez Belediyesi olarak, Ali Tanyerli\u2019ye yeniden topluma kazand\u0131r\u0131lmas\u0131 ad\u0131na \u015fefkat eli uzatt\u0131k.&nbsp; Meclis \u00fcyeleri olarak bizler de Ba\u015fkan\u0131m\u0131z\u0131n talimatlar\u0131 do\u011frultusunda sosyal konulara dikkat ediyoruz. Ba\u015fkan\u0131m\u0131z da bu konularda \u00e7ok duyarl\u0131\u201d dedi.<\/p>\n\n\n\n<p>Yeniden topluma kazand\u0131r\u0131lmas\u0131ndan dolay\u0131 duydu\u011fu memnuniyeti dile getiren Ali Tanyerli de, desteklerinden dolay\u0131 Ba\u015fkan Mesut Kocag\u00f6z\u2019e te\u015fekk\u00fcr etti.<\/p>\n\n\n\n<p>Kepez Belediyesi \/ B\u00fclten<\/p>\n","protected":false},"excerpt":{"rendered":"<p>Kepez Belediyesi, sokakta ya\u015famak zorunda kalan 59 ya\u015f\u0131ndaki Ali Tanyerli\u2019ye, bar\u0131nma ve tedavi imk\u00e2n\u0131 sa\u011flayarak, yeni bir hayata ba\u015flama yolunda destek verdi. Kepez Belediyesi\u2019nin deste\u011fiyle <a href=\"https:\/\/akdenizhaber.com.tr\/index.php\/2024\/08\/22\/kepezden-evsiz-vatandasa-yeni-yasam-destegi\/\" class=\"read-more-link\">[more&#8230;]<\/a><\/p>\n","protected":false},"author":2,"featured_media":25573,"comment_status":"open","ping_status":"open","sticky":false,"template":"","format":"standard","meta":{"footnotes":""},"categories":[2],"tags":[],"class_list":["post-25572","post","type-post","status-publish","format-standard","has-post-thumbnail","hentry","category-gundem"],"_links":{"self":[{"href":"https:\/\/akdenizhaber.com.tr\/index.php\/wp-json\/wp\/v2\/posts\/25572","targetHints":{"allow":["GET"]}}],"collection":[{"href":"https:\/\/akdenizhaber.com.tr\/index.php\/wp-json\/wp\/v2\/posts"}],"about":[{"href":"https:\/\/akdenizhaber.com.tr\/index.php\/wp-json\/wp\/v2\/types\/post"}],"author":[{"embeddable":true,"href":"https:\/\/akdenizhaber.com.tr\/index.php\/wp-json\/wp\/v2\/users\/2"}],"replies":[{"embeddable":true,"href":"https:\/\/akdenizhaber.com.tr\/index.php\/wp-json\/wp\/v2\/comments?post=25572"}],"version-history":[{"count":1,"href":"https:\/\/akdenizhaber.com.tr\/index.php\/wp-json\/wp\/v2\/posts\/25572\/revisions"}],"predecessor-version":[{"id":25574,"href":"https:\/\/akdenizhaber.com.tr\/index.php\/wp-json\/wp\/v2\/posts\/25572\/revisions\/25574"}],"wp:featuredmedia":[{"embeddable":true,"href":"https:\/\/akdenizhaber.com.tr\/index.php\/wp-json\/wp\/v2\/media\/25573"}],"wp:attachment":[{"href":"https:\/\/akdenizhaber.com.tr\/index.php\/wp-json\/wp\/v2\/media?parent=25572"}],"wp:term":[{"taxonomy":"category","embeddable":true,"href":"https:\/\/akdenizhaber.com.tr\/index.php\/wp-json\/wp\/v2\/categories?post=25572"},{"taxonomy":"post_tag","embeddable":true,"href":"https:\/\/akdenizhaber.com.tr\/index.php\/wp-json\/wp\/v2\/tags?post=25572"}],"curies":[{"name":"wp","href":"https:\/\/api.w.org\/{rel}","templated":true}]}}