{"id":25548,"date":"2024-08-19T15:26:24","date_gmt":"2024-08-19T12:26:24","guid":{"rendered":"https:\/\/akdenizhaber.com.tr\/?p=25548"},"modified":"2024-08-19T15:26:24","modified_gmt":"2024-08-19T12:26:24","slug":"manavgat-belediyespor-yeni-sezona-hazir","status":"publish","type":"post","link":"https:\/\/akdenizhaber.com.tr\/index.php\/2024\/08\/19\/manavgat-belediyespor-yeni-sezona-hazir\/","title":{"rendered":"Manavgat Belediyespor Yeni Sezona Haz\u0131r"},"content":{"rendered":"\n<p>Manavgat Belediye Ba\u015fkan\u0131 Niyazi Nefi Kara, sezon haz\u0131rl\u0131klar\u0131n\u0131 s\u00fcrd\u00fcren Manavgat Belediyespor Futbol Tak\u0131m\u0131\u2019n\u0131 ziyaret etti.<\/p>\n\n\n\n<p>Manavgat Belediye Ba\u015fkan\u0131 Niyazi Nefi Kara, yeni sezona \u015fampiyonluk parolas\u0131yla haz\u0131rlanan Belediyespor\u2019un haz\u0131rl\u0131klar\u0131n\u0131 yerinde g\u00f6rmek amac\u0131yla kul\u00fcb\u00fc ziyaret etti. Ba\u015fkan Kara, antrenmanlar\u0131 izleyerek oyuncularla ve teknik ekiple bir araya geldi. 2024-2025 sezonunda BAL Ligi\u2019nde m\u00fccadele edecek olan Belediyespor, yeni transferlerle birlikte daha da g\u00fc\u00e7lenen kadrosuyla sezonu zirvede bitirerek bir \u00fcst lige \u00e7\u0131kmay\u0131 hedefliyor.<\/p>\n\n\n\n<p><strong>Akhan\u0131m, yeni sezondan umutlu<\/strong><\/p>\n\n\n\n<p>Belediyespor Teknik Direkt\u00f6r\u00fc Mustafa Akhan\u0131m, yeni sezon \u00f6ncesi yap\u0131lan haz\u0131rl\u0131klarla ilgili a\u00e7\u0131klamalarda bulundu. Akhan\u0131m, tak\u0131m\u0131n sezon \u00f6ncesi antrenmanlar\u0131na dair detaylar\u0131 payla\u015farak, sezon hedeflerine ula\u015fmak i\u00e7in gerekli stratejileri olu\u015fturduklar\u0131n\u0131 ifade etti. Akhan\u0131m, \u201cSezon \u00f6ncesi haz\u0131rl\u0131klar\u0131m\u0131z olduk\u00e7a verimli ge\u00e7iyor. Oyuncular\u0131m\u0131z\u0131n form durumlar\u0131n\u0131 art\u0131rmak ve tak\u0131m kimyas\u0131n\u0131 g\u00fc\u00e7lendirmek i\u00e7in yo\u011fun bir \u015fekilde \u00e7al\u0131\u015f\u0131yoruz.\u201d \u015feklinde konu\u015ftu.<\/p>\n\n\n\n<p>Yeni transferler ve kadro yenilikleri hakk\u0131nda da bilgi veren Akhan\u0131m, \u201cYeni transferlerimizle birlikte kadro kalitemizi art\u0131rd\u0131k. Tak\u0131m i\u00e7i rekabet ve forma m\u00fccadelesinin t\u00fcm oyuncular\u0131m\u0131z\u0131n performans\u0131na olumlu olarak yans\u0131yaca\u011f\u0131na inan\u0131yoruz. Teknik ekibimizle birlikte, t\u00fcm oyuncular\u0131m\u0131z\u0131n en iyi performans\u0131n\u0131 ortaya koyabilmesi i\u00e7in gerekli \u00e7al\u0131\u015fmalar\u0131 yap\u0131yoruz.\u201d dedi.<\/p>\n\n\n\n<p><strong>\u201cEl Birli\u011fi \u0130\u00e7erisinde \u00c7al\u0131\u015faca\u011f\u0131z\u201d<\/strong><\/p>\n\n\n\n<p>Ziyaretin ard\u0131ndan konu\u015fan Ba\u015fkan Kara, \u201cBelediyespor, Manavgat\u2019\u0131n gururu ve spor \u015fehri olmam\u0131z a\u00e7\u0131s\u0131ndan \u00e7ok \u00f6nemli bir temsilcimiz. Bu sezon i\u00e7in belirledi\u011fimiz \u015fampiyonluk hedefi do\u011frultusunda hep birlikte el birli\u011fiyle \u00e7al\u0131\u015faca\u011f\u0131z. Sporcular\u0131m\u0131z\u0131n ve teknik ekibimizin bu yolda verece\u011fi m\u00fccadeleye olan inanc\u0131m\u0131z tamd\u0131r. Her zaman yan\u0131n\u0131zday\u0131z ve deste\u011fimizi esirgemeyece\u011fiz\u201d ifadelerini kulland\u0131.<\/p>\n\n\n\n<p>Manavgat Belediyesi \/ B\u00fclten<\/p>\n","protected":false},"excerpt":{"rendered":"<p>Manavgat Belediye Ba\u015fkan\u0131 Niyazi Nefi Kara, sezon haz\u0131rl\u0131klar\u0131n\u0131 s\u00fcrd\u00fcren Manavgat Belediyespor Futbol Tak\u0131m\u0131\u2019n\u0131 ziyaret etti. Manavgat Belediye Ba\u015fkan\u0131 Niyazi Nefi Kara, yeni sezona \u015fampiyonluk parolas\u0131yla <a href=\"https:\/\/akdenizhaber.com.tr\/index.php\/2024\/08\/19\/manavgat-belediyespor-yeni-sezona-hazir\/\" class=\"read-more-link\">[more&#8230;]<\/a><\/p>\n","protected":false},"author":2,"featured_media":25549,"comment_status":"open","ping_status":"open","sticky":false,"template":"","format":"standard","meta":{"footnotes":""},"categories":[2],"tags":[],"class_list":["post-25548","post","type-post","status-publish","format-standard","has-post-thumbnail","hentry","category-gundem"],"_links":{"self":[{"href":"https:\/\/akdenizhaber.com.tr\/index.php\/wp-json\/wp\/v2\/posts\/25548","targetHints":{"allow":["GET"]}}],"collection":[{"href":"https:\/\/akdenizhaber.com.tr\/index.php\/wp-json\/wp\/v2\/posts"}],"about":[{"href":"https:\/\/akdenizhaber.com.tr\/index.php\/wp-json\/wp\/v2\/types\/post"}],"author":[{"embeddable":true,"href":"https:\/\/akdenizhaber.com.tr\/index.php\/wp-json\/wp\/v2\/users\/2"}],"replies":[{"embeddable":true,"href":"https:\/\/akdenizhaber.com.tr\/index.php\/wp-json\/wp\/v2\/comments?post=25548"}],"version-history":[{"count":1,"href":"https:\/\/akdenizhaber.com.tr\/index.php\/wp-json\/wp\/v2\/posts\/25548\/revisions"}],"predecessor-version":[{"id":25550,"href":"https:\/\/akdenizhaber.com.tr\/index.php\/wp-json\/wp\/v2\/posts\/25548\/revisions\/25550"}],"wp:featuredmedia":[{"embeddable":true,"href":"https:\/\/akdenizhaber.com.tr\/index.php\/wp-json\/wp\/v2\/media\/25549"}],"wp:attachment":[{"href":"https:\/\/akdenizhaber.com.tr\/index.php\/wp-json\/wp\/v2\/media?parent=25548"}],"wp:term":[{"taxonomy":"category","embeddable":true,"href":"https:\/\/akdenizhaber.com.tr\/index.php\/wp-json\/wp\/v2\/categories?post=25548"},{"taxonomy":"post_tag","embeddable":true,"href":"https:\/\/akdenizhaber.com.tr\/index.php\/wp-json\/wp\/v2\/tags?post=25548"}],"curies":[{"name":"wp","href":"https:\/\/api.w.org\/{rel}","templated":true}]}}