{"id":25545,"date":"2024-08-19T15:25:30","date_gmt":"2024-08-19T12:25:30","guid":{"rendered":"https:\/\/akdenizhaber.com.tr\/?p=25545"},"modified":"2024-08-19T15:25:32","modified_gmt":"2024-08-19T12:25:32","slug":"ozkan-yeni-donemde-daha-fazla-calisacagiz","status":"publish","type":"post","link":"https:\/\/akdenizhaber.com.tr\/index.php\/2024\/08\/19\/ozkan-yeni-donemde-daha-fazla-calisacagiz\/","title":{"rendered":"\u00d6zkan, \u201cYeni d\u00f6nemde daha fazla \u00e7al\u0131\u015faca\u011f\u0131z\u201d"},"content":{"rendered":"\n<p>G\u00f6rev yapt\u0131\u011f\u0131 d\u00f6rt y\u0131l boyunca ortaya koydu\u011fu vizyonu, hayata ge\u00e7irdi\u011fi projeleri ile \u00fcniversiteyi \u00f6nemli bir noktaya ta\u015f\u0131yan Akdeniz \u00dcniversitesi Rekt\u00f6r\u00fc Prof. Dr. \u00d6zlenen \u00d6zkan, rekt\u00f6rl\u00fck g\u00f6revine yeniden atand\u0131. \u00dcniversite personelinin rekt\u00f6rl\u00fck giri\u015finde alk\u0131\u015flarla kar\u015f\u0131land\u0131.<\/p>\n\n\n\n<p>15 A\u011fustos 2024 tarihli Resm\u00ee Gazetede Cumhurba\u015fkan\u0131 Recep Tayyip Erdo\u011fan\u2019\u0131n imzas\u0131yla yay\u0131nlanan atama kararlar\u0131nda Prof. Dr. \u00d6zlenen \u00d6zkan, Akdeniz \u00dcniversitesi\u2019nin ikinci kez rekt\u00f6r\u00fc oldu. Akdeniz \u00dcniversitesi mezunu olan ve \u00fcniversitenin ilk kad\u0131n rekt\u00f6r\u00fc olan Prof. Dr. \u00d6zlenen \u00d6zkan, g\u00f6rev yapt\u0131\u011f\u0131 d\u00f6rt y\u0131l boyunca hayata ge\u00e7irdi\u011fi uygulamalar, imza att\u0131\u011f\u0131 \u00f6nemli projelerle \u00fcniversiteyi daha \u00fcst konumlara ta\u015f\u0131d\u0131.<\/p>\n\n\n\n<p>\u00c7ALI\u015eMA ARKADA\u015eLARI ALKI\u015eLARLA KAR\u015eILADI<\/p>\n\n\n\n<p>Akdeniz \u00dcniversitesi Rekt\u00f6rl\u00fc\u011f\u00fcne yeniden atanan Rekt\u00f6r Prof. Dr. \u00d6zlenen \u00d6zkan, akademisyenler ve \u00e7al\u0131\u015fma arkada\u015flar\u0131 taraf\u0131ndan kap\u0131da alk\u0131\u015flarla kar\u015f\u0131land\u0131. Kar\u015f\u0131lamada Rekt\u00f6r Yard\u0131mc\u0131lar\u0131 Prof. Dr. Ay\u015fe G\u00fclbin Ar\u0131c\u0131, Prof. Dr. \u015e\u00fckr\u00fc \u00d6zen, Prof. Dr. Cengiz Toker, Genel Sekreter Dr. Ali Evren \u0130mre, dekanlar, akademisyenler, meslek y\u00fcksekokullar\u0131 m\u00fcd\u00fcrleri ve rekt\u00f6rl\u00fck \u00e7al\u0131\u015fma arkada\u015flar\u0131 bulundu.<\/p>\n\n\n\n<p>Akdeniz \u00dcniversitesi Rekt\u00f6r\u00fc Prof. Dr. \u00d6zlenen \u00d6zkan, \u201cCumhurba\u015fkan\u0131m\u0131z Say\u0131n Recep Tayyip Erdo\u011fan\u2019\u0131n tensipleri ile \u00dcniversitemiz rekt\u00f6rl\u00fc\u011f\u00fc g\u00f6revine ikinci kez atanm\u0131\u015f bulunuyorum. Bu onurlu g\u00f6revi tekrar \u00fcstlenmekten b\u00fcy\u00fck bir gurur duyuyorum. Cumhurba\u015fkan\u0131m\u0131z Say\u0131n Recep Tayyip Erdo\u011fan\u2019a duydu\u011fu g\u00fcvenden ve g\u00f6rev s\u00fcrem boyunca verdi\u011fi desteklerinden dolay\u0131 \u015f\u00fckranlar\u0131m\u0131 sunuyorum.\u201d dedi.<\/p>\n\n\n\n<p>Kar\u015f\u0131lamada herkese tek tek te\u015fekk\u00fcr eden Rekt\u00f6r Prof. Dr. \u00d6zlenen \u00d6zkan, y\u00fcklerinin daha da a\u011f\u0131r oldu\u011funu s\u00f6yleyerek g\u00f6sterilen tevecc\u00fch kar\u015f\u0131s\u0131nda te\u015fekk\u00fcrlerini sunarak \u201cBurada \u00f6nemli olan iyi niyetle bir yerleri y\u00f6netmeye \u00e7al\u0131\u015fmak. \u0130yi niyetle ve m\u00fctevazi bir \u015fekilde ikinci d\u00f6nemimi yapmay\u0131 planl\u0131yorum ama buradan sonraki amac\u0131m ivmenin daha da artmas\u0131 \u00e7\u00fcnk\u00fc dedi\u011fim gibi ilk 4 y\u0131lda biz bu \u00fcniversiteyi anlad\u0131k art\u0131k bundan sonra hepimizin yapaca\u011f\u0131 \u015fey, bor\u00e7lu oldu\u011fumuz \u015fey bu \u00fcniversiteye, \u00fclkeye son g\u00fcc\u00fcm\u00fczle en iyi niyetlerle hizmet etmek.\u201d dedi.<\/p>\n\n\n\n<p>Rekt\u00f6r \u00d6zkan\u2019\u0131n konu\u015fmas\u0131n\u0131n ard\u0131ndan rekt\u00f6r yard\u0131mc\u0131lar\u0131 ve dekanlar iyi niyet dileklerini belirterek \u00e7al\u0131\u015fmalar\u0131nda ba\u015far\u0131lar dilediler.<\/p>\n\n\n\n<p>D\u00d6RT YILLIK G\u00d6REV S\u00dcRES\u0130N\u0130 DE\u011eERLEND\u0130RD\u0130<\/p>\n\n\n\n<p>Rekt\u00f6r \u00d6zkan, ziyaretlerin ard\u0131ndan d\u00f6rt y\u0131ll\u0131k g\u00f6rev s\u0131ras\u0131n\u0131 ve gelecekte ger\u00e7ekle\u015ftirece\u011fi hedefleri aktard\u0131.<\/p>\n\n\n\n<p>Rekt\u00f6r \u00d6zkan, \u201cCumhurba\u015fkan\u0131m\u0131z\u0131n tensipleriyle ikinci kez atand\u0131m. \u00c7ok te\u015fekk\u00fcr ediyorum. Cumhurba\u015fkan\u0131m\u0131za ger\u00e7ekten bize g\u00fcvendi ve ikinci kez 4 y\u0131ll\u0131k bir d\u00f6nem i\u00e7in bu kadar g\u00fczel bir kurumu teslim etti bize. Benim de bundan sonraki amac\u0131m daha \u00e7ok \u00e7al\u0131\u015f\u0131p daha da yukar\u0131lara \u00e7\u0131karmak Akdeniz \u00dcniversitesi\u2019ni. T\u00fcrkiye\u2019nin bayra\u011f\u0131n\u0131 daha y\u00fcksek dalgaland\u0131rmak. D\u00f6rt y\u0131lda \u00e7ok \u015fey ba\u015farmaya \u00e7al\u0131\u015ft\u0131klar\u0131n\u0131 s\u00f6yleyen Rekt\u00f6r \u00d6zkan, \u201cBiraz maraton ko\u015fusu gibi oldu ancak tabi daha devam edecek. \u00c7ok hedefimiz vard\u0131 bir k\u0131sm\u0131na ula\u015ft\u0131k. H\u00e2l\u00e2 b\u00fcy\u00fck hedeflerimiz var. Biz hep \u00e7\u0131tay\u0131 yukar\u0131lara hedefliyoruz ki hani ondan daha da y\u00fcksek atlayal\u0131m \u015feklinde. Ger\u00e7ek\u00e7i ve b\u00fcy\u00fck hedeflerimizi in\u015fallah ger\u00e7ekle\u015ftirmek i\u00e7in ekibimizle daha \u00e7ok \u00e7al\u0131\u015fmaya motivasyonumuz oldu. Bu atamayla beraber.\u201d \u015feklinde konu\u015ftu.<\/p>\n\n\n\n<p>Rekt\u00f6r \u00d6zkan, \u201cG\u00f6reve geldi\u011fimizde akreditasyon s\u00fcreci vard\u0131 ve T\u00fcrkiye\u2019de bu ilkte ve akreditasyonu tam olarak alan 6 \u00fcniversiteden bir tanesi olduk. Biz eski bir \u00fcniversiteyiz, b\u00fcy\u00fck bir \u00fcniversiteyiz. Bu anlamda bunu ba\u015farmak \u00e7ok da kolay de\u011fil. Her fak\u00fcltemiz var. Her fak\u00fcltede bunu almak b\u00fct\u00fcn \u00fcniversite olarak hakikaten \u00e7ok kolay bir i\u015f de\u011fil. \u00c7\u00fcnk\u00fc akreditasyon demek sizin diploman\u0131z\u0131n ge\u00e7erli olmas\u0131 demek yurt d\u0131\u015f\u0131nda da. Bu anlamda \u00e7ok b\u00fcy\u00fck bir i\u015fti bence bu.\u201d ifadelerini kulland\u0131.<\/p>\n\n\n\n<p>A\u015eILARLA \u0130LG\u0130L\u0130 EL\u0130M\u0130ZDE S\u0130LAHLARIN OLMASI GEREK\u0130YOR<\/p>\n\n\n\n<p>D\u00fcnya genelinde bir\u00e7ok salg\u0131n hastal\u0131\u011f\u0131n oldu\u011funu s\u00f6yleyen Rekt\u00f6r \u00d6zkan, \u201cBilim vadisini planlad\u0131k. A\u015f\u0131larla ilgili hemen elimizin alt\u0131nda silahlar\u0131m\u0131z\u0131n olmas\u0131, biyolojik silahlar\u0131m\u0131z\u0131n olmas\u0131 \u00e7ok k\u0131ymetli ve yapay organ d\u00fcnya oraya do\u011fru gidiyor ki ben bir t\u0131p doktoruyum. Bu anlamda benim de \u00e7al\u0131\u015fabilece\u011fim alanlar bunlar \u00e7al\u0131\u015ft\u0131\u011f\u0131m alanlar. Bu laboratuvar\u0131n \u00e7ok g\u00fczel \u015feyler yapmas\u0131n\u0131 planl\u0131yoruz. Onu hayata ge\u00e7irdik. \u00c7ok k\u0131sa bir zamanda da a\u00e7aca\u011f\u0131z in\u015fallah ki orada bir ila\u00e7 geli\u015ftirmi\u015ftik zaten.\u201d dedi.<\/p>\n\n\n\n<p>HASTENE BORCU B\u0130TT\u0130, OTOPARK KAZANDIRDIK<\/p>\n\n\n\n<p>Rekt\u00f6r \u00d6zkan, \u201cHastanenin \u00e7ok ciddi bir otopark sorunu vard\u0131 \u00fcniversitenin. \u0130nsanlar arabalar\u0131n\u0131 koyacak yer bulam\u0131yorlard\u0131. Ge\u00e7 kal\u0131yorlard\u0131 muayenelerine. Bu anlamda bin 800 ara\u00e7l\u0131k bir otopark. B\u00fcy\u00fck\u015fehir Belediyesi ile beraber ortak yapt\u0131\u011f\u0131m\u0131z bir otopark\u0131 hayata ge\u00e7irdik. Bu da \u00e7ok ciddi bir nefes oldu hastane i\u00e7in.\u201d dedi.<\/p>\n\n\n\n<p>Rekt\u00f6r \u00d6zkan, \u201cHastanenin \u00e7ok ciddi bir borcu vard\u0131. Hastanenin 4 milyar TL gibi bir borcu yanl\u0131\u015f hat\u0131rlam\u0131yorsam bu zaman\u0131n paras\u0131yla onlar\u0131 s\u0131f\u0131rlad\u0131k. \u015eu anda hi\u00e7bir \u015fekilde hi\u00e7bir firmaya borcumuz yok. Borcunuzun olmamas\u0131 demek daha g\u00fc\u00e7l\u00fc olman\u0131z anlam\u0131na geliyor. Kaliteli \u00fcr\u00fcn\u00fc daha ucuza almak demek ve bir \u015fekilde \u00fcr\u00fcne ula\u015fman\u0131z demek malzemeye. \u00c7\u00fcnk\u00fc borcunuz oldu\u011funuzda size malzeme satm\u0131yor yeri geliyor firmalar. Onu ba\u015fard\u0131k. \u015eu an borcumuz yok.\u201d dedi.<\/p>\n\n\n\n<p>Rekt\u00f6r \u00d6zkan, \u201cSa\u011fl\u0131k turizmini \u00e7ok ciddi oranda y\u00fckselttik, daha da b\u00fcy\u00fck hedeflerimiz var sa\u011fl\u0131k turizmiyle ilgili. Bunun d\u0131\u015f\u0131nda e\u011fitime \u00e7ok ciddi katk\u0131lar sa\u011flad\u0131k. T\u0131p e\u011fitimini, ziraat e\u011fitimini, turizm e\u011fitiminde farkl\u0131l\u0131klar yaratt\u0131k, i\u015fte staj e\u011fitimleri kondu. Ters-y\u00fcz e\u011fitimler kondu, TUS s\u0131navlar\u0131 kondu. Bunlar da farkl\u0131 bak\u0131\u015f a\u00e7\u0131s\u0131yd\u0131, daha da geli\u015ftirece\u011fiz bunlar\u0131 da.\u201d dedi.<\/p>\n\n\n\n<p>Rekt\u00f6r \u00d6zkan, \u201cBir otel in\u015fas\u0131 yap\u0131ld\u0131. Yine bu d\u00f6nemde Akdeniz \u00dcniversitesi\u2019nin \u00e7ok al\u0131\u015f\u0131k olmad\u0131\u011f\u0131 bir \u015fey de oldu asl\u0131na bakarsan\u0131z. Antalya&#8217;da biraz daha yak\u0131n ili\u015fkiler kurduk. Antalya&#8217;n\u0131n hay\u0131rseverleri, i\u015f adamlar\u0131 halk\u0131yla STK\u2019lar\u0131 ile beraber onlarla, bir tane ba\u011f\u0131\u015f\u00e7\u0131m\u0131zla bir otel yapt\u0131k beraber onun ba\u011f\u0131\u015f\u0131yla.\u201d dedi.<\/p>\n\n\n\n<p>GES PROJES\u0130<\/p>\n\n\n\n<p>Rekt\u00f6r \u00d6zkan, \u201cGES projemiz var. 50 megavatl\u0131k. Uzun zamandan beri \u00fczerine \u00e7al\u0131\u015f\u0131yoruz ama \u00e7ok b\u00fcy\u00fck bir proje oldu\u011fu i\u00e7in in\u015fallah 50 megavatl\u0131k \u015feyde de ihaleye \u00e7\u0131kaca\u011f\u0131z yak\u0131nda. O da \u00e7ok heyecanland\u0131r\u0131yor beni ye\u015fil \u00fcniversite olmak ad\u0131na b\u00fcy\u00fck bir ad\u0131m atm\u0131\u015f olaca\u011f\u0131z.\u201d dedi.<\/p>\n\n\n\n<p>SIRALAMADA Y\u00dcKSELD\u0130K<\/p>\n\n\n\n<p>Rekt\u00f6r \u00d6zkan, \u201cAtama y\u00fckseltme kriterlerini y\u00fckselterek \u00fcniversitenin s\u0131ralamalar\u0131nda 1600 s\u0131ralardan 1006 kadar y\u00fckselttik. Bu inan\u0131lmaz b\u00fcy\u00fck bir ba\u015far\u0131 asl\u0131nda bu \u00e7ok sanki sadece rakamm\u0131\u015f gibi geliyor insana ama bir\u00e7ok insan\u0131n, bir \u00fcr\u00fcn ortaya koyup onun sonucunu g\u00f6rmesi \u00e7ok uzun bir zaman al\u0131yor asl\u0131na bakarsan\u0131z ama \u00e7ok k\u0131sa zamanda yapt\u0131k biz. \u00dcniversite s\u0131ralamalar\u0131n\u0131 artt\u0131rd\u0131k. Bundan sonraki hedefimiz daha da yukar\u0131lara \u00e7\u0131kmak.\u201d dedi.<\/p>\n\n\n\n<p>\u00c7OK \u00c7ALI\u015eMAMIZ GEREK\u0130YOR<\/p>\n\n\n\n<p>Rekt\u00f6r \u00d6zkan, \u201cY\u00d6K baz\u0131 \u00fcniversiteleri ara\u015ft\u0131rma \u00fcniversiteleri yapt\u0131, bir\u00e7ok avantaj\u0131 var bunun biz ara\u015ft\u0131rma \u00fcniversitesi aday\u0131 olduk. 2 y\u0131l i\u00e7inde de ara\u015ft\u0131rma \u00fcniversitesi olmay\u0131 hedefliyoruz. \u00c7ok da yak\u0131n\u0131z bunu biliyorum. \u00c7\u00fcnk\u00fc \u00e7ok yak\u0131ndan kriterleri takip ediyoruz. Bu \u00e7ok ciddi bir kazan\u0131m olacak \u00fcniversiteye. Bunlarda \u00e7ok daha ileriye g\u00f6t\u00fcrecek Akdeniz \u00dcniversitesi\u2019ni. Akdeniz \u00dcniversitesi \u00e7ok g\u00fczel b\u00fcy\u00fck bir \u00fcniversite ancak \u00e7ok \u00e7al\u0131\u015fmam\u0131z gerekiyor elbette.\u201d dedi.<\/p>\n\n\n\n<p>ULUSLARARASILA\u015eMA HEDEF\u0130M\u0130Z<\/p>\n\n\n\n<p>Rekt\u00f6r \u00d6zkan, \u201cUluslararas\u0131la\u015fma, uluslararas\u0131la\u015ft\u0131\u011f\u0131n\u0131z zamanda tabi kaliteniz art\u0131yor, g\u00f6r\u00fcn\u00fcrl\u00fc\u011f\u00fcn\u00fcz art\u0131yor. S\u0131ralamalar\u0131n\u0131z y\u00fckseliyorsun, s\u0131ralamalarda say\u0131lar \u00e7ok y\u00fckseliyor, tercih edilebilirli\u011finiz art\u0131yor hem \u00f6\u011fretim \u00fcyesi hem \u00f6\u011frenci anlam\u0131nda bu anlamda da en b\u00fcy\u00fck ikinci hedefimde Akdeniz \u00dcniversitesi\u2019ni uluslararas\u0131 bir marka haline getirmek daha b\u00fcy\u00fck daha g\u00fczel bir marka haline getirmek.\u201d dedi.<\/p>\n\n\n\n<p>Konu\u015fman\u0131n ard\u0131ndan toplu foto\u011fraf \u00e7ekimi ger\u00e7ekle\u015ftirildi.<\/p>\n\n\n\n<p>Akdeniz \u00dcniversitesi Rekt\u00f6rl\u00fc\u011f\u00fc \/ B\u00fclten<\/p>\n","protected":false},"excerpt":{"rendered":"<p>G\u00f6rev yapt\u0131\u011f\u0131 d\u00f6rt y\u0131l boyunca ortaya koydu\u011fu vizyonu, hayata ge\u00e7irdi\u011fi projeleri ile \u00fcniversiteyi \u00f6nemli bir noktaya ta\u015f\u0131yan Akdeniz \u00dcniversitesi Rekt\u00f6r\u00fc Prof. Dr. \u00d6zlenen \u00d6zkan, rekt\u00f6rl\u00fck <a href=\"https:\/\/akdenizhaber.com.tr\/index.php\/2024\/08\/19\/ozkan-yeni-donemde-daha-fazla-calisacagiz\/\" class=\"read-more-link\">[more&#8230;]<\/a><\/p>\n","protected":false},"author":2,"featured_media":25546,"comment_status":"open","ping_status":"open","sticky":false,"template":"","format":"standard","meta":{"footnotes":""},"categories":[2],"tags":[],"class_list":["post-25545","post","type-post","status-publish","format-standard","has-post-thumbnail","hentry","category-gundem"],"_links":{"self":[{"href":"https:\/\/akdenizhaber.com.tr\/index.php\/wp-json\/wp\/v2\/posts\/25545","targetHints":{"allow":["GET"]}}],"collection":[{"href":"https:\/\/akdenizhaber.com.tr\/index.php\/wp-json\/wp\/v2\/posts"}],"about":[{"href":"https:\/\/akdenizhaber.com.tr\/index.php\/wp-json\/wp\/v2\/types\/post"}],"author":[{"embeddable":true,"href":"https:\/\/akdenizhaber.com.tr\/index.php\/wp-json\/wp\/v2\/users\/2"}],"replies":[{"embeddable":true,"href":"https:\/\/akdenizhaber.com.tr\/index.php\/wp-json\/wp\/v2\/comments?post=25545"}],"version-history":[{"count":1,"href":"https:\/\/akdenizhaber.com.tr\/index.php\/wp-json\/wp\/v2\/posts\/25545\/revisions"}],"predecessor-version":[{"id":25547,"href":"https:\/\/akdenizhaber.com.tr\/index.php\/wp-json\/wp\/v2\/posts\/25545\/revisions\/25547"}],"wp:featuredmedia":[{"embeddable":true,"href":"https:\/\/akdenizhaber.com.tr\/index.php\/wp-json\/wp\/v2\/media\/25546"}],"wp:attachment":[{"href":"https:\/\/akdenizhaber.com.tr\/index.php\/wp-json\/wp\/v2\/media?parent=25545"}],"wp:term":[{"taxonomy":"category","embeddable":true,"href":"https:\/\/akdenizhaber.com.tr\/index.php\/wp-json\/wp\/v2\/categories?post=25545"},{"taxonomy":"post_tag","embeddable":true,"href":"https:\/\/akdenizhaber.com.tr\/index.php\/wp-json\/wp\/v2\/tags?post=25545"}],"curies":[{"name":"wp","href":"https:\/\/api.w.org\/{rel}","templated":true}]}}