{"id":25525,"date":"2024-08-19T15:14:54","date_gmt":"2024-08-19T12:14:54","guid":{"rendered":"https:\/\/akdenizhaber.com.tr\/?p=25525"},"modified":"2024-08-19T15:14:56","modified_gmt":"2024-08-19T12:14:56","slug":"bocek-kasin-50-yillik-su-sorununu-cozecegiz","status":"publish","type":"post","link":"https:\/\/akdenizhaber.com.tr\/index.php\/2024\/08\/19\/bocek-kasin-50-yillik-su-sorununu-cozecegiz\/","title":{"rendered":"B\u00f6cek, \u2018Ka\u015f\u2019\u0131n 50 y\u0131ll\u0131k su sorununu \u00e7\u00f6zece\u011fiz\u2019"},"content":{"rendered":"\n<p><strong>B\u00fcy\u00fck\u015fehir Belediye Ba\u015fkan\u0131 Muhittin B\u00f6cek, Antalya\u2019n\u0131n muhte\u015fem il\u00e7esi <\/strong>Ka\u015f\u2019\u0131n yaylas\u0131 G\u00f6mbe\u2019de muhtarlarla bir araya geldi. Ka\u015f b\u00f6lgesine yap\u0131lan ve yapacaklar\u0131 hizmetleri anlatan, Ba\u015fkan B\u00f6cek, 1 milyar 284 milyon TL\u2019ye mal olacak proje ile b\u00f6lgenin 50 y\u0131ll\u0131k su probleminin \u00e7\u00f6z\u00fclm\u00fc\u015f olaca\u011f\u0131n\u0131 ifade etti.<\/p>\n\n\n\n<p>Ka\u015f G\u00f6mbe Yayla \u015eenlikleri\u2019ne kat\u0131lmak \u00fczere il\u00e7eye giden Antalya B\u00fcy\u00fck\u015fehir Belediye Ba\u015fkan\u0131 Muhittin B\u00f6cek, G\u00f6mbe Mahallesi\u2019nde Ka\u015f Belediyesi Sosyal Tesisleri\u2019nde muhtarlar bulu\u015fmas\u0131na kat\u0131ld\u0131. Ka\u015f Belediye Ba\u015fkan\u0131 Erol Demirhan, Demre Belediye Ba\u015fkan\u0131 Fahri Duran, Ka\u015f CHP \u0130l\u00e7e Ba\u015fkan\u0131 Mehmet Vural Ar\u0131kan, muhtarlar ve sivil toplum kurulu\u015flar\u0131n\u0131n temsilcileri kat\u0131ld\u0131. Dan\u0131\u015fmanlar, Meclis \u00dcyeleri, Daire Ba\u015fkanlar\u0131 ve b\u00fcrokratlar\u0131n da kat\u0131ld\u0131\u011f\u0131 toplant\u0131da 53 muhtarda haz\u0131r bulundu. Ba\u015fkan B\u00f6cek, sorun, \u00f6neri ve talepleri dinledi.<\/p>\n\n\n\n<p>EMR\u0130N\u0130ZDE OLMAYA DEVAM EDECE\u011e\u0130Z<\/p>\n\n\n\n<p>2019 y\u0131l\u0131nda Gazipa\u015fa\u2019dan Ka\u015f\u2019a kadar gece g\u00fcnd\u00fcz demeden t\u00fcm ekibiyle birlikte ve 913 mahallede hizmet verdi\u011fini hat\u0131rlatan Ba\u015fkan B\u00f6cek, \u201cCovid, b\u00fcy\u00fck Manavgat yang\u0131n\u0131, deprem, sel, afet derken bir\u00e7ok olumsuzluk oldu. Hi\u00e7bir bahaneye s\u0131\u011f\u0131nmadan kimseyi siyasi g\u00f6r\u00fc\u015f\u00fcnden dolay\u0131 \u00f6tekile\u015ftirmeden \u00e7al\u0131\u015fmalar yapt\u0131k. 30 b\u00fcy\u00fck\u015fehir belediyesi i\u00e7erisinde ilk s\u0131rada, 3 bin 311 km yer alt\u0131na su hatt\u0131 d\u00f6\u015fedik. 2 bin 656 km da\u011flara ta\u015flara yol yapt\u0131k. Buradan Ankara\u2019ya kadar, 514 km kanalizasyon yapt\u0131k. Halk\u0131m\u0131z bizim daha \u00e7ok \u00e7al\u0131\u015faca\u011f\u0131m\u0131za, daha g\u00fczel i\u015fler yapaca\u011f\u0131m\u0131za inand\u0131\u011f\u0131 i\u00e7in bizleri se\u00e7ti. &nbsp;B\u00fct\u00fcn vatanda\u015flar\u0131m\u0131z\u0131n emrinde olaca\u011f\u0131m\u0131z\u0131 s\u00f6yledik yine s\u00f6yl\u00fcyoruz\u201d dedi.<\/p>\n\n\n\n<p>H\u0130\u00c7 B\u0130R KURUM KURULU\u015eA BORCUM YOKTUR<\/p>\n\n\n\n<p>\u00d6nceki 5 y\u0131ll\u0131k d\u00f6neminde T\u00fcrkiye\u2019ye \u00f6rnek olan hizmetler ger\u00e7ekle\u015ftirdiklerini anlatan Ba\u015fkan B\u00f6cek, \u201cBizlere tasarruf genelgesi g\u00f6nderdiler. SGK bor\u00e7lar\u0131n\u0131 \u00f6desin Cumhuriyet Halk Partili belediyeler dediler. Allah\u2019\u0131ma \u015f\u00fck\u00fcrler olsun ki hi\u00e7bir kurum kurulu\u015fa g\u00fcn\u00fc ge\u00e7mi\u015f borcum yoktur. Ve bundan sonrada yine belediyemizi bir aile olarak, evimizi nas\u0131l ge\u00e7indiriyorsak, \u00e7almadan, \u00e7ald\u0131rmadan \u015feffaf bir \u015fekilde hizmet etmeye devam edece\u011fiz\u201d dedi.<\/p>\n\n\n\n<p>KRE\u015e SAYIMIZI 50 YAPACA\u011eIZ<\/p>\n\n\n\n<p>B\u00fcy\u00fck\u015fehir Belediyesi\u2019nin dana \u00f6nce 1 kre\u015fi oldu\u011funu g\u00f6reve geldikten sonra kre\u015f say\u0131s\u0131n\u0131 15\u2019e \u00e7\u0131kard\u0131\u011f\u0131n\u0131 hat\u0131rlatan Ba\u015fkan B\u00f6cek,&nbsp; \u201c\u015eimdi bu d\u00f6nem i\u00e7erisinde kre\u015f say\u0131m\u0131z\u0131 50\u2019ye \u00e7\u0131karaca\u011f\u0131z. Halk\u0131m\u0131za s\u00f6z verdik. \u015eimdi bize tasarruf genelgesi getirdiler. Bizim kre\u015f yapmam\u0131z\u0131 bile engelliyorlar. Ama biz \u015fimdiye kadar Allah\u2019tan ba\u015fka hi\u00e7bir \u015feyden ne korktuk ne \u00e7ekindik. Tabi ki genelgelere ba\u011fl\u0131 kalaca\u011f\u0131z mevzuatlara uyaca\u011f\u0131z. Ama \u00e7al\u0131\u015fmalar\u0131m\u0131za da devam edece\u011fiz\u201d dedi.<\/p>\n\n\n\n<p>ASAT \u00c7ALI\u015eMALARINI ANLATTI<\/p>\n\n\n\n<p>Ka\u015f b\u00f6lgesinde ASAT Genel M\u00fcd\u00fcrl\u00fc\u011f\u00fc taraf\u0131ndan yap\u0131m\u0131 devam eden ve yap\u0131m\u0131na ba\u015flanacak \u00e7al\u0131\u015fmalar hakk\u0131nda da bilgi veren Ba\u015fkan Muhittin B\u00f6cek, \u201cASAT Genel M\u00fcd\u00fcrl\u00fc\u011f\u00fc olarak ge\u00e7ti\u011fimiz 5 y\u0131l i\u00e7inde Ka\u015f b\u00f6lgesinde i\u00e7me suyu yat\u0131r\u0131mlar\u0131 olarak 171 km i\u00e7me suyu hatt\u0131 d\u00f6\u015fedik. Vatanda\u015flar\u0131m\u0131za su hizmeti sa\u011flad\u0131\u011f\u0131m\u0131z i\u00e7me suyu depolar\u0131n\u0131 daha da sa\u011fl\u0131kl\u0131 hale getirebilmek i\u00e7in gerekli revizyonlar\u0131 yapt\u0131k. Bu anlamda da 61 adet depomuzun revizyonunu yaparak daha sa\u011fl\u0131kl\u0131 bir i\u00e7me suyu hizmeti sunmaya ba\u015flad\u0131k. \u0130htiya\u00e7 olan b\u00f6lgelerde 9 adet i\u00e7me suyu depomuzu da yaparak tamamlad\u0131k. Kanalizasyon ve ya\u011fmur suyu anlam\u0131nda 11 km bir hat yapt\u0131k. Yine at\u0131k su ar\u0131tma tesislerimiz i\u00e7in gerekli olan mekanik revizyonlar\u0131n hepsini yapt\u0131k ve bu i\u015fler i\u00e7in toplamda 292 milyon TL bir yat\u0131r\u0131m ger\u00e7ekle\u015ftirdik\u201d dedi.<\/p>\n\n\n\n<p>HAYATA GE\u00c7\u0130R\u0130LECEK \u00c7ALI\u015eMALAR<\/p>\n\n\n\n<p>Ka\u015f b\u00f6lgesine daha sa\u011fl\u0131kl\u0131 hizmet sunabilmek ad\u0131na hayata ge\u00e7irilecek \u00e7al\u0131\u015fmalar hakk\u0131nda da bilgi veren Ba\u015fkan B\u00f6cek \u015funlar\u0131 s\u00f6yledi: \u201cB\u00f6lgenin haritas\u0131n\u0131 g\u00f6z \u00f6n\u00fcne ald\u0131\u011f\u0131m\u0131zda K\u0131n\u0131k\u2019tan Ka\u015f merkeze kadar deniz k\u0131y\u0131s\u0131ndaki b\u00f6l\u00fcmde i\u00e7me suyu s\u0131k\u0131nt\u0131lar\u0131 ba\u015flam\u0131\u015ft\u0131. Ka\u015f i\u00e7in tarih say\u0131labilecek \u00c7ayk\u00f6y\u2019den Kalkan\u2019a i\u00e7me suyu temin projesini hayata ge\u00e7irece\u011fiz. Eyl\u00fcl ay\u0131nda bu ihalemizi ger\u00e7ekle\u015ftirece\u011fiz. 16 mahallemizin i\u00e7me suyu problemi 50 y\u0131l boyunca \u00e7\u00f6z\u00fclm\u00fc\u015f olacak. \u00c7ayk\u00f6y\u2019den 6 adet i\u00e7me suyu kuyumuzla Kalkan\u2019da 6 metre kotundan 310 metre kotuna terfi ile su basaca\u011f\u0131z ve buradan Kalkan Mahallesi ba\u015fta olmak \u00fczere Andifli, Bay\u0131nd\u0131r, Belenli, Bezirgan, G\u00f6k\u00e7e\u00f6ren, \u0130slamlar Mahallesi ve Kalkan olmak \u00fczere bu mahallelerimiz do\u011frudan bu projeden yararlanacak. Yine Sakl\u0131kent hatt\u0131 bu projeden sonra daha da rahatlayaca\u011f\u0131 i\u00e7in Ka\u015f merkeze do\u011fru A\u011fullu, \u00c7ukurba\u011f, Dirgenler, Hac\u0131o\u011flan, Kasaba, P\u0131narba\u015f\u0131, Sar\u0131belen, U\u011frar ve Yenik\u00f6y Mahalleleri bu projeden yararlanacak.\u201d<\/p>\n\n\n\n<p>50 YILLIK SU SORUNU \u00c7\u00d6Z\u00dcLECEK<\/p>\n\n\n\n<p>Ba\u015fkan B\u00f6cek 1 milyar 284 milyon TL\u2019ye mal olacak proje ile b\u00f6lgenin 50 y\u0131ll\u0131k su probleminin \u00e7\u00f6z\u00fclm\u00fc\u015f olaca\u011f\u0131n\u0131 ifade etti. Yine bu proje kapsam\u0131nda K\u0131n\u0131k Ova\u2019da ki mevcut asbestli borular\u0131n 8,5 km\u2019sinde d\u00fcktil boruyla de\u011fi\u015fimini yap\u0131lacak. Kalkan b\u00f6lgesindeki 3 adet i\u00e7me suyu deposunun mekanik ve in\u015fai revizyonunu yap\u0131larak SCADA sistemleri kurulacak ve Sakl\u0131kent hatt\u0131ndan beslenen b\u00fct\u00fcn i\u00e7me suyu depolar\u0131n\u0131n online izlemesini yap\u0131larak uzaktan takibi ger\u00e7ekle\u015ftirilecek.<\/p>\n\n\n\n<p>Antalya B\u00fcy\u00fck\u015fehir Belediyesi \/ B\u00fclten<\/p>\n","protected":false},"excerpt":{"rendered":"<p>B\u00fcy\u00fck\u015fehir Belediye Ba\u015fkan\u0131 Muhittin B\u00f6cek, Antalya\u2019n\u0131n muhte\u015fem il\u00e7esi Ka\u015f\u2019\u0131n yaylas\u0131 G\u00f6mbe\u2019de muhtarlarla bir araya geldi. Ka\u015f b\u00f6lgesine yap\u0131lan ve yapacaklar\u0131 hizmetleri anlatan, Ba\u015fkan B\u00f6cek, 1 <a href=\"https:\/\/akdenizhaber.com.tr\/index.php\/2024\/08\/19\/bocek-kasin-50-yillik-su-sorununu-cozecegiz\/\" class=\"read-more-link\">[more&#8230;]<\/a><\/p>\n","protected":false},"author":2,"featured_media":25526,"comment_status":"open","ping_status":"open","sticky":false,"template":"","format":"standard","meta":{"footnotes":""},"categories":[2],"tags":[],"class_list":["post-25525","post","type-post","status-publish","format-standard","has-post-thumbnail","hentry","category-gundem"],"_links":{"self":[{"href":"https:\/\/akdenizhaber.com.tr\/index.php\/wp-json\/wp\/v2\/posts\/25525","targetHints":{"allow":["GET"]}}],"collection":[{"href":"https:\/\/akdenizhaber.com.tr\/index.php\/wp-json\/wp\/v2\/posts"}],"about":[{"href":"https:\/\/akdenizhaber.com.tr\/index.php\/wp-json\/wp\/v2\/types\/post"}],"author":[{"embeddable":true,"href":"https:\/\/akdenizhaber.com.tr\/index.php\/wp-json\/wp\/v2\/users\/2"}],"replies":[{"embeddable":true,"href":"https:\/\/akdenizhaber.com.tr\/index.php\/wp-json\/wp\/v2\/comments?post=25525"}],"version-history":[{"count":1,"href":"https:\/\/akdenizhaber.com.tr\/index.php\/wp-json\/wp\/v2\/posts\/25525\/revisions"}],"predecessor-version":[{"id":25527,"href":"https:\/\/akdenizhaber.com.tr\/index.php\/wp-json\/wp\/v2\/posts\/25525\/revisions\/25527"}],"wp:featuredmedia":[{"embeddable":true,"href":"https:\/\/akdenizhaber.com.tr\/index.php\/wp-json\/wp\/v2\/media\/25526"}],"wp:attachment":[{"href":"https:\/\/akdenizhaber.com.tr\/index.php\/wp-json\/wp\/v2\/media?parent=25525"}],"wp:term":[{"taxonomy":"category","embeddable":true,"href":"https:\/\/akdenizhaber.com.tr\/index.php\/wp-json\/wp\/v2\/categories?post=25525"},{"taxonomy":"post_tag","embeddable":true,"href":"https:\/\/akdenizhaber.com.tr\/index.php\/wp-json\/wp\/v2\/tags?post=25525"}],"curies":[{"name":"wp","href":"https:\/\/api.w.org\/{rel}","templated":true}]}}