{"id":25493,"date":"2024-08-15T15:49:42","date_gmt":"2024-08-15T12:49:42","guid":{"rendered":"https:\/\/akdenizhaber.com.tr\/?p=25493"},"modified":"2024-08-15T15:49:42","modified_gmt":"2024-08-15T12:49:42","slug":"genclik-stratejileri-toplantisi-tamamlandi","status":"publish","type":"post","link":"https:\/\/akdenizhaber.com.tr\/index.php\/2024\/08\/15\/genclik-stratejileri-toplantisi-tamamlandi\/","title":{"rendered":"Gen\u00e7lik Stratejileri Toplant\u0131s\u0131 tamamland\u0131"},"content":{"rendered":"\n<p>Antalya B\u00fcy\u00fck\u015fehir Belediyesi, belediyelerin 5 y\u0131ll\u0131k planlar\u0131 olan Stratejik Planlar\u0131na, gen\u00e7lik bak\u0131\u015f a\u00e7\u0131s\u0131n\u0131 yans\u0131tmak, fikrini almak ve kat\u0131l\u0131mc\u0131l\u0131\u011f\u0131n\u0131 artt\u0131rmak ad\u0131na, Gen\u00e7lik Stratejileri toplant\u0131s\u0131 d\u00fczenledi. Toplant\u0131da, gen\u00e7lerin kayg\u0131lar\u0131, beklentileri, gelecekle ilgili sorunlar\u0131 ve \u00e7\u00f6z\u00fcm \u00f6nerileri dinlendi.<\/p>\n\n\n\n<p>Antalya B\u00fcy\u00fck\u015fehir Belediye Ba\u015fkan\u0131 Muhittin B\u00f6cek\u2019in \u201cBu \u015fehri gen\u00e7lerle birlikte y\u00f6netece\u011fiz\u201d s\u00f6z\u00fc do\u011frultusunda, y\u00f6netimde gen\u00e7lerin de s\u00f6z ve fikirlerinin dinlenmesi, bak\u0131\u015f a\u00e7\u0131lar\u0131n\u0131n yans\u0131t\u0131lmas\u0131 ve kat\u0131l\u0131mc\u0131l\u0131\u011f\u0131n\u0131n artt\u0131r\u0131lmas\u0131 amac\u0131yla, B\u00fcy\u00fck\u015fehir Belediyesi Gen\u00e7lik ve Spor Hizmetleri Dairesi Ba\u015fkanl\u0131\u011f\u0131 taraf\u0131ndan \u201cGen\u00e7lik Stratejileri Toplant\u0131s\u0131\u201d d\u00fczenlendi. Antalya B\u00fcy\u00fck\u015fehir Belediyesi Gen\u00e7lik Kamp\u0131 ve E\u011fitim Merkezi&#8217;nde d\u00fczenlenen toplant\u0131ya, Antalya B\u00fcy\u00fck\u015fehir Belediyesi Ba\u015fkan Dan\u0131\u015fman\u0131 Ay\u015feg\u00fcl \u015eahin Pencik, Gen\u00e7lik ve Spor Hizmetleri Dairesi Ba\u015fkan\u0131 Nurettin Tongu\u00e7, D\u0131\u015f \u0130li\u015fkiler Dairesi Ba\u015fkan\u0131 Zeynep Tu\u011f\u00e7e \u00c7ift\u00e7iba\u015f\u0131 G\u00fc\u00e7, Gen\u00e7lik \u00d6rg\u00fctleri Forumu (GoFor) Genel Koordinat\u00f6r\u00fc Hasan O\u011fuzhan Ayta\u00e7, gen\u00e7lik dernekleri, kamu kurumu temsilcileri, \u00fcniversite temsilcileri ve ba\u011f\u0131ms\u0131z gen\u00e7ler kat\u0131l\u0131m sa\u011flad\u0131.<\/p>\n\n\n\n<p>FARKLI ALANLARDA \u00c7\u00d6Z\u00dcM ARANDI<\/p>\n\n\n\n<p>Gen\u00e7ler toplant\u0131da \u00f6n\u00fcm\u00fczdeki 5 y\u0131ll\u0131k s\u00fcre\u00e7te, \u00f6zellikle kendilerine y\u00f6nelik olarak yap\u0131lmas\u0131n\u0131 istedikleri projeleri dile getirdi. Projelerin yap\u0131labilirli\u011fi, art\u0131lar\u0131, eksileri ve \u00e7\u00f6z\u00fcm \u00f6nerilerinin tart\u0131\u015f\u0131ld\u0131\u011f\u0131 toplant\u0131da, bar\u0131nma, k\u00fclt\u00fcr-sosyal, istihdam, kariyer, giri\u015fimcilik, spor, sa\u011fl\u0131kl\u0131 ya\u015fam ve iyi olma hali, e\u011fitim ve kat\u0131l\u0131m gibi alanlarda sorunlar ve stratejik plana eklenebilecek \u00f6neriler konu\u015fuldu. \u00c7\u00f6z\u00fcm \u00f6nerileri, Antalya B\u00fcy\u00fck\u015fehir Belediyesi\u2019nin 5 y\u0131ll\u0131k s\u00fcre\u00e7te olu\u015fturaca\u011f\u0131 stratejik planda \u00f6nemli yer tutacak.<\/p>\n\n\n\n<p>GEN\u00c7LER\u0130N \u00d6NER\u0130LER\u0130 D\u0130NLENECEK<\/p>\n\n\n\n<p>Antalya B\u00fcy\u00fck\u015fehir Belediyesi Ba\u015fkan Dan\u0131\u015fman\u0131 Ay\u015feg\u00fcl \u015eahin Pencik, toplant\u0131 ile ilgili, \u201cT\u00fcm gen\u00e7lerin temsil edildi\u011fi bir ortamday\u0131z. Toplant\u0131da alaca\u011f\u0131m\u0131z kararlar, Antalya B\u00fcy\u00fck\u015fehir Belediyesi\u2019nin \u00f6n\u00fcm\u00fczdeki 5 y\u0131l i\u00e7in haz\u0131rlayaca\u011f\u0131 stratejik planda, gen\u00e7lere nas\u0131l yer verilmesi gerekti\u011fine dair bir y\u00f6nlendirme \u015feklinde olacak. Burada, gen\u00e7lerin kayg\u0131lar\u0131n\u0131, beklentilerini, gelecekle ilgili sorunlar\u0131n\u0131 ve \u00e7\u00f6z\u00fcm \u00f6nerilerini dinliyoruz. Gen\u00e7lerin burada \u00f6nerece\u011fi \u015feyler, bizim stratejik plan\u0131m\u0131z\u0131n bir par\u00e7as\u0131 olacak\u201d dedi.<\/p>\n\n\n\n<p>STRATEJ\u0130K PLAN \u0130\u00c7\u0130N PAYDA\u015e TOPLANTISI<\/p>\n\n\n\n<p>Antalya B\u00fcy\u00fck\u015fehir Belediyesi Gen\u00e7lik ve Spor Hizmetleri Dairesi Ba\u015fkan\u0131 Nurettin Tongu\u00e7 da B\u00fcy\u00fck\u015fehir Belediyesi olarak, gen\u00e7lerle yap\u0131lan \u00e7al\u0131\u015fmalar konusunda, T\u00fcrkiye\u2019de \u00f6nc\u00fc olduklar\u0131n\u0131 s\u00f6yledi. Tongu\u00e7, \u201c\u00d6n\u00fcm\u00fczdeki 5 y\u0131ll\u0131k s\u00fcre\u00e7te neler yapabilece\u011fimizi gen\u00e7lere soruyoruz. Onlar nas\u0131l bir Antalya istiyor, onlar i\u00e7in neler de\u011ferli onlar\u0131 \u00f6\u011frenmeye \u00e7al\u0131\u015f\u0131yoruz. Mart ay\u0131nda da Gen\u00e7lik \u00c7al\u0131\u015ftay\u0131 yapm\u0131\u015ft\u0131k, Ba\u015fkan\u0131m\u0131z Muhittin B\u00f6cek, Gen\u00e7lik Deklarasyonu\u2019nu imzalad\u0131. Bu \u00e7al\u0131\u015ftay\u0131n sonu\u00e7lar\u0131n\u0131 ald\u0131k. \u015eimdi de gen\u00e7lerin \u00f6nerilerini dikkate al\u0131p, stratejik plan\u0131 olu\u015fturaca\u011f\u0131z\u201c diye konu\u015ftu.<\/p>\n\n\n\n<p>SONU\u00c7LAR GEN\u00c7L\u0130K RAPORUNA EKLENECEK<\/p>\n\n\n\n<p>Gen\u00e7lik \u00d6rg\u00fct\u00fc Forumu (GoFor) Program Y\u00f6neticisi Ezgi Gedik de, Gen\u00e7lik \u00d6rg\u00fctleri Forumu\u2019nun, T\u00fcrkiye\u2019deki gen\u00e7lik \u00f6rg\u00fctlerinin \u00e7at\u0131 yap\u0131lanmas\u0131 oldu\u011funu, farkl\u0131 \u015fehirlerdeki 57 gen\u00e7lik \u00f6rg\u00fct\u00fcn\u00fc temsil etti\u011fini s\u00f6yledi. Gedik, \u201cBilindi\u011fi \u00fczere yerel se\u00e7imlerin ard\u0131ndan, yerel y\u00f6netimlerin 5 y\u0131ll\u0131k bir stratejik plan haz\u0131rlamas\u0131 gerekiyor. Biz de GoFor olarak, gen\u00e7lerin bu stratejik planlarda yer almas\u0131 i\u00e7in \u00e7al\u0131\u015fmalar y\u00fcr\u00fct\u00fcyoruz. Antalya B\u00fcy\u00fck\u015fehir Belediyesi de, gen\u00e7lerin \u00f6neri, fikir ve ihtiya\u00e7lar\u0131n\u0131n, bu stratejik plana dahil olmas\u0131 i\u00e7in b\u00f6yle bir toplant\u0131 d\u00fczenledi. Bu, Antalya B\u00fcy\u00fck\u015fehir Belediyesi\u2019yle yapt\u0131\u011f\u0131m\u0131z ilk \u00e7al\u0131\u015fma de\u011fil. Mart ay\u0131nda da bir Gen\u00e7lik \u00c7al\u0131\u015ftay\u0131 d\u00fczenlenmi\u015fti. Olduk\u00e7a kapsaml\u0131 bir programd\u0131. O toplant\u0131n\u0131n raporunu Say\u0131n Muhittin B\u00f6cek\u2019e sunduk. Bug\u00fcn de buradan \u00e7\u0131kan sonu\u00e7lar\u0131, o rapora ekleyece\u011fiz. \u201c diyerek s\u00f6zlerini tamamlad\u0131.<\/p>\n\n\n\n<p>GEN\u00c7LER\u0130N SESLER\u0130N\u0130 DUYURMA FIRSATI<\/p>\n\n\n\n<p>Efem Akdeniz Gen\u00e7lik ve Spor Derne\u011fi Gen\u00e7lik Lideri Elif \u00c7etin, gen\u00e7lerin, fikrini belirtebilmesi i\u00e7in g\u00fczel bir f\u0131rsat yakalad\u0131klar\u0131n\u0131, bu tarz etkinlikler sayesinde, seslerini y\u00f6neticilere duyurabildiklerini s\u00f6yledi.<\/p>\n\n\n\n<p>Antalya B\u00fcy\u00fck\u015fehir Belediyesi \/ B\u00fclten<\/p>\n","protected":false},"excerpt":{"rendered":"<p>Antalya B\u00fcy\u00fck\u015fehir Belediyesi, belediyelerin 5 y\u0131ll\u0131k planlar\u0131 olan Stratejik Planlar\u0131na, gen\u00e7lik bak\u0131\u015f a\u00e7\u0131s\u0131n\u0131 yans\u0131tmak, fikrini almak ve kat\u0131l\u0131mc\u0131l\u0131\u011f\u0131n\u0131 artt\u0131rmak ad\u0131na, Gen\u00e7lik Stratejileri toplant\u0131s\u0131 d\u00fczenledi. Toplant\u0131da, <a href=\"https:\/\/akdenizhaber.com.tr\/index.php\/2024\/08\/15\/genclik-stratejileri-toplantisi-tamamlandi\/\" class=\"read-more-link\">[more&#8230;]<\/a><\/p>\n","protected":false},"author":2,"featured_media":25494,"comment_status":"open","ping_status":"open","sticky":false,"template":"","format":"standard","meta":{"footnotes":""},"categories":[2],"tags":[],"class_list":["post-25493","post","type-post","status-publish","format-standard","has-post-thumbnail","hentry","category-gundem"],"_links":{"self":[{"href":"https:\/\/akdenizhaber.com.tr\/index.php\/wp-json\/wp\/v2\/posts\/25493","targetHints":{"allow":["GET"]}}],"collection":[{"href":"https:\/\/akdenizhaber.com.tr\/index.php\/wp-json\/wp\/v2\/posts"}],"about":[{"href":"https:\/\/akdenizhaber.com.tr\/index.php\/wp-json\/wp\/v2\/types\/post"}],"author":[{"embeddable":true,"href":"https:\/\/akdenizhaber.com.tr\/index.php\/wp-json\/wp\/v2\/users\/2"}],"replies":[{"embeddable":true,"href":"https:\/\/akdenizhaber.com.tr\/index.php\/wp-json\/wp\/v2\/comments?post=25493"}],"version-history":[{"count":1,"href":"https:\/\/akdenizhaber.com.tr\/index.php\/wp-json\/wp\/v2\/posts\/25493\/revisions"}],"predecessor-version":[{"id":25495,"href":"https:\/\/akdenizhaber.com.tr\/index.php\/wp-json\/wp\/v2\/posts\/25493\/revisions\/25495"}],"wp:featuredmedia":[{"embeddable":true,"href":"https:\/\/akdenizhaber.com.tr\/index.php\/wp-json\/wp\/v2\/media\/25494"}],"wp:attachment":[{"href":"https:\/\/akdenizhaber.com.tr\/index.php\/wp-json\/wp\/v2\/media?parent=25493"}],"wp:term":[{"taxonomy":"category","embeddable":true,"href":"https:\/\/akdenizhaber.com.tr\/index.php\/wp-json\/wp\/v2\/categories?post=25493"},{"taxonomy":"post_tag","embeddable":true,"href":"https:\/\/akdenizhaber.com.tr\/index.php\/wp-json\/wp\/v2\/tags?post=25493"}],"curies":[{"name":"wp","href":"https:\/\/api.w.org\/{rel}","templated":true}]}}