{"id":25478,"date":"2024-08-12T16:21:06","date_gmt":"2024-08-12T13:21:06","guid":{"rendered":"https:\/\/akdenizhaber.com.tr\/?p=25478"},"modified":"2024-08-12T16:21:06","modified_gmt":"2024-08-12T13:21:06","slug":"sibel-tascioglu-ve-ceren-yalazoglu-karakoc-manavgatlilarla-bulustu","status":"publish","type":"post","link":"https:\/\/akdenizhaber.com.tr\/index.php\/2024\/08\/12\/sibel-tascioglu-ve-ceren-yalazoglu-karakoc-manavgatlilarla-bulustu\/","title":{"rendered":"Sibel Ta\u015f\u00e7\u0131o\u011flu ve Ceren Yalazo\u011flu Karako\u00e7, Manavgatl\u0131larla Bulu\u015ftu"},"content":{"rendered":"\n<p>Manavgat K\u00fclt\u00fcr G\u00fcnleri, bu y\u0131l Atat\u00fcrk K\u00fclt\u00fcr Merkezi&#8217;nde unutulmaz bir etkinli\u011fe ev sahipli\u011fi yapt\u0131.<\/p>\n\n\n\n<p>T\u00fcrkiye\u2019nin pop\u00fcler dizilerinden <em>K\u0131z\u0131lc\u0131k \u015eerbeti<\/em>&#8216;nin y\u0131ld\u0131z oyuncular\u0131 Sibel Ta\u015f\u00e7\u0131o\u011flu ve Ceren Yalazo\u011flu Karako\u00e7, Manavgatl\u0131larla bir araya gelerek, sinema ve televizyon d\u00fcnyas\u0131ndan ilgin\u00e7 anekdotlar ve deneyimlerini payla\u015ft\u0131.<\/p>\n\n\n\n<p>Manavgat Kent Tiyatrosu Genel Sanat Y\u00f6netmeni Kosta Kortidis\u2019in moderat\u00f6rl\u00fc\u011f\u00fcnde ger\u00e7ekle\u015fen s\u00f6yle\u015fiyi, Manavgat Belediye Ba\u015fkan\u0131 Dr. Niyazi Nefi Kara ve e\u015fi Hacer Ceyhan Kara da ilgiyle takip etti. S\u00f6yle\u015fi, izleyicilere hem e\u011flenceli hem de bilgilendirici bir deneyim sundu. Sanat\u00e7\u0131lar\u0131n kariyer yolculuklar\u0131, performanslar\u0131 ve projeleri hakk\u0131nda verdikleri bilgiler, salondaki dinleyiciler taraf\u0131ndan b\u00fcy\u00fck bir ilgiyle kar\u015f\u0131land\u0131.<\/p>\n\n\n\n<p>Ba\u015fkan Kara, etkinli\u011fin sonunda Sibel Ta\u015f\u00e7\u0131o\u011flu ve Ceren Yalazo\u011flu Karako\u00e7\u2019a, Manavgat\u2019ta k\u00fclt\u00fcrel ve sanatsal faaliyetlerin desteklenmesinin \u00f6nemine dikkat \u00e7ekerek \u00e7i\u00e7ek takdiminde bulundu.<\/p>\n\n\n\n<p>Ba\u015fkan Kara\u2019ya Te\u015fekk\u00fcr Ettiler<\/p>\n\n\n\n<p>Sibel Ta\u015f\u00e7\u0131o\u011flu ve Ceren Yalazo\u011flu Karako\u00e7, Manavgatl\u0131larla bulu\u015fmaktan b\u00fcy\u00fck mutluluk duyduklar\u0131n\u0131 belirttiler. Ta\u015f\u00e7\u0131o\u011flu, &#8220;Manavgat Belediyesi\u2019nin k\u00fclt\u00fcr g\u00fcnlerinde burada olmaktan \u00e7ok mutlu olduk. Harika bir s\u00f6yle\u015fi ger\u00e7ekle\u015ftirdik. Belediye Ba\u015fkan\u0131 Sn. Nefi Kara\u2019ya ve Genel Sanat Y\u00f6netmeni Kosta Kortidis\u2019e \u00e7ok te\u015fekk\u00fcr ederiz. Bizi buraya davet ettikleri ve bizi bu g\u00fczel halkla bir araya getirdikleri i\u00e7in \u00e7ok memnunuz.&#8221; \u015feklinde konu\u015ftu. Yalazo\u011flu Karako\u00e7 ise, \u00e7ok g\u00fczel bir kalabal\u0131k oldu\u011funu s\u00f6yleyerek, davet edildikleri i\u00e7in te\u015fekk\u00fcr etti.<\/p>\n\n\n\n<p>Ba\u015fkan Kara, etkinlik sonras\u0131nda yapt\u0131\u011f\u0131 a\u00e7\u0131klamada, Manavgat\u2019\u0131n k\u00fclt\u00fcrel ya\u015fam\u0131n\u0131 zenginle\u015ftirmek ve sanat\u00e7\u0131larla halk\u0131 bulu\u015fturmak amac\u0131yla d\u00fczenledikleri etkinliklerin s\u00fcrece\u011fini ifade etti. Ayr\u0131ca, k\u00fclt\u00fcrel etkinliklerin, toplumsal ba\u011flar\u0131 g\u00fc\u00e7lendirdi\u011fini ve \u015fehirlerin sosyal hayat\u0131na katk\u0131 sa\u011flad\u0131\u011f\u0131n\u0131 vurgulad\u0131.<\/p>\n\n\n\n<p>Manavgat K\u00fclt\u00fcr G\u00fcnleri kapsam\u0131nda d\u00fczenlenen bu s\u00f6yle\u015fi, hem kat\u0131l\u0131mc\u0131lar hem de sanat\u00e7\u0131lar i\u00e7in unutulmaz bir deneyim oldu.<\/p>\n\n\n\n<p>Manavgat Belediyesi \/ B\u00fclten<\/p>\n","protected":false},"excerpt":{"rendered":"<p>Manavgat K\u00fclt\u00fcr G\u00fcnleri, bu y\u0131l Atat\u00fcrk K\u00fclt\u00fcr Merkezi&#8217;nde unutulmaz bir etkinli\u011fe ev sahipli\u011fi yapt\u0131. T\u00fcrkiye\u2019nin pop\u00fcler dizilerinden K\u0131z\u0131lc\u0131k \u015eerbeti&#8216;nin y\u0131ld\u0131z oyuncular\u0131 Sibel Ta\u015f\u00e7\u0131o\u011flu ve Ceren <a href=\"https:\/\/akdenizhaber.com.tr\/index.php\/2024\/08\/12\/sibel-tascioglu-ve-ceren-yalazoglu-karakoc-manavgatlilarla-bulustu\/\" class=\"read-more-link\">[more&#8230;]<\/a><\/p>\n","protected":false},"author":2,"featured_media":25479,"comment_status":"open","ping_status":"open","sticky":false,"template":"","format":"standard","meta":{"footnotes":""},"categories":[2],"tags":[],"class_list":["post-25478","post","type-post","status-publish","format-standard","has-post-thumbnail","hentry","category-gundem"],"_links":{"self":[{"href":"https:\/\/akdenizhaber.com.tr\/index.php\/wp-json\/wp\/v2\/posts\/25478","targetHints":{"allow":["GET"]}}],"collection":[{"href":"https:\/\/akdenizhaber.com.tr\/index.php\/wp-json\/wp\/v2\/posts"}],"about":[{"href":"https:\/\/akdenizhaber.com.tr\/index.php\/wp-json\/wp\/v2\/types\/post"}],"author":[{"embeddable":true,"href":"https:\/\/akdenizhaber.com.tr\/index.php\/wp-json\/wp\/v2\/users\/2"}],"replies":[{"embeddable":true,"href":"https:\/\/akdenizhaber.com.tr\/index.php\/wp-json\/wp\/v2\/comments?post=25478"}],"version-history":[{"count":1,"href":"https:\/\/akdenizhaber.com.tr\/index.php\/wp-json\/wp\/v2\/posts\/25478\/revisions"}],"predecessor-version":[{"id":25480,"href":"https:\/\/akdenizhaber.com.tr\/index.php\/wp-json\/wp\/v2\/posts\/25478\/revisions\/25480"}],"wp:featuredmedia":[{"embeddable":true,"href":"https:\/\/akdenizhaber.com.tr\/index.php\/wp-json\/wp\/v2\/media\/25479"}],"wp:attachment":[{"href":"https:\/\/akdenizhaber.com.tr\/index.php\/wp-json\/wp\/v2\/media?parent=25478"}],"wp:term":[{"taxonomy":"category","embeddable":true,"href":"https:\/\/akdenizhaber.com.tr\/index.php\/wp-json\/wp\/v2\/categories?post=25478"},{"taxonomy":"post_tag","embeddable":true,"href":"https:\/\/akdenizhaber.com.tr\/index.php\/wp-json\/wp\/v2\/tags?post=25478"}],"curies":[{"name":"wp","href":"https:\/\/api.w.org\/{rel}","templated":true}]}}