{"id":25397,"date":"2024-08-08T14:41:45","date_gmt":"2024-08-08T11:41:45","guid":{"rendered":"https:\/\/akdenizhaber.com.tr\/?p=25397"},"modified":"2024-08-08T14:41:45","modified_gmt":"2024-08-08T11:41:45","slug":"buyuksehir-israfi-onluyor","status":"publish","type":"post","link":"https:\/\/akdenizhaber.com.tr\/index.php\/2024\/08\/08\/buyuksehir-israfi-onluyor\/","title":{"rendered":"B\u00fcy\u00fck\u015fehir \u0130sraf\u0131 \u00d6nl\u00fcyor"},"content":{"rendered":"\n<p>Antalya B\u00fcy\u00fck\u015fehir Belediyesi Kumluca Ya\u015f Sebze Meyve Kurutma Tesisi ve Paketleme Tesisi faaliyetlerini s\u00fcrd\u00fcr\u00fcyor. Tar\u0131msal \u00fcretimin yo\u011fun oldu\u011fu b\u00f6lgede israf\u0131 \u00f6nlemek ama\u00e7l\u0131 kurulan tesis ile \u00e7ift\u00e7ilerin kay\u0131plar\u0131 en aza indiriliyor.<\/p>\n\n\n\n<p>Antalya B\u00fcy\u00fck\u015fehir Belediyesi\u2019nin, elde kalan tar\u0131msal \u00fcr\u00fcnlerin ekonomiye kazand\u0131r\u0131lmas\u0131 ve \u00fcr\u00fcn kayb\u0131n\u0131n \u00f6n\u00fcne ge\u00e7mek i\u00e7in Kumluca\u2019ya \u201cKumluca\u2019da \u0130sraf Azal\u0131yor, Yerel \u00dcretici Kazan\u0131yor\u201d slogan\u0131yla kazand\u0131rd\u0131\u011f\u0131 tesiste paketleme ve kurutma i\u015flemleri s\u00fcrd\u00fcr\u00fcl\u00fcyor.<\/p>\n\n\n\n<p>Sanayi ve Teknoloji Bakanl\u0131\u011f\u0131\u2019n\u0131n 2022 Y\u0131l\u0131 Sosyal Geli\u015fmeyi Destekleme Program\u0131 (SOGEP) kapsam\u0131nda desteklenen projeyle Kumluca Mavikent Toptanc\u0131 Hal i\u00e7erisinde yap\u0131m\u0131 tamamlanan tesis B\u00fcy\u00fck\u015fehir Belediyesi y\u00f6netiminde hizmet veriyor. Tesiste G\u00fcnl\u00fck 3 ton kurutma, 130 ton paketleme kapasitesi bulunuyor.<\/p>\n\n\n\n<p>HALKIN TES\u0130S\u0130<\/p>\n\n\n\n<p>\u00dcreticileri israf\u0131n \u00f6n\u00fcne ge\u00e7mek i\u00e7in tesisi kullanmaya davet eden Kumluca Tar\u0131msal Kalk\u0131nma Kooperatifi Ba\u015fkan\u0131 \u00d6zg\u00fcr G\u00f6mlekli, \u201cAntalya B\u00fcy\u00fck\u015fehir Belediyemizin y\u00f6netiminde Kooperatifimizle kurulan i\u015f birli\u011fi ile bu \u00f6nemli tesisi tam kapasite \u00e7al\u0131\u015fmas\u0131 i\u00e7in gerekli \u00e7al\u0131\u015fmalar\u0131 yapt\u0131k. \u00d6rt\u00fc alt\u0131 \u00fcretim yapan b\u00f6lgemize katma de\u011fer sa\u011flayacak tesis t\u00fcm \u00fcreticilerimize en iyi \u015fartlarda hizmet sunmaya haz\u0131r. Sezon ba\u015flad\u0131\u011f\u0131nda hem istihdam anlam\u0131nda hem de israf\u0131 \u00f6nleme anlam\u0131nda bizim i\u00e7in \u00f6nemli bir yat\u0131r\u0131m. Belediyemiz taraf\u0131ndan Kumluca Tar\u0131msal Kalk\u0131nma Kooperatifi \u00fcyelerimize tesisteki makinelerin kullan\u0131m\u0131 konusunda gerekli e\u011fitim verildi. Belediyemizden g\u0131da m\u00fchendisleri bu s\u00fcre\u00e7te kooperatifimizi yaln\u0131z b\u0131rakm\u0131yor. Kurutma ve paketlemenin her a\u015famas\u0131nda \u00fcreticimizin yan\u0131nda oluyor. Halk i\u00e7in yap\u0131lan bu tesislerin halk taraf\u0131ndan i\u015fletilmi\u015f olmas\u0131 bizleri son derece memnun ediyor. Desteklerinden dolay\u0131, yan\u0131m\u0131zda oldu\u011fundan dolay\u0131 B\u00fcy\u00fck\u015fehir Belediye Ba\u015fkan\u0131m\u0131z Muhittin B\u00f6cek\u2019e te\u015fekk\u00fcr ederiz. Elinde \u00fcr\u00fcn\u00fc kalan t\u00fcm \u00fcreticilerimizi israf\u0131n \u00f6n\u00fcne ge\u00e7mek i\u00e7in tesisimize bekliyoruz\u201d dedi.<\/p>\n\n\n\n<p>\u00dcR\u00dcN KAYIPLARIMIZ SON BULDU<\/p>\n\n\n\n<p>Kumluca Mavikent Mahallesi\u2019nde ya\u015fayan \u00e7ift\u00e7i Hasan Akk\u0131n ise \u201c B\u00f6lgemize kazand\u0131r\u0131lan bu tesisten son derece memnunuz. \u00c7ok ihtiya\u00e7 duydu\u011fumuz bir konuda bakanl\u0131\u011f\u0131m\u0131z ve B\u00fcy\u00fck\u015fehir Belediyemiz bizlere destek sundu. Sezon boyunca bir\u00e7ok \u00e7it\u00e7imizin \u00fcretti\u011fi \u00fcr\u00fcnler \u015fekil bozuklu\u011fu ya da istenen kaliteye gelmemesi sebebiyle israf olabilecek duruma geliyor. Her dikimde muhakkak bir \u00fcr\u00fcn kayb\u0131m\u0131z oluyor. Biz bu kay\u0131plardan dolay\u0131 \u00e7ok \u00fcz\u00fcl\u00fcyoruz. Bu kay\u0131plar\u0131n \u00f6n\u00fcne ge\u00e7mek i\u00e7in bu tesis bizim i\u00e7in bulunmaz bir nimet oldu. \u0130klim ko\u015fullar\u0131ndan dolay\u0131 kurutamad\u0131\u011f\u0131m\u0131z \u00fcr\u00fcnleri h\u0131zl\u0131 bir \u015fekilde kurutup \u00fclke ve kendi ekonomimize katk\u0131 sunabiliyoruz. Bu g\u00fczel tesisleri il\u00e7emize kazand\u0131rd\u0131\u011f\u0131 i\u00e7in Ba\u015fkan Muhittin B\u00f6cek\u2019e te\u015fekk\u00fcr ederim. Bu tesisler ile b\u00f6lgemiz ve Antalya\u2019m\u0131z \u00fcreterek daha \u00e7ok b\u00fcy\u00fcyecektir.\u201d ifadelerini kulland\u0131.<\/p>\n\n\n\n<p>Antalya B\u00fcy\u00fck\u015fehir Belediyesi \/ B\u00fclten<\/p>\n\n\n\n<p><\/p>\n","protected":false},"excerpt":{"rendered":"<p>Antalya B\u00fcy\u00fck\u015fehir Belediyesi Kumluca Ya\u015f Sebze Meyve Kurutma Tesisi ve Paketleme Tesisi faaliyetlerini s\u00fcrd\u00fcr\u00fcyor. Tar\u0131msal \u00fcretimin yo\u011fun oldu\u011fu b\u00f6lgede israf\u0131 \u00f6nlemek ama\u00e7l\u0131 kurulan tesis ile <a href=\"https:\/\/akdenizhaber.com.tr\/index.php\/2024\/08\/08\/buyuksehir-israfi-onluyor\/\" class=\"read-more-link\">[more&#8230;]<\/a><\/p>\n","protected":false},"author":2,"featured_media":25398,"comment_status":"open","ping_status":"open","sticky":false,"template":"","format":"standard","meta":{"footnotes":""},"categories":[2],"tags":[],"class_list":["post-25397","post","type-post","status-publish","format-standard","has-post-thumbnail","hentry","category-gundem"],"_links":{"self":[{"href":"https:\/\/akdenizhaber.com.tr\/index.php\/wp-json\/wp\/v2\/posts\/25397","targetHints":{"allow":["GET"]}}],"collection":[{"href":"https:\/\/akdenizhaber.com.tr\/index.php\/wp-json\/wp\/v2\/posts"}],"about":[{"href":"https:\/\/akdenizhaber.com.tr\/index.php\/wp-json\/wp\/v2\/types\/post"}],"author":[{"embeddable":true,"href":"https:\/\/akdenizhaber.com.tr\/index.php\/wp-json\/wp\/v2\/users\/2"}],"replies":[{"embeddable":true,"href":"https:\/\/akdenizhaber.com.tr\/index.php\/wp-json\/wp\/v2\/comments?post=25397"}],"version-history":[{"count":1,"href":"https:\/\/akdenizhaber.com.tr\/index.php\/wp-json\/wp\/v2\/posts\/25397\/revisions"}],"predecessor-version":[{"id":25399,"href":"https:\/\/akdenizhaber.com.tr\/index.php\/wp-json\/wp\/v2\/posts\/25397\/revisions\/25399"}],"wp:featuredmedia":[{"embeddable":true,"href":"https:\/\/akdenizhaber.com.tr\/index.php\/wp-json\/wp\/v2\/media\/25398"}],"wp:attachment":[{"href":"https:\/\/akdenizhaber.com.tr\/index.php\/wp-json\/wp\/v2\/media?parent=25397"}],"wp:term":[{"taxonomy":"category","embeddable":true,"href":"https:\/\/akdenizhaber.com.tr\/index.php\/wp-json\/wp\/v2\/categories?post=25397"},{"taxonomy":"post_tag","embeddable":true,"href":"https:\/\/akdenizhaber.com.tr\/index.php\/wp-json\/wp\/v2\/tags?post=25397"}],"curies":[{"name":"wp","href":"https:\/\/api.w.org\/{rel}","templated":true}]}}