{"id":25366,"date":"2024-08-05T14:42:32","date_gmt":"2024-08-05T11:42:32","guid":{"rendered":"https:\/\/akdenizhaber.com.tr\/?p=25366"},"modified":"2024-08-05T14:42:33","modified_gmt":"2024-08-05T11:42:33","slug":"dunyanin-en-eski-ticaret-gemisi-batigini-gun-yuzune-cikariyorlar","status":"publish","type":"post","link":"https:\/\/akdenizhaber.com.tr\/index.php\/2024\/08\/05\/dunyanin-en-eski-ticaret-gemisi-batigini-gun-yuzune-cikariyorlar\/","title":{"rendered":"D\u00fcnyan\u0131n En Eski Ticaret Gemisi Bat\u0131\u011f\u0131n\u0131 G\u00fcn Y\u00fcz\u00fcne \u00c7\u0131kar\u0131yorlar"},"content":{"rendered":"\n<p>D\u00fcnyan\u0131n bilinen en eski bat\u0131\u011f\u0131 olarak nitelenen Kumluca Orta Tun\u00e7 \u00c7a\u011f\u0131 Bat\u0131\u011f\u0131\u2019nda su alt\u0131 kaz\u0131 \u00e7al\u0131\u015fmalar\u0131 g\u00f6r\u00fcnt\u00fclendi. K\u00fclt\u00fcr ve Turizm Bakan\u0131 Ersoy, \u201cBakanl\u0131\u011f\u0131m\u0131z\u0131n deste\u011fi ve Akdeniz \u00dcniversitesi i\u015f birli\u011fiyle y\u00fcr\u00fct\u00fclen kaz\u0131lar mavi miras\u0131m\u0131z\u0131 gelece\u011fe ta\u015f\u0131yor.\u201d dedi.<\/p>\n\n\n\n<p>Akdeniz \u00dcniversitesi G\u00fczel Sanatlar Fak\u00fcltesi K\u00fclt\u00fcr Varl\u0131klar\u0131n\u0131 Koruma ve Onar\u0131m B\u00f6l\u00fcm\u00fc Ba\u015fkan\u0131 ve Kaz\u0131 Ba\u015fkan\u0131 Do\u00e7. Dr. Hakan \u00d6niz ile ekibi, 3 bin 600 y\u0131l \u00f6ncesine tarihlenen bat\u0131kta kaz\u0131 \u00e7al\u0131\u015fmalar\u0131n\u0131 s\u00fcrd\u00fcr\u00fcyor. Antalya a\u00e7\u0131klar\u0131nda ve denizin yakla\u015f\u0131k 50 metre derinli\u011finde, son teknolojik imk\u00e2nlar\u0131 kullanarak tarihi kal\u0131nt\u0131lar\u0131n g\u00fcn y\u00fcz\u00fcne \u00e7\u0131kar\u0131ld\u0131\u011f\u0131 \u00e7al\u0131\u015fmalar su alt\u0131 belgeseli yap\u0131mc\u0131s\u0131 Tahsin Ceylan taraf\u0131ndan g\u00f6r\u00fcnt\u00fclendi.<\/p>\n\n\n\n<p>SU ALTI ARKEOLOJ\u0130 M\u00dcZES\u0130NDE SERG\u0130LENECEK<\/p>\n\n\n\n<p>Kaz\u0131 Ba\u015fkan\u0131 \u00d6niz, K\u00fclt\u00fcr ve Turizm Bakanl\u0131\u011f\u0131n\u0131n izniyle Akdeniz \u00dcniversitesi i\u015f birli\u011finde, d\u00fcnyan\u0131n bilinen en eski bat\u0131\u011f\u0131nda kaz\u0131 \u00e7al\u0131\u015fmalar\u0131n\u0131n ba\u015far\u0131l\u0131 \u015fekilde s\u00fcrd\u00fc\u011f\u00fcn\u00fc anlatt\u0131. Geminin 3 bin 600 y\u0131l \u00f6nce f\u0131rt\u0131naya kap\u0131larak batt\u0131\u011f\u0131n\u0131 aktaran \u00d6niz, \u015funlar\u0131 kaydetti: &#8220;Muhtemelen K\u0131br\u0131s Adas\u0131&#8217;ndan Girit Adas\u0131&#8217;na bak\u0131r k\u00fcl\u00e7eler ta\u015f\u0131yan bir gemi. T\u00fcrkiye&#8217;deki su alt\u0131 arkeolojisi teknolojisinin en ileri metotlar\u0131yla, su alt\u0131 kompres\u00f6rleriyle, \u00e7al\u0131\u015fma sistemleriyle 50 metre derinlikte \u00e7al\u0131\u015fmalar\u0131m\u0131z\u0131 s\u00fcrd\u00fcr\u00fcyoruz. Bu derinlik \u00e7ok ciddi, herhangi bir s\u0131k\u0131nt\u0131 ya\u015famadan, her t\u00fcrl\u00fc emniyet tedbiri al\u0131n\u0131p, su alt\u0131 arkeolojik kaz\u0131s\u0131 yap\u0131l\u0131yor. \u0130n\u015fallah buradan \u00e7\u0131kacak eserler de Kemer&#8217;de yap\u0131m a\u015famas\u0131ndaki su alt\u0131 arkeoloji m\u00fczesinde sergilenecek.&#8221;<\/p>\n\n\n\n<p>BAKAN ERSOY\u2019DAN PAYLA\u015eIM<\/p>\n\n\n\n<p>Konuyla ilgili sosyal medyada payla\u015f\u0131m yapan K\u00fclt\u00fcr ve Turizm Bakan\u0131 Mehmet Nuri Ersoy, Akdeniz \u00dcniversitesi ve bakanl\u0131\u011f\u0131n ortak \u00e7al\u0131\u015fmalar\u0131yla y\u00fcr\u00fct\u00fclen 3600 y\u0131ll\u0131k Kumluca Orta Tun\u00e7 \u00c7a\u011f\u0131 Bat\u0131\u011f\u0131 kaz\u0131lar\u0131n\u0131n gelece\u011fe \u00f6nemli bir miras b\u0131rakaca\u011f\u0131n\u0131 ifade etti. Bakan Ersoy payla\u015f\u0131m\u0131nda: \u201cMavi Vatan&#8217;da Bir Tarih Hazinesi: D\u00fcnyan\u0131n En Eski Ticaret Gemisi! Su alt\u0131 arkeolojisinin en ileri teknolojileriyle 50 metre derinlikte ger\u00e7ekle\u015ftirilen \u00e7al\u0131\u015fmalar, b\u00fcy\u00fcleyici bir d\u00fcnyay\u0131 g\u00f6zler \u00f6n\u00fcne seriyor. Bakanl\u0131\u011f\u0131m\u0131z\u0131n deste\u011fi ve Akdeniz \u00dcniversitesi i\u015f birli\u011fiyle y\u00fcr\u00fct\u00fclen 3600 y\u0131ll\u0131k Kumluca Orta Tun\u00e7 \u00c7a\u011f\u0131 Bat\u0131\u011f\u0131 kaz\u0131lar\u0131, mavi miras\u0131m\u0131z\u0131 gelece\u011fe ta\u015f\u0131yor. Bu e\u015fsiz eserler, Kemer&#8217;de yap\u0131m a\u015famas\u0131ndaki Su Alt\u0131 Arkeoloji M\u00fczesi&#8217;nde sergilenecek. Eme\u011fi ge\u00e7en t\u00fcm arkeologlar\u0131m\u0131za te\u015fekk\u00fcr ederim.\u201d ifadelerini kulland\u0131<\/p>\n\n\n\n<p>GE\u00c7M\u0130\u015e\u0130 AYDINLATACAK<\/p>\n\n\n\n<p>\u00c7al\u0131\u015fmalarda yer alan arkeolog Ay\u015feg\u00fcl Dadag\u00fcl de tarihin derinlerinden gelen izleri takip ettiklerini dile getirdi. Bir\u00e7ok su alt\u0131 arkeolo\u011funun olmak istedi\u011fi bir yerde \u00e7al\u0131\u015ft\u0131klar\u0131n\u0131 ifade eden Dadag\u00fcl, &#8220;\u0130nan\u0131yorum, ge\u00e7mi\u015fi ayd\u0131nlatacak bulgular elde edece\u011fiz. Derinlerde olmak, tarihe dokunmak \u00e7ok g\u00fczel.&#8221; dedi. Tarihi \u00e7al\u0131\u015fmalar\u0131 g\u00f6r\u00fcnt\u00fcleyen Ceylan da tarihin parmak izlerine dokunman\u0131n ve gizemli d\u00fcnyaya e\u015flik etmenin \u00e7ok g\u00fczel bir duygu oldu\u011funu s\u00f6yledi.<\/p>\n\n\n\n<p>Akdeniz \u00dcniversitesi Rekt\u00f6rl\u00fc\u011f\u00fc \/ B\u00fclten<\/p>\n","protected":false},"excerpt":{"rendered":"<p>D\u00fcnyan\u0131n bilinen en eski bat\u0131\u011f\u0131 olarak nitelenen Kumluca Orta Tun\u00e7 \u00c7a\u011f\u0131 Bat\u0131\u011f\u0131\u2019nda su alt\u0131 kaz\u0131 \u00e7al\u0131\u015fmalar\u0131 g\u00f6r\u00fcnt\u00fclendi. K\u00fclt\u00fcr ve Turizm Bakan\u0131 Ersoy, \u201cBakanl\u0131\u011f\u0131m\u0131z\u0131n deste\u011fi ve <a href=\"https:\/\/akdenizhaber.com.tr\/index.php\/2024\/08\/05\/dunyanin-en-eski-ticaret-gemisi-batigini-gun-yuzune-cikariyorlar\/\" class=\"read-more-link\">[more&#8230;]<\/a><\/p>\n","protected":false},"author":2,"featured_media":25367,"comment_status":"open","ping_status":"open","sticky":false,"template":"","format":"standard","meta":{"footnotes":""},"categories":[2],"tags":[],"class_list":["post-25366","post","type-post","status-publish","format-standard","has-post-thumbnail","hentry","category-gundem"],"_links":{"self":[{"href":"https:\/\/akdenizhaber.com.tr\/index.php\/wp-json\/wp\/v2\/posts\/25366","targetHints":{"allow":["GET"]}}],"collection":[{"href":"https:\/\/akdenizhaber.com.tr\/index.php\/wp-json\/wp\/v2\/posts"}],"about":[{"href":"https:\/\/akdenizhaber.com.tr\/index.php\/wp-json\/wp\/v2\/types\/post"}],"author":[{"embeddable":true,"href":"https:\/\/akdenizhaber.com.tr\/index.php\/wp-json\/wp\/v2\/users\/2"}],"replies":[{"embeddable":true,"href":"https:\/\/akdenizhaber.com.tr\/index.php\/wp-json\/wp\/v2\/comments?post=25366"}],"version-history":[{"count":1,"href":"https:\/\/akdenizhaber.com.tr\/index.php\/wp-json\/wp\/v2\/posts\/25366\/revisions"}],"predecessor-version":[{"id":25368,"href":"https:\/\/akdenizhaber.com.tr\/index.php\/wp-json\/wp\/v2\/posts\/25366\/revisions\/25368"}],"wp:featuredmedia":[{"embeddable":true,"href":"https:\/\/akdenizhaber.com.tr\/index.php\/wp-json\/wp\/v2\/media\/25367"}],"wp:attachment":[{"href":"https:\/\/akdenizhaber.com.tr\/index.php\/wp-json\/wp\/v2\/media?parent=25366"}],"wp:term":[{"taxonomy":"category","embeddable":true,"href":"https:\/\/akdenizhaber.com.tr\/index.php\/wp-json\/wp\/v2\/categories?post=25366"},{"taxonomy":"post_tag","embeddable":true,"href":"https:\/\/akdenizhaber.com.tr\/index.php\/wp-json\/wp\/v2\/tags?post=25366"}],"curies":[{"name":"wp","href":"https:\/\/api.w.org\/{rel}","templated":true}]}}