{"id":25363,"date":"2024-08-05T14:41:59","date_gmt":"2024-08-05T11:41:59","guid":{"rendered":"https:\/\/akdenizhaber.com.tr\/?p=25363"},"modified":"2024-08-05T14:42:00","modified_gmt":"2024-08-05T11:42:00","slug":"genclik-kampina-5-ulke-katildi","status":"publish","type":"post","link":"https:\/\/akdenizhaber.com.tr\/index.php\/2024\/08\/05\/genclik-kampina-5-ulke-katildi\/","title":{"rendered":"Gen\u00e7lik Kamp\u0131na 5 \u00fclke kat\u0131ld\u0131"},"content":{"rendered":"\n<p>Antalya B\u00fcy\u00fck\u015fehir Belediyesi i\u015f birli\u011finde ger\u00e7ekle\u015ftirilen &#8220;DIGIT-ART YE 2024&#8221; projesi kapsam\u0131nda, Ukrayna, Fransa, Bulgaristan, \u0130spanya ve T\u00fcrkiye&#8217;den toplam 35 \u00f6\u011frenci B\u00fcy\u00fck\u015fehir Belediyesi Gen\u00e7lik Kamp\u0131\u2019nda bir hafta kamp yapt\u0131. Kamp boyunca, gen\u00e7ler dijital ve sanatsal yetkinliklerini geli\u015ftirmek i\u00e7in \u00e7e\u015fitli e\u011fitimlere kat\u0131l\u0131rken, dil becerilerini geli\u015ftirdiler.<\/p>\n\n\n\n<p>Antalya B\u00fcy\u00fck\u015fehir Belediyesi Gen\u00e7lik Kamp\u0131 ve E\u011fitim Merkezi, \u00f6nemli bir etkinli\u011fe ev sahipli\u011fi yapt\u0131. Uluslararas\u0131 Gen\u00e7lik De\u011fi\u015fim Program\u0131, kapsam\u0131nda Ukrayna, Fransa, Bulgaristan, \u0130spanya ve T\u00fcrkiye&#8217;den toplam 35 \u00f6\u011frenci gen\u00e7lerin dijital ve sanatsal yetkinliklerini geli\u015ftirmeyi hedefleyen &#8220;DIGIT-ART YE 2024&#8221; projesi kapsam\u0131nda merkezde bir araya geldi.<\/p>\n\n\n\n<p>E\u011e\u0130T\u0130M VE SOSYAL AKT\u0130V\u0130TELER YAPILDI<\/p>\n\n\n\n<p>Bir hafta s\u00fcren kamp boyunca gen\u00e7ler, \u00e7e\u015fitli e\u011fitimlere kat\u0131larak dijital becerilerini geli\u015ftirdiler. M\u00fczik ve video \u00fcretimi, sosyal medya i\u00e7in i\u00e7erik olu\u015fturma gibi konularda at\u00f6lye \u00e7al\u0131\u015fmalar\u0131 d\u00fczenlendi. Ayr\u0131ca, \u00f6\u011frenciler dil becerilerini geli\u015ftirmek i\u00e7in de \u00e7e\u015fitli konu\u015fma etkinlikleri ger\u00e7ekle\u015ftirdi. E\u011fitimlerin yan\u0131 s\u0131ra, gen\u00e7lerin sosyalle\u015fmesi i\u00e7in de bir\u00e7ok etkinlik organize edildi. Antalya&#8217;n\u0131n tarihi ve do\u011fal g\u00fczellikleri ke\u015ffedilirken, tak\u0131m \u00e7al\u0131\u015fmas\u0131 aktiviteleri, k\u00fclt\u00fcrel geceler ve spor etkinlikleri gibi \u00e7e\u015fitli sosyal aktiviteler de yap\u0131ld\u0131.<\/p>\n\n\n\n<p>KAMPA 5 \u00dcLKE KATILIM SA\u011eLADI<\/p>\n\n\n\n<p>DIGIT-ART YE Proje koordinat\u00f6r\u00fc Okan Yah\u015fi, Antalya B\u00fcy\u00fck\u015fehir Belediyesi\u2019ne ev sahipli\u011fi i\u00e7in te\u015fekk\u00fcr etti. Yah\u015fi, 5 \u00fclke kat\u0131l\u0131m sa\u011flayan gen\u00e7lerin kendi k\u00fclt\u00fcrlerini aktarabildi\u011fi bir ortam olu\u015ftu\u011funu ifade etti. Kampa kat\u0131lan Bulgaristan ekip lideri Ioana Agata Bestiuc ise proje i\u00e7in Antalya B\u00fcy\u00fck\u015fehir Belediyesi\u2019ne te\u015fekk\u00fcrlerini sunarak \u201cAntalya B\u00fcy\u00fck\u015fehir Belediyesi Gen\u00e7lik Kamp\u0131 \u00e7ok g\u00fczel bir yer ve \u00e7ok iyi kar\u015f\u0131land\u0131k. Gen\u00e7lerin kendisini tan\u0131tmalar\u0131na, fikirlerini, duygular\u0131n\u0131 ve kendilerini ifade etmelerine yard\u0131mc\u0131 olmaya \u00e7al\u0131\u015ft\u0131k\u201d dedi.<\/p>\n","protected":false},"excerpt":{"rendered":"<p>Antalya B\u00fcy\u00fck\u015fehir Belediyesi i\u015f birli\u011finde ger\u00e7ekle\u015ftirilen &#8220;DIGIT-ART YE 2024&#8221; projesi kapsam\u0131nda, Ukrayna, Fransa, Bulgaristan, \u0130spanya ve T\u00fcrkiye&#8217;den toplam 35 \u00f6\u011frenci B\u00fcy\u00fck\u015fehir Belediyesi Gen\u00e7lik Kamp\u0131\u2019nda bir <a href=\"https:\/\/akdenizhaber.com.tr\/index.php\/2024\/08\/05\/genclik-kampina-5-ulke-katildi\/\" class=\"read-more-link\">[more&#8230;]<\/a><\/p>\n","protected":false},"author":2,"featured_media":25364,"comment_status":"open","ping_status":"open","sticky":false,"template":"","format":"standard","meta":{"footnotes":""},"categories":[2],"tags":[],"class_list":["post-25363","post","type-post","status-publish","format-standard","has-post-thumbnail","hentry","category-gundem"],"_links":{"self":[{"href":"https:\/\/akdenizhaber.com.tr\/index.php\/wp-json\/wp\/v2\/posts\/25363","targetHints":{"allow":["GET"]}}],"collection":[{"href":"https:\/\/akdenizhaber.com.tr\/index.php\/wp-json\/wp\/v2\/posts"}],"about":[{"href":"https:\/\/akdenizhaber.com.tr\/index.php\/wp-json\/wp\/v2\/types\/post"}],"author":[{"embeddable":true,"href":"https:\/\/akdenizhaber.com.tr\/index.php\/wp-json\/wp\/v2\/users\/2"}],"replies":[{"embeddable":true,"href":"https:\/\/akdenizhaber.com.tr\/index.php\/wp-json\/wp\/v2\/comments?post=25363"}],"version-history":[{"count":1,"href":"https:\/\/akdenizhaber.com.tr\/index.php\/wp-json\/wp\/v2\/posts\/25363\/revisions"}],"predecessor-version":[{"id":25365,"href":"https:\/\/akdenizhaber.com.tr\/index.php\/wp-json\/wp\/v2\/posts\/25363\/revisions\/25365"}],"wp:featuredmedia":[{"embeddable":true,"href":"https:\/\/akdenizhaber.com.tr\/index.php\/wp-json\/wp\/v2\/media\/25364"}],"wp:attachment":[{"href":"https:\/\/akdenizhaber.com.tr\/index.php\/wp-json\/wp\/v2\/media?parent=25363"}],"wp:term":[{"taxonomy":"category","embeddable":true,"href":"https:\/\/akdenizhaber.com.tr\/index.php\/wp-json\/wp\/v2\/categories?post=25363"},{"taxonomy":"post_tag","embeddable":true,"href":"https:\/\/akdenizhaber.com.tr\/index.php\/wp-json\/wp\/v2\/tags?post=25363"}],"curies":[{"name":"wp","href":"https:\/\/api.w.org\/{rel}","templated":true}]}}