{"id":25359,"date":"2024-08-05T14:40:54","date_gmt":"2024-08-05T11:40:54","guid":{"rendered":"https:\/\/akdenizhaber.com.tr\/?p=25359"},"modified":"2024-08-05T14:40:55","modified_gmt":"2024-08-05T11:40:55","slug":"feslikan-yaylasinda-festival-coskusu","status":"publish","type":"post","link":"https:\/\/akdenizhaber.com.tr\/index.php\/2024\/08\/05\/feslikan-yaylasinda-festival-coskusu\/","title":{"rendered":"Feslikan Yaylas\u0131\u2019nda festival co\u015fkusu"},"content":{"rendered":"\n<p>Antalya B\u00fcy\u00fck\u015fehir Belediyesi ve Konyaalt\u0131 Belediyesi i\u015f birli\u011finde bu y\u0131l 26\u2019nc\u0131s\u0131 d\u00fczenlenen Feslikan Yaylas\u0131 Yaz \u015eenlikleri b\u00fcy\u00fck bir co\u015fkuya sahne oldu. Koray Avc\u0131 ve Nazl\u0131 \u00d6ks\u00fcz\u2019\u00fcn sahne ald\u0131\u011f\u0131 \u015fenliklerde binlerce Antalyal\u0131 yaylada \u015fenlik havas\u0131 ya\u015fad\u0131. Konyaalt\u0131l\u0131 ve Antalyal\u0131 hem\u015fehrilerini yaln\u0131z b\u0131rakmayan Antalya B\u00fcy\u00fck\u015fehir Belediye Ba\u015fkan\u0131 Muhittin B\u00f6cek, gece boyunca \u015fark\u0131lara e\u015flik etti, hem\u015fehrileriyle kar\u015f\u0131l\u0131kl\u0131 oynad\u0131. Ba\u015fkan B\u00f6cek, \u201cK\u00f6yl\u00fclerimizi, hem\u015fehrilerimizi sevgili Antalyal\u0131lar\u0131 unutmadan Feslikan\u2019da bulu\u015ftu\u011fumuz gibi Antalya\u2019m\u0131z\u0131n 19 il\u00e7esi 913 mahallemizde b\u00fct\u00fcn belediye ba\u015fkanlar\u0131m\u0131z\u0131n, b\u00fct\u00fcn vatanda\u015flar\u0131m\u0131z\u0131n yan\u0131nda olmaya devam edece\u011fiz\u201d dedi.<\/p>\n\n\n\n\n\n<p>Yaylalar\u0131n yaylas\u0131 Feslikan bu y\u0131l da \u015fenlik co\u015fkusu ya\u015f\u0131yor. Antalya B\u00fcy\u00fck\u015fehir Belediyesi ve Konyaalt\u0131 Belediyesi i\u015f birli\u011finde bu y\u0131l 26\u2019nc\u0131s\u0131 d\u00fczenlenen Feslikan Yaylas\u0131 Yaz \u015eenlikleri Koray Avc\u0131 ve Nazl\u0131 \u00d6ks\u00fcz konseri ile ba\u015flad\u0131. Binlerce Antalyal\u0131n\u0131n kat\u0131ld\u0131\u011f\u0131 geceye Antalya B\u00fcy\u00fck\u015fehir Belediye Ba\u015fkan\u0131 Muhittin B\u00f6cek, Konyaalt\u0131 Belediye Ba\u015fkan\u0131 Cem Kotan, CHP \u0130l Ba\u015fkan\u0131 Nail Kamac\u0131, siyasi partilerin il ve il\u00e7e ba\u015fkanlar\u0131, kurum ve kurulu\u015flar\u0131n temsilcileri, sivil toplum kurulu\u015flar\u0131n\u0131n temsilcileri ve vatanda\u015flar kat\u0131ld\u0131.<\/p>\n\n\n\n<p>\u201cHERKES\u0130N BA\u015eKANI OLMAYA DEVAM EDECE\u011e\u0130M\u201d<\/p>\n\n\n\n<p>Hem\u015fehrileriyle birarada olmaktan duydu\u011fu mutlulu\u011fu dile getirerek s\u00f6zlerine ba\u015flayan Antalya B\u00fcy\u00fck\u015fehir Belediye Ba\u015fkan\u0131 Muhittin B\u00f6cek, \u201cBug\u00fcn burada bir kez daha tozlu yollar\u0131nda y\u00fcr\u00fcd\u00fc\u011f\u00fcm, yaylalar\u0131n yaylas\u0131 Feslikan\u0131m\u0131zda bulu\u015fmam\u0131za sebep olan sizlersiniz. 30 y\u0131ld\u0131r \u00e7almadan \u00e7ald\u0131rmadan yoluma devam etti\u011fim i\u00e7in 31 Mart se\u00e7imlerinde yine y\u00f6r\u00fck \u00e7ocu\u011fu olarak, k\u00f6yl\u00fc \u00e7ocu\u011fu olarak hem\u015fehrinizi ba\u011fr\u0131n\u0131za bast\u0131\u011f\u0131n\u0131z i\u00e7in hepinizden Allah raz\u0131 olsun. Bu 5 y\u0131ll\u0131k s\u00fcre\u00e7 i\u00e7erisinde de sizlerin verdi\u011fi kutsal oylar\u0131 namusum gibi korumaya devam edece\u011fim. Kuruldu\u011fu g\u00fcnden beri ilk defa \u00fcst \u00fcste B\u00fcy\u00fck\u015fehir Belediye Ba\u015fkanl\u0131\u011f\u0131 g\u00f6revini verdiniz ve 16 il\u00e7e belediye ba\u015fkan\u0131m\u0131za g\u00f6rev verdiniz. 20 belediyenin 17\u2019sini sizlerin deste\u011fiyle kazand\u0131k. \u00d6nce bizleri aday eden Say\u0131n Genel Ba\u015fkan\u0131m\u0131z \u00d6zg\u00fcr \u00d6zel\u2019e, sevgili Antalyal\u0131lara ve yol arkada\u015flar\u0131ma huzurunuzda te\u015fekk\u00fcr ediyorum. Bize oy veren vermeyen b\u00fct\u00fcn vatanda\u015flar\u0131m\u0131z\u0131n emrinde herkesin belediye ba\u015fkan\u0131 olmaya devam edece\u011fim\u201d dedi.<\/p>\n\n\n\n<p>H\u0130\u00c7B\u0130R KURUM KURULU\u015eA BORCUMUZ YOK\u201d<\/p>\n\n\n\n<p>Se\u00e7imden \u00f6nce verdi\u011fi s\u00f6zleri bir bir yerine getirmeye devam edece\u011fini s\u00f6yleyen Ba\u015fkan B\u00f6cek s\u00f6zlerini \u015f\u00f6yle s\u00fcrd\u00fcrd\u00fc: \u201cBirileri \u00e7\u0131k\u0131p televizyonlarda CHP\u2019li belediyeler SGK bor\u00e7lar\u0131n\u0131 \u00f6desin dedi. 5 y\u0131l \u00f6nce beni ba\u011fr\u0131n\u0131za bast\u0131\u011f\u0131n\u0131zda T\u00fcrkiye\u2019nin b\u00fct\u00e7esine g\u00f6re en bor\u00e7lu belediyesini devralm\u0131\u015ft\u0131k ama biz belediyemizde tasarruflar\u0131m\u0131z\u0131 yapt\u0131k ve bug\u00fcn g\u00fcn\u00fc ge\u00e7mi\u015f hi\u00e7bir kurum kurulu\u015fa borcumuz yoktur. 15 bin 500 \u00e7al\u0131\u015fan\u0131m\u0131z teri so\u011fumadan maa\u015flar\u0131n\u0131 al\u0131rlar. SGK\u2019ya hi\u00e7bir borcumuz yoktur. Se\u00e7im \u00f6ncesi verdi\u011fimiz s\u00f6zleri bir bir yerine getirmeye devam edece\u011fiz. Bug\u00fcn burada Cem Kotan karde\u015fimle i\u015f birli\u011fi i\u00e7erisinde bu yaz \u015fenliklerini d\u00fczenledik. Eme\u011fi ge\u00e7en \u00e7al\u0131\u015fma arkada\u015flar\u0131ma, g\u00fcvenlik g\u00fc\u00e7lerimize, da\u011fda bay\u0131rda \u00fclkemizin g\u00fcvenli\u011fini, bayra\u011f\u0131m\u0131z, bizleri koruyan Mehmeh\u00e7iklerimize te\u015fekk\u00fcr ediyorum. Ben se\u00e7im meydanlar\u0131nda Cem Kotan karde\u015fime ve Konyaalt\u0131l\u0131 hem\u015fehrilerime s\u00f6z vermi\u015ftim. Bu y\u0131l destek olaca\u011f\u0131m\u0131 s\u00f6yledim. Bundan sonra da Cem karde\u015fim \u015fenliklere devam edecektir. Ben de yan\u0131nda olmaya devam edece\u011fim.\u201d<\/p>\n\n\n\n<p>\u201cEV\u0130N\u0130ZE HO\u015e GELD\u0130N\u0130Z\u201d<\/p>\n\n\n\n<p>Konyaalt\u0131 Belediye Ba\u015fkan\u0131 Cem Kotan da festivale, Konyaalt\u0131\u2019na ve g\u00fcre\u015f\u00e7ilere verdi\u011fi destek i\u00e7in Ba\u015fkan Muhittin B\u00f6cek\u2019e te\u015fekk\u00fcr etti. Ba\u015fkan Kotan, \u201cBirlik ve dayan\u0131\u015fma i\u00e7erisinde festivalimizi ger\u00e7ekle\u015ftirece\u011fiz ve bunun hakl\u0131 gururunu ya\u015f\u0131yoruz. Bu y\u0131l bu anlaml\u0131 etkinli\u011fi, festivalimizi, g\u00fcre\u015flerimizi Antalya B\u00fcy\u00fck\u015fehir Belediyemiz ile birlikte yap\u0131yoruz. Feslikan\u2019da birlik ve beraberli\u011fimizin \u00f6nemini bu y\u0131l herkes g\u00f6recek. B\u00fcy\u00fck\u015fehir Belediye Ba\u015fkan\u0131m\u0131z Muhittin B\u00f6cek\u2019e sizlerin huzurunda tekrar te\u015fekk\u00fcr ediyorum. Say\u0131n Ba\u015fkan\u0131m evinize ho\u015fgeldiniz\u201d dedi.<\/p>\n\n\n\n<p>BA\u015eKAN B\u00d6CEK H\u00dcDAYDA OYNADI<\/p>\n\n\n\n<p>Feslikan Yaz \u015eenlikleri konu\u015fmalar\u0131n ard\u0131ndan Nazl\u0131 \u00d6ks\u00fcz konseri ile devam etti. T\u00fcrk Halk M\u00fczi\u011fi\u2019nin birbirinden g\u00fczel t\u00fcrk\u00fclerini seslendiren \u00d6ks\u00fcz, yaylada t\u00fcrk\u00fc ziyafeti sundu. \u015eenli\u011fe kat\u0131lan Antalyal\u0131lar ile birlikte \u00d6ks\u00fcz\u2019\u00fcn t\u00fcrk\u00fclerine e\u015flik eden Ba\u015fkan B\u00f6cek, vatanda\u015flarla kar\u015f\u0131l\u0131kl\u0131 oynad\u0131.<\/p>\n\n\n\n<p>FESL\u0130KAN\u2019DA KORAY AVCI R\u00dcZGARI<\/p>\n\n\n\n<p>26. Uluslararas\u0131 Feslikan Yaz \u015eenliklerinde co\u015fku Koray Avc\u0131 konseri ile doru\u011fa \u00e7\u0131kt\u0131. Ne\u015fesi ve y\u00fcksek performans\u0131yla konseri izlemeye gelenlerin g\u00f6nl\u00fcnde taht kuran Koray Avc\u0131, birbirinden g\u00fczel \u015fark\u0131lar\u0131 Antalyal\u0131lar ile birlikte seslendirdi. Ba\u015fkan B\u00f6cek de Koray Avc\u0131\u2019n\u0131n \u015fark\u0131lar\u0131na e\u015flik etti. Ba\u015fkan B\u00f6cek, Koray Avc\u0131\u2019n\u0131n seslendirdi\u011fi \u2018Denizlerin Dalgas\u0131y\u0131m\u2019 isimli \u015fark\u0131da duygusal anlar ya\u015fad\u0131. Avc\u0131\u2019ya \u015fark\u0131n\u0131n ba\u015f\u0131ndan sonuna kadar e\u015flik eden Ba\u015fkan B\u00f6cek, \u015fark\u0131 bitiminde eliyle kalp yaparak Avc\u0131\u2019ya te\u015fekk\u00fcr etti. Avc\u0131, kendisiyle \u00f6zde\u015fle\u015fen Karadeniz ezgileri ile de geceye renk katt\u0131. Feslikan Yaylas\u0131\u2019n\u0131 \u00e7ok sevdi\u011fini s\u00f6yleyen Koray Avc\u0131, Feslikan\u2019da bir ev sahibi olmak ve Konyaalt\u0131l\u0131lar\u0131n hem\u015fehrisi olmak istedi\u011fini de dile getirdi. Ba\u015fkan B\u00f6cek gecenin sonunda Koray Avc\u0131\u2019ya festivale renk katt\u0131\u011f\u0131 i\u00e7in te\u015fekk\u00fcr etti. Ba\u015fkan B\u00f6cek Avc\u0131\u2019ya \u201cBu hediyeleri Mavi g\u00f6zl\u00fc dev adam\u0131n sevenleri ad\u0131na, Antalyal\u0131 hem\u015fehrilerim ad\u0131na veriyorum\u201d diyerek \u00e7i\u00e7ek ve D\u00f6\u015femealt\u0131 hal\u0131s\u0131 hediye etti.<\/p>\n\n\n\n<p>HAVA\u0130 F\u0130\u015eEK G\u00d6STER\u0130S\u0130 B\u00dcY\u00dcLED\u0130<\/p>\n\n\n\n<p>Koray Avc\u0131 gecenin finalini elinde T\u00fcrk Bayra\u011f\u0131 ile binlerce Antalyal\u0131yla birlikte seslendirdi\u011fi \u0130zmir Mar\u015f\u0131 ile yapt\u0131. Feslikan Yaylas\u0131 Yaz \u015eenlikleri\u2019nin ilk g\u00fcn\u00fc dakikalarca s\u00fcren havai fi\u015fek g\u00f6sterileri ile son buldu. G\u00f6ky\u00fcz\u00fcn\u00fc rengarenk kaplayan havai fi\u015fek g\u00f6sterisi ilgiyle izlendi.&nbsp;<\/p>\n\n\n\n<p>Antalya B\u00fcy\u00fck\u015fehir Belediyesi \/ B\u00fclten<\/p>\n","protected":false},"excerpt":{"rendered":"<p>Antalya B\u00fcy\u00fck\u015fehir Belediyesi ve Konyaalt\u0131 Belediyesi i\u015f birli\u011finde bu y\u0131l 26\u2019nc\u0131s\u0131 d\u00fczenlenen Feslikan Yaylas\u0131 Yaz \u015eenlikleri b\u00fcy\u00fck bir co\u015fkuya sahne oldu. Koray Avc\u0131 ve Nazl\u0131 <a href=\"https:\/\/akdenizhaber.com.tr\/index.php\/2024\/08\/05\/feslikan-yaylasinda-festival-coskusu\/\" class=\"read-more-link\">[more&#8230;]<\/a><\/p>\n","protected":false},"author":2,"featured_media":25360,"comment_status":"open","ping_status":"open","sticky":false,"template":"","format":"standard","meta":{"footnotes":""},"categories":[2],"tags":[],"class_list":["post-25359","post","type-post","status-publish","format-standard","has-post-thumbnail","hentry","category-gundem"],"_links":{"self":[{"href":"https:\/\/akdenizhaber.com.tr\/index.php\/wp-json\/wp\/v2\/posts\/25359","targetHints":{"allow":["GET"]}}],"collection":[{"href":"https:\/\/akdenizhaber.com.tr\/index.php\/wp-json\/wp\/v2\/posts"}],"about":[{"href":"https:\/\/akdenizhaber.com.tr\/index.php\/wp-json\/wp\/v2\/types\/post"}],"author":[{"embeddable":true,"href":"https:\/\/akdenizhaber.com.tr\/index.php\/wp-json\/wp\/v2\/users\/2"}],"replies":[{"embeddable":true,"href":"https:\/\/akdenizhaber.com.tr\/index.php\/wp-json\/wp\/v2\/comments?post=25359"}],"version-history":[{"count":1,"href":"https:\/\/akdenizhaber.com.tr\/index.php\/wp-json\/wp\/v2\/posts\/25359\/revisions"}],"predecessor-version":[{"id":25362,"href":"https:\/\/akdenizhaber.com.tr\/index.php\/wp-json\/wp\/v2\/posts\/25359\/revisions\/25362"}],"wp:featuredmedia":[{"embeddable":true,"href":"https:\/\/akdenizhaber.com.tr\/index.php\/wp-json\/wp\/v2\/media\/25360"}],"wp:attachment":[{"href":"https:\/\/akdenizhaber.com.tr\/index.php\/wp-json\/wp\/v2\/media?parent=25359"}],"wp:term":[{"taxonomy":"category","embeddable":true,"href":"https:\/\/akdenizhaber.com.tr\/index.php\/wp-json\/wp\/v2\/categories?post=25359"},{"taxonomy":"post_tag","embeddable":true,"href":"https:\/\/akdenizhaber.com.tr\/index.php\/wp-json\/wp\/v2\/tags?post=25359"}],"curies":[{"name":"wp","href":"https:\/\/api.w.org\/{rel}","templated":true}]}}