{"id":25355,"date":"2024-08-05T14:38:34","date_gmt":"2024-08-05T11:38:34","guid":{"rendered":"https:\/\/akdenizhaber.com.tr\/?p=25355"},"modified":"2024-08-05T14:38:35","modified_gmt":"2024-08-05T11:38:35","slug":"palandoken-kendi-kendine-yeten-sehirler-beton-yigini-oldu","status":"publish","type":"post","link":"https:\/\/akdenizhaber.com.tr\/index.php\/2024\/08\/05\/palandoken-kendi-kendine-yeten-sehirler-beton-yigini-oldu\/","title":{"rendered":"Paland\u00f6ken, \u201cKendi Kendine Yeten \u015eehirler Beton Y\u0131\u011f\u0131n\u0131 Oldu\u201d"},"content":{"rendered":"\n<hr class=\"wp-block-separator has-alpha-channel-opacity\"\/>\n\n\n\n<p>TESK Genel Ba\u015fkan\u0131 Bendevi Paland\u00f6ken, Yaz d\u00f6neminde \u00f6zellikle meyve sebze fiyatlar\u0131n\u0131n d\u00fc\u015fmesi gerekirken y\u00fckseldi\u011fine dikkat \u00e7ekti.<\/p>\n\n\n\n<p>Paland\u00f6ken; \u201cYaz ay\u0131nda do\u011falgaza zam geldi. Bundan sonraki s\u00fcre\u00e7te elektrik, do\u011falgaz, petrol gibi \u00fcr\u00fcnlere zam yap\u0131ld\u0131k\u00e7a enflasyon muhakkak artar. Ama sorun bu yaz mevsiminde fiyatlar\u0131n d\u00fc\u015fmemesi ve navlun hizmetlerinin y\u00fckselmesi gibi bir sorun var. \u00d6zel bir akaryak\u0131t\u0131n ticari ara\u00e7lara taksi, dolmu\u015f, minib\u00fcs, otob\u00fcs, kamyon, t\u0131r gibi vas\u0131talara verilmemesinden kaynaklanan bir navlun maliyetleri \u00e7\u0131kt\u0131 ortaya. Dolay\u0131s\u0131yla vatanda\u015f yaz aylar\u0131nda her \u015feyin ucuzlayaca\u011f\u0131n\u0131 beklerken fiyatlar\u0131n artmas\u0131 ger\u00e7ekten d\u00fc\u015f\u00fcnd\u00fcr\u00fcc\u00fc. \u00d6te yandan dengesiz fiyat politikalar\u0131 da \u00fcr\u00fcn fiyatlar\u0131n\u0131 art\u0131r\u0131yor. Bir pazarda 20 TL olan domatesin ba\u015fka bir pazarda 40 TL&#8217;ye sat\u0131lmas\u0131 hem haks\u0131z bir rekabet olu\u015fturuyor hem de vatanda\u015f\u0131m\u0131z\u0131n cebini yak\u0131yor\u201d&nbsp;dedi.<\/p>\n\n\n\n<p>\u201cT\u00dcKET\u0130MDEN \u00dcRET\u0130M TOPLUMUNA GE\u00c7MEL\u0130Y\u0130Z\u201d<\/p>\n\n\n\n<p>\u00dclkemizin en \u00f6nemli sorunu olan y\u00fcksek enflasyonun d\u00fc\u015fmesinin ancak \u00fcretimin artmas\u0131 ile m\u00fcmk\u00fcn olaca\u011f\u0131n\u0131 s\u00f6yleyen&nbsp;T\u00fcrkiye Esnaf ve Sanatk\u00e2rlar\u0131 Konfederasyonu (TESK)&nbsp; Genel Ba\u015fkan\u0131 Bendevi Paland\u00f6ken,&nbsp;\u201cFiyatlar\u0131n gerileyebilmesi i\u00e7in ba\u015fta \u00fcretimin artmas\u0131 laz\u0131m ama \u00fcretimi art\u0131racak alan kalmad\u0131. B\u00fcy\u00fck\u015fehirlerin etraf\u0131 beton y\u0131\u011f\u0131n\u0131 oldu. Kendi kendine b\u00fcy\u00fck \u015fehirler b\u00fcy\u00fck\u015fehir stat\u00fcs\u00fcn\u00fcn d\u0131\u015f\u0131ndaki \u015fehirler ve il\u00e7eler imara a\u00e7\u0131lmak suretiyle tar\u0131m arazileri \u00fcretimi netice itibariyle sonland\u0131rma noktas\u0131na getirdi. \u0130nsanlar\u0131n art\u0131k kendi yak\u0131nlar\u0131nda, kendi \u00e7evresinde navlun \u00fccreti ucuz ama kendi bah\u00e7eleri beton y\u0131\u011f\u0131n\u0131 oldu. Dolay\u0131s\u0131yla fiyatlar\u0131n d\u00fc\u015fmesini beklemek de biraz zor olacak. Bunun i\u00e7in yap\u0131lmas\u0131 gereken b\u00fcy\u00fck\u015fehirlerin, belediyelerin bu konuda duyarl\u0131 olmas\u0131 laz\u0131m. Kendi tar\u0131m arazilerinin Tar\u0131m Bakanl\u0131\u011f\u0131 ile birlikte koordine etmek suretiyle en az\u0131ndan orada yeti\u015febilecek sebze meyve gibi \u015feylerin en yak\u0131n mesafeden temini laz\u0131m. Bir de bildi\u011finiz \u00fczere \u015fehir n\u00fcfusu artt\u0131k\u00e7a k\u0131rsal kesimde ya\u015fayan veya k\u00f6yde ya\u015fayanlar\u0131n say\u0131s\u0131 \u00e7ok azald\u0131. Yani \u00fcretici bir toplum netice itibariyle t\u00fcketici bir toplum haline d\u00f6n\u00fc\u015ft\u00fc. Her \u015feyin fiyat\u0131 g\u00fcn ge\u00e7tik\u00e7e art\u0131yor ama maalesef insanlar da bu artan zamlarla \u00fccretlerin artmas\u0131n\u0131 bekliyor\u201d&nbsp;diye konu\u015ftu.<\/p>\n\n\n\n<p>\u201cLOKOMOT\u0130F DURUMDA OLAN ZAMLARIN DURMASI LAZIM\u201d<\/p>\n\n\n\n<p>\u00dcretimin art\u0131r\u0131lmas\u0131 i\u00e7in at\u0131lacak somut ad\u0131mlar\u0131n ekonominin yeniden yap\u0131land\u0131r\u0131lmas\u0131na olanak sa\u011flayaca\u011f\u0131n\u0131 belirten Paland\u00f6ken,&nbsp;\u201cPe\u015finen gelen zamlar hem de kontroll\u00fc zam dedi\u011fimiz elektrik, do\u011falgaz, akaryak\u0131t denetleme kurulundan ge\u00e7en zamlar bunlar yap\u0131l\u0131rsa gayr\u0131 ihtiyari art\u0131k herkes zam yapma furyas\u0131na dahil oluyor. Bunun i\u00e7in yap\u0131lacak \u015fey enflasyon d\u00fc\u015f\u00fcr\u00fclecek. En az\u0131ndan ciddi lokomotif durumunda olan zamlar\u0131n durmas\u0131 laz\u0131m. Toplumun bu konuda olan duyarl\u0131l\u0131\u011f\u0131 \u00e7ok \u00f6nemli. \u0130srafa dikkat etti\u011fi gibi, nakliye ara\u00e7lar\u0131n\u0131n da bunun gibi tarladan sofraya kadar firesi az bir \u015fekilde getirmesinin gereklili\u011fi var. Vatanda\u015f da bir taraftan zamlar\u0131 d\u00fc\u015f\u00fcn\u00fcyor bir taraftan esnaf ne yapaca\u011f\u0131z bu fiyatlar kar\u015f\u0131s\u0131nda sat\u0131\u015f durdu diyor. Di\u011fer taraftan tabi gelir durumlar\u0131ndaki bu \u00fccretlere yeti\u015fme s\u0131k\u0131nt\u0131s\u0131 da g\u00fcn ge\u00e7tik\u00e7e b\u00fcy\u00fcyor. \u0130n\u015fallah bir an evvel bu s\u00f6yledi\u011fim \u015fartlar, tar\u0131msal destekler, hem \u00e7ift\u00e7iye, hem bireysel i\u015fletmelere artarak entegre tesislerle yar\u0131\u015facak bir hale gelmedi\u011fi s\u00fcrece fiyatlar\u0131n d\u00fc\u015fmesini beklemek m\u00fcmk\u00fcn de\u011fil. Her g\u00fcn artan fiyatlar kar\u015f\u0131s\u0131nda vatanda\u015f ne yapaca\u011f\u0131z, esnaf nas\u0131l rafa mal koyaca\u011f\u0131z, vatanda\u015f nas\u0131l yiyece\u011fiz diyor. Bunun i\u00e7in yap\u0131lacak tedbirler belli\u201d&nbsp;\u015feklinde konu\u015ftu.<\/p>\n\n\n\n<p>T\u00fcrkiye Esnaf ve Sanatkarlar\u0131 Konfederasyonu \/ B\u00fclten<\/p>\n","protected":false},"excerpt":{"rendered":"<p>TESK Genel Ba\u015fkan\u0131 Bendevi Paland\u00f6ken, Yaz d\u00f6neminde \u00f6zellikle meyve sebze fiyatlar\u0131n\u0131n d\u00fc\u015fmesi gerekirken y\u00fckseldi\u011fine dikkat \u00e7ekti. Paland\u00f6ken; \u201cYaz ay\u0131nda do\u011falgaza zam geldi. Bundan sonraki s\u00fcre\u00e7te <a href=\"https:\/\/akdenizhaber.com.tr\/index.php\/2024\/08\/05\/palandoken-kendi-kendine-yeten-sehirler-beton-yigini-oldu\/\" class=\"read-more-link\">[more&#8230;]<\/a><\/p>\n","protected":false},"author":2,"featured_media":25356,"comment_status":"open","ping_status":"open","sticky":false,"template":"","format":"standard","meta":{"footnotes":""},"categories":[2],"tags":[],"class_list":["post-25355","post","type-post","status-publish","format-standard","has-post-thumbnail","hentry","category-gundem"],"_links":{"self":[{"href":"https:\/\/akdenizhaber.com.tr\/index.php\/wp-json\/wp\/v2\/posts\/25355","targetHints":{"allow":["GET"]}}],"collection":[{"href":"https:\/\/akdenizhaber.com.tr\/index.php\/wp-json\/wp\/v2\/posts"}],"about":[{"href":"https:\/\/akdenizhaber.com.tr\/index.php\/wp-json\/wp\/v2\/types\/post"}],"author":[{"embeddable":true,"href":"https:\/\/akdenizhaber.com.tr\/index.php\/wp-json\/wp\/v2\/users\/2"}],"replies":[{"embeddable":true,"href":"https:\/\/akdenizhaber.com.tr\/index.php\/wp-json\/wp\/v2\/comments?post=25355"}],"version-history":[{"count":1,"href":"https:\/\/akdenizhaber.com.tr\/index.php\/wp-json\/wp\/v2\/posts\/25355\/revisions"}],"predecessor-version":[{"id":25357,"href":"https:\/\/akdenizhaber.com.tr\/index.php\/wp-json\/wp\/v2\/posts\/25355\/revisions\/25357"}],"wp:featuredmedia":[{"embeddable":true,"href":"https:\/\/akdenizhaber.com.tr\/index.php\/wp-json\/wp\/v2\/media\/25356"}],"wp:attachment":[{"href":"https:\/\/akdenizhaber.com.tr\/index.php\/wp-json\/wp\/v2\/media?parent=25355"}],"wp:term":[{"taxonomy":"category","embeddable":true,"href":"https:\/\/akdenizhaber.com.tr\/index.php\/wp-json\/wp\/v2\/categories?post=25355"},{"taxonomy":"post_tag","embeddable":true,"href":"https:\/\/akdenizhaber.com.tr\/index.php\/wp-json\/wp\/v2\/tags?post=25355"}],"curies":[{"name":"wp","href":"https:\/\/api.w.org\/{rel}","templated":true}]}}