{"id":25351,"date":"2024-08-05T14:37:32","date_gmt":"2024-08-05T11:37:32","guid":{"rendered":"https:\/\/akdenizhaber.com.tr\/?p=25351"},"modified":"2024-08-05T14:37:32","modified_gmt":"2024-08-05T11:37:32","slug":"konsem-genclerin-yaninda","status":"publish","type":"post","link":"https:\/\/akdenizhaber.com.tr\/index.php\/2024\/08\/05\/konsem-genclerin-yaninda\/","title":{"rendered":"KONSEM, gen\u00e7lerin yan\u0131nda"},"content":{"rendered":"\n<p>Konyaalt\u0131 Belediyesi, \u00fcniversite tercihlerini yapan gen\u00e7leri yaln\u0131z b\u0131rakmad\u0131. \u00d6\u011frenciler YKS tercihlerinde KONSEM\u2019in uzman e\u011fitmenlerinden rehberlik hizmeti ald\u0131.<\/p>\n\n\n\n<p>Konyaalt\u0131 Belediyesi b\u00fcnyesinde hizmet veren Konyaalt\u0131 Sanat E\u011fitim Merkezi (KONSEM) G\u00fcrsu Et\u00fct Merkezi, Y\u00fcksek\u00f6\u011fretim Kurumlar\u0131 S\u0131nav\u0131 (YKS) ve Liselere Giri\u015f S\u0131nav\u0131 (LGS) s\u0131nav\u0131na giren \u00f6\u011frencilere \u00fccretsiz e\u011fitim deste\u011fi veriyor. KONSEM e\u011fitmenleri ayr\u0131ca \u00f6\u011frencileri tercihleri s\u0131ras\u0131nda da yaln\u0131z b\u0131rakm\u0131yor.&nbsp;<\/p>\n\n\n\n<p>REHBERL\u0130K H\u0130ZMET\u0130&nbsp;<\/p>\n\n\n\n<p>YKS tercih d\u00f6neminde \u00f6\u011frencilere yard\u0131mc\u0131 olan KONSEM \u00f6\u011fretmenleri, \u00f6\u011frencilerle tek tek ilgilenerek, istedikleri okullara yerle\u015fmeleri noktas\u0131nda onlara rehberlik hizmeti verdi. KONSEM ile \u00fcniversite s\u0131nav\u0131na haz\u0131rland\u0131\u011f\u0131n\u0131, s\u0131nav sonras\u0131nda da \u00f6\u011fretmenlerinin kendilerini yaln\u0131z b\u0131rakmad\u0131\u011f\u0131n\u0131 anlatan KONSEM \u00f6\u011frencilerinden Yusuf \u00c7ilbiro\u011flu, \u201cKONSEM sayesinde s\u0131navdan iyi bir puan ald\u0131m. \u015eimdi de \u00fcniversite tercihlerimi yapmak i\u00e7in buraya geldim. Sa\u011f olsun \u00f6\u011fretmenlerimiz bizlere \u00e7ok yard\u0131mc\u0131 oluyor. G\u00fczel bir b\u00f6l\u00fcm kazanmak istiyorum\u201d dedi.<\/p>\n\n\n\n<p>Konyaalt\u0131 Belediyesi \/ B\u00fclten<\/p>\n","protected":false},"excerpt":{"rendered":"<p>Konyaalt\u0131 Belediyesi, \u00fcniversite tercihlerini yapan gen\u00e7leri yaln\u0131z b\u0131rakmad\u0131. \u00d6\u011frenciler YKS tercihlerinde KONSEM\u2019in uzman e\u011fitmenlerinden rehberlik hizmeti ald\u0131. Konyaalt\u0131 Belediyesi b\u00fcnyesinde hizmet veren Konyaalt\u0131 Sanat E\u011fitim <a href=\"https:\/\/akdenizhaber.com.tr\/index.php\/2024\/08\/05\/konsem-genclerin-yaninda\/\" class=\"read-more-link\">[more&#8230;]<\/a><\/p>\n","protected":false},"author":2,"featured_media":25352,"comment_status":"open","ping_status":"open","sticky":false,"template":"","format":"standard","meta":{"footnotes":""},"categories":[2],"tags":[],"class_list":["post-25351","post","type-post","status-publish","format-standard","has-post-thumbnail","hentry","category-gundem"],"_links":{"self":[{"href":"https:\/\/akdenizhaber.com.tr\/index.php\/wp-json\/wp\/v2\/posts\/25351","targetHints":{"allow":["GET"]}}],"collection":[{"href":"https:\/\/akdenizhaber.com.tr\/index.php\/wp-json\/wp\/v2\/posts"}],"about":[{"href":"https:\/\/akdenizhaber.com.tr\/index.php\/wp-json\/wp\/v2\/types\/post"}],"author":[{"embeddable":true,"href":"https:\/\/akdenizhaber.com.tr\/index.php\/wp-json\/wp\/v2\/users\/2"}],"replies":[{"embeddable":true,"href":"https:\/\/akdenizhaber.com.tr\/index.php\/wp-json\/wp\/v2\/comments?post=25351"}],"version-history":[{"count":1,"href":"https:\/\/akdenizhaber.com.tr\/index.php\/wp-json\/wp\/v2\/posts\/25351\/revisions"}],"predecessor-version":[{"id":25353,"href":"https:\/\/akdenizhaber.com.tr\/index.php\/wp-json\/wp\/v2\/posts\/25351\/revisions\/25353"}],"wp:featuredmedia":[{"embeddable":true,"href":"https:\/\/akdenizhaber.com.tr\/index.php\/wp-json\/wp\/v2\/media\/25352"}],"wp:attachment":[{"href":"https:\/\/akdenizhaber.com.tr\/index.php\/wp-json\/wp\/v2\/media?parent=25351"}],"wp:term":[{"taxonomy":"category","embeddable":true,"href":"https:\/\/akdenizhaber.com.tr\/index.php\/wp-json\/wp\/v2\/categories?post=25351"},{"taxonomy":"post_tag","embeddable":true,"href":"https:\/\/akdenizhaber.com.tr\/index.php\/wp-json\/wp\/v2\/tags?post=25351"}],"curies":[{"name":"wp","href":"https:\/\/api.w.org\/{rel}","templated":true}]}}