{"id":25341,"date":"2024-08-05T14:31:32","date_gmt":"2024-08-05T11:31:32","guid":{"rendered":"https:\/\/akdenizhaber.com.tr\/?p=25341"},"modified":"2024-08-05T14:31:33","modified_gmt":"2024-08-05T11:31:33","slug":"cicek-festivali-hazirliklari-basladi","status":"publish","type":"post","link":"https:\/\/akdenizhaber.com.tr\/index.php\/2024\/08\/05\/cicek-festivali-hazirliklari-basladi\/","title":{"rendered":"\u00c7i\u00e7ek Festivali haz\u0131rl\u0131klar\u0131 ba\u015flad\u0131"},"content":{"rendered":"\n<p>Muratpa\u015fa Belediyesi, Antalya sokaklar\u0131n\u0131 ve parklar\u0131n\u0131 adeta bir \u00e7i\u00e7ek hal\u0131s\u0131na d\u00f6n\u00fc\u015ft\u00fcrecek &#8216;\u00c7i\u00e7ek Desenleri Festivali&#8217;nin haz\u0131rl\u0131klar\u0131na ba\u015flad\u0131. May\u0131s ay\u0131nda ger\u00e7ekle\u015fecek bu renkli festivalde, liselerden gelen gruplar en g\u00fczel \u00e7i\u00e7ek desenini olu\u015fturmak i\u00e7in yar\u0131\u015facak.<\/p>\n\n\n\n<p>Kesme \u00e7i\u00e7ek sekt\u00f6r\u00fcnde lider olan Antalya, Muratpa\u015fa Belediyesi\u2019nin bu yeni festivaliyle \u00e7i\u00e7eklerin muhte\u015fem g\u00fczelliklerini sergileyecek. Gelecek y\u0131l may\u0131s ay\u0131nda yap\u0131lmas\u0131 planlanan festival i\u00e7in belediyenin sera ve bitki \u00fcretim tesislerinde rengarenk \u00e7i\u00e7eklerin yeti\u015ftirilmesi i\u00e7in tohumlar at\u0131ld\u0131.<br><br>Muratpa\u015fa Belediye Ba\u015fkan\u0131 \u00dcmit Uysal, en g\u00fczel \u00e7i\u00e7ek desenin se\u00e7ilece\u011fi festivalde liselerden birer resim \u00f6\u011fretmenin rehberli\u011finde 10\u2019ar ki\u015filik 25 \u00f6\u011frenci grubunun yar\u0131\u015faca\u011f\u0131n\u0131 belirtti. En g\u00fczel \u00e7i\u00e7ek desenini olu\u015fturmak i\u00e7in m\u00fccadele edecek bu gruplar\u0131n ba\u015fvurular\u0131 2 Eyl\u00fcl\u2019de a\u00e7\u0131lacak ve 18 Ekim\u2019de sona erecek. Ba\u015fvurular, belediyenin internet sitesi \u00fczerinden yap\u0131lacak ve ba\u015fvuru s\u0131ras\u0131nda uygulanacak desenin eskizleri de sunulacak.<br><br>Ba\u015fvurular tamamland\u0131ktan sonra, 30 y\u0131l\u0131 a\u015fk\u0131n s\u00fcredir \u00e7i\u00e7ek festivali ger\u00e7ekle\u015ftiren Sicilya\u2019n\u0131n UNESCO D\u00fcnya Miras\u0131 Listesi\u2019nde yer alan Noto kentinden bir heyet Antalya\u2019ya gelecek. Deneyimli heyet, yar\u0131\u015fmaya se\u00e7ilen gruplarla birlikte desenleri \u00e7al\u0131\u015farak \u00f6\u011frencilere rehberlik edecek.<\/p>\n\n\n\n<p>Muratpa\u015fa Belediyesi \/ B\u00fclten<\/p>\n","protected":false},"excerpt":{"rendered":"<p>Muratpa\u015fa Belediyesi, Antalya sokaklar\u0131n\u0131 ve parklar\u0131n\u0131 adeta bir \u00e7i\u00e7ek hal\u0131s\u0131na d\u00f6n\u00fc\u015ft\u00fcrecek &#8216;\u00c7i\u00e7ek Desenleri Festivali&#8217;nin haz\u0131rl\u0131klar\u0131na ba\u015flad\u0131. May\u0131s ay\u0131nda ger\u00e7ekle\u015fecek bu renkli festivalde, liselerden gelen gruplar <a href=\"https:\/\/akdenizhaber.com.tr\/index.php\/2024\/08\/05\/cicek-festivali-hazirliklari-basladi\/\" class=\"read-more-link\">[more&#8230;]<\/a><\/p>\n","protected":false},"author":2,"featured_media":25342,"comment_status":"open","ping_status":"open","sticky":false,"template":"","format":"standard","meta":{"footnotes":""},"categories":[2],"tags":[],"class_list":["post-25341","post","type-post","status-publish","format-standard","has-post-thumbnail","hentry","category-gundem"],"_links":{"self":[{"href":"https:\/\/akdenizhaber.com.tr\/index.php\/wp-json\/wp\/v2\/posts\/25341","targetHints":{"allow":["GET"]}}],"collection":[{"href":"https:\/\/akdenizhaber.com.tr\/index.php\/wp-json\/wp\/v2\/posts"}],"about":[{"href":"https:\/\/akdenizhaber.com.tr\/index.php\/wp-json\/wp\/v2\/types\/post"}],"author":[{"embeddable":true,"href":"https:\/\/akdenizhaber.com.tr\/index.php\/wp-json\/wp\/v2\/users\/2"}],"replies":[{"embeddable":true,"href":"https:\/\/akdenizhaber.com.tr\/index.php\/wp-json\/wp\/v2\/comments?post=25341"}],"version-history":[{"count":1,"href":"https:\/\/akdenizhaber.com.tr\/index.php\/wp-json\/wp\/v2\/posts\/25341\/revisions"}],"predecessor-version":[{"id":25343,"href":"https:\/\/akdenizhaber.com.tr\/index.php\/wp-json\/wp\/v2\/posts\/25341\/revisions\/25343"}],"wp:featuredmedia":[{"embeddable":true,"href":"https:\/\/akdenizhaber.com.tr\/index.php\/wp-json\/wp\/v2\/media\/25342"}],"wp:attachment":[{"href":"https:\/\/akdenizhaber.com.tr\/index.php\/wp-json\/wp\/v2\/media?parent=25341"}],"wp:term":[{"taxonomy":"category","embeddable":true,"href":"https:\/\/akdenizhaber.com.tr\/index.php\/wp-json\/wp\/v2\/categories?post=25341"},{"taxonomy":"post_tag","embeddable":true,"href":"https:\/\/akdenizhaber.com.tr\/index.php\/wp-json\/wp\/v2\/tags?post=25341"}],"curies":[{"name":"wp","href":"https:\/\/api.w.org\/{rel}","templated":true}]}}